{"id":295283,"date":"2026-07-07T01:29:23","date_gmt":"2026-07-07T01:29:23","guid":{"rendered":"https:\/\/www.europesays.com\/fi\/295283\/"},"modified":"2026-07-07T01:29:23","modified_gmt":"2026-07-07T01:29:23","slug":"maanviljelijat-kertovat-ahdingosta-yli-puolet-aikoo-vahentaa-lannoitteiden-ostoa","status":"publish","type":"post","link":"https:\/\/www.europesays.com\/fi\/295283\/","title":{"rendered":"Maanviljelij\u00e4t kertovat ahdingosta \u2013 yli puolet aikoo v\u00e4hent\u00e4\u00e4 lannoitteiden ostoa"},"content":{"rendered":"<p class=\"teksti\">Suomalaisten maatilojen taloudellinen tilanne n\u00e4ytt\u00e4\u00e4 kyselyn perusteella haastavalta. Maa- ja mets\u00e4taloustuottajain Keskusliitto MTK:n <a href=\"https:\/\/www.mtk.fi\/-\/kasvukausikysely-2026\" target=\"_blank\" rel=\"noopener nofollow\">kyselyss\u00e4<\/a> joka toinen viljelij\u00e4 arvioi tilansa taloudellisen tilanteen tavanomaista heikommaksi. <\/p>\n<p class=\"teksti\">Vastausten perusteella tuotantopanosten, kuten lannoitteiden, korkea hintataso n\u00e4kyy yh\u00e4 selvemmin tilojen ratkaisuissa. L\u00e4hes kolme nelj\u00e4st\u00e4 vastaajasta arvioi tuotantopanosten hintojen vaikuttaneen viljelysuunnitelmiin tai -p\u00e4\u00e4t\u00f6ksiin. <\/p>\n<p class=\"teksti\">Vastauksissa korostuivat tuotantopanosten k\u00e4yt\u00f6n v\u00e4hent\u00e4minen, typensitojakasvien viljelyn lis\u00e4\u00e4minen sek\u00e4 siirtyminen aiempaa v\u00e4hemm\u00e4n panoksia vaativiin viljelyratkaisuihin.<\/p>\n<p class=\"teksti\">Yli puolet arvioi lannoitteiden ostom\u00e4\u00e4riens\u00e4 v\u00e4henev\u00e4n aiempiin vuosiin verrattuna. Avoimissa vastauksissa nousivat esiin erityisesti lannoitteiden korkea hintataso, tilojen kassatilanne sek\u00e4 maatalouden heikko kannattavuus.<\/p>\n<p>Jatkuu mainoksen j\u00e4lkeen <\/p>\n<p> Mainos p\u00e4\u00e4ttyy<\/p>\n<p class=\"teksti\">\u2013\u2009Vaikka kasvukausi on monin paikoin edennyt kohtuullisesti ja saton\u00e4kym\u00e4t ovat paikoin hyv\u00e4t, viljelij\u00f6iden viesti on yksiselitteinen: hyv\u00e4 sato ei pelasta tilan taloutta, jos tuotanto ei ole taloudellisesti kest\u00e4v\u00e4\u00e4, sanoo MTK:n maatalousjohtaja Johan \u00c5berg tiedotteessa.<\/p>\n<p class=\"teksti\">Hiljattain kerrottiin, ett\u00e4 Ven\u00e4j\u00e4n p\u00e4\u00e4t\u00f6s kahdeksankertaistaa Suomeen tulevien rautatiekuljetusten tullimaksut lopettaa ven\u00e4l\u00e4islannoitteiden tuonnin Suomeen ja nostaa lannoitteiden hintoja. My\u00f6s L\u00e4hi-id\u00e4n sota on kirist\u00e4nyt lannoitemarkkinoiden tilannetta.<\/p>\n<p class=\"teksti\">MTK:n ja toisen tuottajaj\u00e4rjest\u00f6n SLC:n kasvukausikyselyyn vastasi kes\u00e4kuussa reilut 1\u2009200 viljelij\u00e4\u00e4. Vastaajat edustivat kattavasti eri tuotantosuuntia ja alueita. <\/p>\n","protected":false},"excerpt":{"rendered":"Suomalaisten maatilojen taloudellinen tilanne n\u00e4ytt\u00e4\u00e4 kyselyn perusteella haastavalta. Maa- ja mets\u00e4taloustuottajain Keskusliitto MTK:n kyselyss\u00e4 joka toinen viljelij\u00e4 arvioi&hellip;\n","protected":false},"author":2,"featured_media":295284,"comment_status":"","ping_status":"","sticky":false,"template":"","format":"standard","meta":{"footnotes":"","_share_on_mastodon":"0"},"categories":[76],"tags":[79,77,33,31,30,71,10579,1445,32,78,38952,16,547],"class_list":["post-295283","post","type-post","status-publish","format-standard","has-post-thumbnail","category-talous","tag-business","tag-economy","tag-fi","tag-finland","tag-finnish","tag-kotimaa","tag-maanviljely","tag-maatalous","tag-suomi","tag-talous","tag-tullimaksut","tag-uutiset","tag-venaja"],"share_on_mastodon":{"url":"https:\/\/pubeurope.com\/@fi\/116876107599915775","error":""},"_links":{"self":[{"href":"https:\/\/www.europesays.com\/fi\/wp-json\/wp\/v2\/posts\/295283","targetHints":{"allow":["GET"]}}],"collection":[{"href":"https:\/\/www.europesays.com\/fi\/wp-json\/wp\/v2\/posts"}],"about":[{"href":"https:\/\/www.europesays.com\/fi\/wp-json\/wp\/v2\/types\/post"}],"author":[{"embeddable":true,"href":"https:\/\/www.europesays.com\/fi\/wp-json\/wp\/v2\/users\/2"}],"replies":[{"embeddable":true,"href":"https:\/\/www.europesays.com\/fi\/wp-json\/wp\/v2\/comments?post=295283"}],"version-history":[{"count":0,"href":"https:\/\/www.europesays.com\/fi\/wp-json\/wp\/v2\/posts\/295283\/revisions"}],"wp:featuredmedia":[{"embeddable":true,"href":"https:\/\/www.europesays.com\/fi\/wp-json\/wp\/v2\/media\/295284"}],"wp:attachment":[{"href":"https:\/\/www.europesays.com\/fi\/wp-json\/wp\/v2\/media?parent=295283"}],"wp:term":[{"taxonomy":"category","embeddable":true,"href":"https:\/\/www.europesays.com\/fi\/wp-json\/wp\/v2\/categories?post=295283"},{"taxonomy":"post_tag","embeddable":true,"href":"https:\/\/www.europesays.com\/fi\/wp-json\/wp\/v2\/tags?post=295283"}],"curies":[{"name":"wp","href":"https:\/\/api.w.org\/{rel}","templated":true}]}}