{"id":295441,"date":"2026-07-07T06:44:09","date_gmt":"2026-07-07T06:44:09","guid":{"rendered":"https:\/\/www.europesays.com\/fi\/295441\/"},"modified":"2026-07-07T06:44:09","modified_gmt":"2026-07-07T06:44:09","slug":"ukraina-venajan-iskut-surmasivat-maanantaina-30-ihmista-kiovan-alueella-uutissuomalainen","status":"publish","type":"post","link":"https:\/\/www.europesays.com\/fi\/295441\/","title":{"rendered":"Ukraina: Ven\u00e4j\u00e4n iskut surmasivat maanantaina 30 ihmist\u00e4 Kiovan alueella | Uutissuomalainen"},"content":{"rendered":"<p>Ven\u00e4j\u00e4n iskut surmasivat maanantaina 30 ihmist\u00e4 Kiovan alueella, kertoivat ukrainalaiset viranomaiset.<\/p>\n<p>Iskut tapahtuivat keskiviikkona Turkissa alkavan Naton huippukokouksen alla ja vain muutamia p\u00e4ivi\u00e4 sen j\u00e4lkeen, kun toinen Ven\u00e4j\u00e4n isku surmasi yli 30 ihmist\u00e4 Kiovassa.<\/p>\n<p>Presidentti Volodymyr Zelenskyi tuomitsi &#8221;raakalaismaisen iskun&#8221; ja sanoi, ett\u00e4 &#8221;ven\u00e4l\u00e4isten taktiikka ei ole muuttunut: aiheuttaa ukrainalaisille ja Ukrainalle mahdollisimman paljon k\u00e4rsimyst\u00e4 ja tuhoa&#8221;.<\/p>\n<p>Zelenskyi vetosi liittolaisiin Ukrainan ilmapuolustuksen vahvistamiseksi Ven\u00e4j\u00e4n ballistisia ohjuksia vastaan. H\u00e4n kehotti liittolaisia tekem\u00e4\u00e4n sotilasliitto Naton huippukokouksessa Ankarassa vahvoja p\u00e4\u00e4t\u00f6ksi\u00e4 Ukrainan ilmapuolustuksen tukemiseksi.<\/p>\n<p>Zelenskyi tapaa Yhdysvaltain presidentti Donald Trumpin keskiviikkona Naton huippukokouksen yhteydess\u00e4.<\/p>\n<p>Viranomaisten mukaan noin 30 asuinrakennusta vaurioitui Kiovassa. Kiovalainen Oleksandr Seleznjov arvioi sodan siirtyneen uuteen vaiheeseen.<\/p>\n<p>\u2013\u2009Uskon, ett\u00e4 ven\u00e4l\u00e4iset haluavat tehd\u00e4 Kiovasta siviileille asumiskelvottoman.<\/p>\n<p>\t\t\t\tUkraina iski \u00f6ljynjalostamoon<\/p>\n<p>Ukraina puolestaan laukaisi maanantain ja tiistain v\u00e4lisen\u00e4 y\u00f6n\u00e4 yli 400 droonia kohti Ven\u00e4j\u00e4\u00e4. Iskut surmasivat ven\u00e4l\u00e4isviranomaisten mukaan yhden ihmisen Ven\u00e4j\u00e4n Belgorodin alueella.<\/p>\n<p>Ukrainan armeija ilmoitti iskeneens\u00e4 my\u00f6s \u00f6ljynjalostamoon Ven\u00e4j\u00e4n Omskin alueella noin 2\u2009500 kilometrin p\u00e4\u00e4ss\u00e4 Ukrainan rajasta. Kyseess\u00e4 oli yksi Ukrainan syvimm\u00e4lle Ven\u00e4j\u00e4n alueelle ulottuneista iskuista l\u00e4hes nelj\u00e4 ja puoli vuotta jatkuneen sodan aikana.<\/p>\n<p>Zelenskyin mukaan iskussa k\u00e4ytettiin paranneltuja pitk\u00e4n kantaman Fire Point -lennokkeja.<\/p>\n<p>\u2013\u2009My\u00f6s Siperia on nyt Ukrainan t\u00e4sm\u00e4iskujen ulottuvilla, Zelenskyi sanoi.<\/p>\n<p>Kazakstanin rajalla sijaitsevan Omskin alueen kuvern\u00f6\u00f6ri vahvisti jalostamon joutuneen lennokki-iskun kohteeksi. H\u00e4nen mukaansa henkil\u00f6vahinkoja ei tullut.<\/p>\n<p>Ven\u00e4j\u00e4 ja Ukraina ovat viime kuukausina lis\u00e4nneet pitk\u00e4n kantaman iskujaan. Molemmat osapuolet raportoivat s\u00e4\u00e4nn\u00f6llisesti lennokki- ja ohjusiskuista, jotka kohdistuvat alueille kaukana etulinjasta.<\/p>\n","protected":false},"excerpt":{"rendered":"Ven\u00e4j\u00e4n iskut surmasivat maanantaina 30 ihmist\u00e4 Kiovan alueella, kertoivat ukrainalaiset viranomaiset. Iskut tapahtuivat keskiviikkona Turkissa alkavan Naton huippukokouksen&hellip;\n","protected":false},"author":2,"featured_media":295442,"comment_status":"","ping_status":"","sticky":false,"template":"","format":"standard","meta":{"footnotes":"","_share_on_mastodon":"0"},"categories":[14],"tags":[804,820,22,23,26,27,33,31,30,17,3488,4315,24,25,803,28,29,15,18,21,637,32,19,20,21377,56,16,59,60,61],"class_list":["post-295441","post","type-post","status-publish","format-standard","has-post-thumbnail","category-ulkomaat","tag-aseelliset-konfliktit","tag-aseet","tag-breaking-news","tag-breakingnews","tag-featured-news","tag-featurednews","tag-fi","tag-finland","tag-finnish","tag-headlines","tag-kiova","tag-lansi-aasia","tag-latest-news","tag-latestnews","tag-levottomuudet-ja-sodat","tag-main-news","tag-mainnews","tag-news","tag-otsikot","tag-paauutiset","tag-politiikka","tag-suomi","tag-top-stories","tag-topstories","tag-ukrainan-kriisi","tag-ulkomaat","tag-uutiset","tag-world","tag-world-news","tag-worldnews"],"share_on_mastodon":{"url":"https:\/\/pubeurope.com\/@fi\/116877345630813502","error":""},"_links":{"self":[{"href":"https:\/\/www.europesays.com\/fi\/wp-json\/wp\/v2\/posts\/295441","targetHints":{"allow":["GET"]}}],"collection":[{"href":"https:\/\/www.europesays.com\/fi\/wp-json\/wp\/v2\/posts"}],"about":[{"href":"https:\/\/www.europesays.com\/fi\/wp-json\/wp\/v2\/types\/post"}],"author":[{"embeddable":true,"href":"https:\/\/www.europesays.com\/fi\/wp-json\/wp\/v2\/users\/2"}],"replies":[{"embeddable":true,"href":"https:\/\/www.europesays.com\/fi\/wp-json\/wp\/v2\/comments?post=295441"}],"version-history":[{"count":0,"href":"https:\/\/www.europesays.com\/fi\/wp-json\/wp\/v2\/posts\/295441\/revisions"}],"wp:featuredmedia":[{"embeddable":true,"href":"https:\/\/www.europesays.com\/fi\/wp-json\/wp\/v2\/media\/295442"}],"wp:attachment":[{"href":"https:\/\/www.europesays.com\/fi\/wp-json\/wp\/v2\/media?parent=295441"}],"wp:term":[{"taxonomy":"category","embeddable":true,"href":"https:\/\/www.europesays.com\/fi\/wp-json\/wp\/v2\/categories?post=295441"},{"taxonomy":"post_tag","embeddable":true,"href":"https:\/\/www.europesays.com\/fi\/wp-json\/wp\/v2\/tags?post=295441"}],"curies":[{"name":"wp","href":"https:\/\/api.w.org\/{rel}","templated":true}]}}