{"id":295557,"date":"2026-07-07T10:19:12","date_gmt":"2026-07-07T10:19:12","guid":{"rendered":"https:\/\/www.europesays.com\/fi\/295557\/"},"modified":"2026-07-07T10:19:12","modified_gmt":"2026-07-07T10:19:12","slug":"media-monacon-pommi-iskusta-epailty-nainen-loytyi-ammuttuna-uutissuomalainen","status":"publish","type":"post","link":"https:\/\/www.europesays.com\/fi\/295557\/","title":{"rendered":"Media: Monacon pommi-iskusta ep\u00e4ilty nainen l\u00f6ytyi ammuttuna | Uutissuomalainen"},"content":{"rendered":"<p>Ukrainalaiseen oligarkkiin kes\u00e4kuun lopussa Monacossa kohdistuneesta murhayrityksest\u00e4 ep\u00e4ilty nainen on kuollut, <a href=\"https:\/\/www.pravda.com.ua\/eng\/news\/2026\/07\/07\/8042718\/\" rel=\"nofollow noopener\" target=\"_blank\">Ukrainan Pravda<\/a> kertoo.<\/p>\n<p>Kuollut on Interpolin <a href=\"https:\/\/apnews.com\/article\/monaco-bombing-ukraine-suspect-anastasiia-berezovska-a4b18288209c8ce8f621794c1acf70ec\" rel=\"nofollow noopener\" target=\"_blank\">etsint\u00e4kuuluttama<\/a> <strong>Anastasia Berezovska<\/strong>. H\u00e4n oli ukrainalainen.<\/p>\n<p>Lehti perustaa tietonsa ukrainalaisiin lainvalvontaviranomaisiin. Heid\u00e4n mukaansa ep\u00e4illyn ruumis l\u00f6ydettiin Kiovan l\u00e4helt\u00e4 maanantai-iltana 6. hein\u00e4kuuta. L\u00e4hteiden mukaan nainen oli ammuttu kuoliaaksi.<\/p>\n<p>Lehden tietojen mukaan nainen oli ollut Ukrainan ulkopuolella maaliskuun loppupuolelta hein\u00e4kuun 1. p\u00e4iv\u00e4\u00e4n asti.<\/p>\n<p>Oikeusl\u00e4hteiden ja Monavon median mukaan oligarkki <strong>Vadym Jermolajev<\/strong> yritettiin murhata pakettipommilla 29. kes\u00e4kuuta. R\u00e4j\u00e4hdys tapahtui asuinrakennuksessa aivan Ranskan rajan l\u00e4heisyydess\u00e4. Iskussa loukkaantui keski-ik\u00e4inen pariskunta ja 13-vuotias nuori.<\/p>\n<p>Ukrainan Pravdan l\u00e4hteen mukaan murhayrityksen tiimoilta on pid\u00e4tetty nyt kuolleen naisen lis\u00e4ksi kaksi ep\u00e4ilty\u00e4, joista toinen on Ukrainan sotilastiedustelun upseeri ja toinen entinen lainvalvontaviranomainen.<\/p>\n<p>Ukraina on asettanut iskun kohteena olleelle Jermolajeville pakotteita, jotka liittyv\u00e4t ilmeisesti h\u00e4nen liiketoimiinsa Ven\u00e4j\u00e4n miehitt\u00e4m\u00e4ll\u00e4 Krimill\u00e4.<\/p>\n<p>\t\t\t\t\t<img class=\"diks-card__image\" src=\"https:\/\/www.europesays.com\/fi\/wp-content\/uploads\/2026\/07\/11533030.jpg\"   loading=\"lazy\" decoding=\"sync\" alt=\"\"\/><\/p>\n","protected":false},"excerpt":{"rendered":"Ukrainalaiseen oligarkkiin kes\u00e4kuun lopussa Monacossa kohdistuneesta murhayrityksest\u00e4 ep\u00e4ilty nainen on kuollut, Ukrainan Pravda kertoo. Kuollut on Interpolin etsint\u00e4kuuluttama&hellip;\n","protected":false},"author":2,"featured_media":295558,"comment_status":"","ping_status":"","sticky":false,"template":"","format":"standard","meta":{"footnotes":"","_share_on_mastodon":"0"},"categories":[14],"tags":[804,22,23,26,27,33,31,30,17,2455,3488,683,53,24,25,803,28,29,15,18,21,52,32,19,20,56,16,59,60,61],"class_list":["post-295557","post","type-post","status-publish","format-standard","has-post-thumbnail","category-ulkomaat","tag-aseelliset-konfliktit","tag-breaking-news","tag-breakingnews","tag-featured-news","tag-featurednews","tag-fi","tag-finland","tag-finnish","tag-headlines","tag-hengenvaara-ja-loukkaantuminen","tag-kiova","tag-kuolema","tag-laki-oikeus-ja-rikos","tag-latest-news","tag-latestnews","tag-levottomuudet-ja-sodat","tag-main-news","tag-mainnews","tag-news","tag-otsikot","tag-paauutiset","tag-poliisi","tag-suomi","tag-top-stories","tag-topstories","tag-ulkomaat","tag-uutiset","tag-world","tag-world-news","tag-worldnews"],"share_on_mastodon":{"url":"https:\/\/pubeurope.com\/@fi\/116878191581565372","error":""},"_links":{"self":[{"href":"https:\/\/www.europesays.com\/fi\/wp-json\/wp\/v2\/posts\/295557","targetHints":{"allow":["GET"]}}],"collection":[{"href":"https:\/\/www.europesays.com\/fi\/wp-json\/wp\/v2\/posts"}],"about":[{"href":"https:\/\/www.europesays.com\/fi\/wp-json\/wp\/v2\/types\/post"}],"author":[{"embeddable":true,"href":"https:\/\/www.europesays.com\/fi\/wp-json\/wp\/v2\/users\/2"}],"replies":[{"embeddable":true,"href":"https:\/\/www.europesays.com\/fi\/wp-json\/wp\/v2\/comments?post=295557"}],"version-history":[{"count":0,"href":"https:\/\/www.europesays.com\/fi\/wp-json\/wp\/v2\/posts\/295557\/revisions"}],"wp:featuredmedia":[{"embeddable":true,"href":"https:\/\/www.europesays.com\/fi\/wp-json\/wp\/v2\/media\/295558"}],"wp:attachment":[{"href":"https:\/\/www.europesays.com\/fi\/wp-json\/wp\/v2\/media?parent=295557"}],"wp:term":[{"taxonomy":"category","embeddable":true,"href":"https:\/\/www.europesays.com\/fi\/wp-json\/wp\/v2\/categories?post=295557"},{"taxonomy":"post_tag","embeddable":true,"href":"https:\/\/www.europesays.com\/fi\/wp-json\/wp\/v2\/tags?post=295557"}],"curies":[{"name":"wp","href":"https:\/\/api.w.org\/{rel}","templated":true}]}}