{"id":295573,"date":"2026-07-07T10:46:11","date_gmt":"2026-07-07T10:46:11","guid":{"rendered":"https:\/\/www.europesays.com\/fi\/295573\/"},"modified":"2026-07-07T10:46:11","modified_gmt":"2026-07-07T10:46:11","slug":"garden-helsinki-riikka-purra-sai-tiedon-kilpailevista-areenahankkeista-marraskuussa-2024-asiakirjoista-ilmenee-paikalliset","status":"publish","type":"post","link":"https:\/\/www.europesays.com\/fi\/295573\/","title":{"rendered":"Garden Helsinki | Riikka Purra sai tiedon kilpailevista areenahankkeista marraskuussa 2024, asiakirjoista ilmenee | Paikalliset"},"content":{"rendered":"<p>Ainakin valtiovarainministeri <strong>Riikka Purra<\/strong> (ps.) tiesi kilpailevista areenahankkeista, kun hallituksen nelikko siunasi Garden Helsinki -j\u00e4ttiareenahankkeen noston investointiohjelmaansa.<\/p>\n<p>Tieto ilmenee s\u00e4hk\u00f6posteista, jotka Helsingin Uutiset ja Vantaan Sanomat on saanut tietopyynn\u00f6ll\u00e4 valtiovarainministeri\u00f6st\u00e4 (VM). S\u00e4hk\u00f6postitietojen mukaan ministeri\u00f6n finanssineuvos on l\u00e4hett\u00e4nyt ministerille 26. marraskuuta 2024 s\u00e4hk\u00f6postin, jonka liitteen\u00e4 on ollut <a href=\"https:\/\/www.helsinginuutiset.fi\/paikalliset\/9598735\" rel=\"nofollow noopener\" target=\"_blank\">ministeri\u00f6n muistio Garden Helsingist\u00e4.<\/a><\/p>\n<p>Muistiossa viranhaltijat suhtautuvat hyvin kielteisesti Garden Helsingin tukemiseen ja kertoivat, mit\u00e4 kaikkia kilpailevia hankkeita on vireill\u00e4. T\u00e4ss\u00e4 joukossa mainitaan my\u00f6s Vantaan Kivist\u00f6\u00f6n suunniteltu Arena 3.3 ja Helsingin Suvilahteen kaavailtu areena.<\/p>\n<p>P\u00e4\u00e4ministeri <strong>Petteri Orpo<\/strong> (kok.) on antanut julkisuudessa ymm\u00e4rt\u00e4\u00e4, ettei investointip\u00e4\u00e4t\u00f6st\u00e4 tehdess\u00e4 ollut tietoa kilpailevista hankkeista.<\/p>\n<p>Riikka Purra on aiemmin <a href=\"https:\/\/www.hs.fi\/politiikka\/art-2000012112584.html?gsid=45fc3935-dbd6-458f-95bb-ce1a11860ddd\" rel=\"nofollow noopener\" target=\"_blank\">Helsingin Sanomien <\/a><a href=\"https:\/\/www.hs.fi\/politiikka\/art-2000012112584.html?gsid=45fc3935-dbd6-458f-95bb-ce1a11860ddd\" rel=\"nofollow noopener\" target=\"_blank\">haastattelussa <\/a>kertonut, ett\u00e4 h\u00e4n ei suostunut tapaamaan Garden Helsingin hallituksessa istuvaa <strong>Jan Vapaavuorta<\/strong> (kok.) ja ett\u00e4 h\u00e4n jakoi VM:n virkamiesten kielteisen kannan hankkeeseen.<\/p>\n<p>Virkakunnan Vapaavuorelle l\u00e4hett\u00e4m\u00e4ss\u00e4 s\u00e4hk\u00f6postissa my\u00f6s kerrotaan, ett\u00e4 hanketta on k\u00e4sitelty ministeritasolla asti ja ettei hankkeelle ole tulossa valtion takausta. T\u00e4ss\u00e4 viestiss\u00e4 viitataan valtion taloudelliseen tilanteeseen ja kilpaileviin hankkeisiin.<\/p>\n<p><strong class=\"diks-storyline__impact\">Eri tahot <\/strong>ovat aiemmin kertoneet julkisuudessa, ett\u00e4 hallituspuolueiden puheenjohtajista koostuva nelikko vain hyv\u00e4ksyi avustajiensa neuvotteleman investointiohjelman.<\/p>\n<p>On tiedossa, ett\u00e4 Garden Helsinki ilmestyi listalle kokoomuksen toiveesta. On kuitenkin j\u00e4\u00e4nyt ep\u00e4selv\u00e4ksi, miten t\u00e4m\u00e4 tapahtui, mihin materiaaleihin ehdotus perustui ja kuka tai ketk\u00e4 sit\u00e4 ehdottivat.<\/p>\n<p>Helsingin Uutiset ja Vantaan Sanomat on pyyt\u00e4nyt Riikka Purralta haastattelua yli viikon, mutta vastausta pyynt\u00f6\u00f6n ei ole kuulunut. Petteri Orpon esikunnasta viestittiin viime viikolla, ettei p\u00e4\u00e4ministeri anna haastatteluita aiheesta.<\/p>\n<p>Juttua p\u00e4ivitetty 7.7.2026 klo 13.10: Lis\u00e4tty tieto siit\u00e4, mit\u00e4 Riikka Purra kertoi aiemmin Helsingin Sanomissa. Klo 13.32: Lis\u00e4tty tieto virkakunnan s\u00e4hk\u00f6postista, jossa ilmoitettiin, ettei valtiontakausta tule.<\/p>\n","protected":false},"excerpt":{"rendered":"Ainakin valtiovarainministeri Riikka Purra (ps.) tiesi kilpailevista areenahankkeista, kun hallituksen nelikko siunasi Garden Helsinki -j\u00e4ttiareenahankkeen noston investointiohjelmaansa. Tieto&hellip;\n","protected":false},"author":2,"featured_media":295574,"comment_status":"","ping_status":"","sticky":false,"template":"","format":"standard","meta":{"footnotes":"","_share_on_mastodon":"0"},"categories":[12],"tags":[22,23,26,27,33,31,30,38464,863,17,104,24,25,28,29,15,18,21,637,885,887,32,19,20,16,2360],"class_list":["post-295573","post","type-post","status-publish","format-standard","has-post-thumbnail","category-suomi","tag-breaking-news","tag-breakingnews","tag-featured-news","tag-featurednews","tag-fi","tag-finland","tag-finnish","tag-garden-helsinki","tag-hallitus","tag-headlines","tag-helsinki","tag-latest-news","tag-latestnews","tag-main-news","tag-mainnews","tag-news","tag-otsikot","tag-paauutiset","tag-politiikka","tag-suomen-poliittiset-puolueet","tag-suomen-politiikka","tag-suomi","tag-top-stories","tag-topstories","tag-uutiset","tag-vantaan-sanomat"],"share_on_mastodon":{"url":"https:\/\/pubeurope.com\/@fi\/116878297435277528","error":""},"_links":{"self":[{"href":"https:\/\/www.europesays.com\/fi\/wp-json\/wp\/v2\/posts\/295573","targetHints":{"allow":["GET"]}}],"collection":[{"href":"https:\/\/www.europesays.com\/fi\/wp-json\/wp\/v2\/posts"}],"about":[{"href":"https:\/\/www.europesays.com\/fi\/wp-json\/wp\/v2\/types\/post"}],"author":[{"embeddable":true,"href":"https:\/\/www.europesays.com\/fi\/wp-json\/wp\/v2\/users\/2"}],"replies":[{"embeddable":true,"href":"https:\/\/www.europesays.com\/fi\/wp-json\/wp\/v2\/comments?post=295573"}],"version-history":[{"count":0,"href":"https:\/\/www.europesays.com\/fi\/wp-json\/wp\/v2\/posts\/295573\/revisions"}],"wp:featuredmedia":[{"embeddable":true,"href":"https:\/\/www.europesays.com\/fi\/wp-json\/wp\/v2\/media\/295574"}],"wp:attachment":[{"href":"https:\/\/www.europesays.com\/fi\/wp-json\/wp\/v2\/media?parent=295573"}],"wp:term":[{"taxonomy":"category","embeddable":true,"href":"https:\/\/www.europesays.com\/fi\/wp-json\/wp\/v2\/categories?post=295573"},{"taxonomy":"post_tag","embeddable":true,"href":"https:\/\/www.europesays.com\/fi\/wp-json\/wp\/v2\/tags?post=295573"}],"curies":[{"name":"wp","href":"https:\/\/api.w.org\/{rel}","templated":true}]}}