{"id":295587,"date":"2026-07-07T11:11:10","date_gmt":"2026-07-07T11:11:10","guid":{"rendered":"https:\/\/www.europesays.com\/fi\/295587\/"},"modified":"2026-07-07T11:11:10","modified_gmt":"2026-07-07T11:11:10","slug":"ukrainska-pravda-monacon-pommi-iskusta-epailty-ukrainalaisnainen-loydetty-kuolleena-uutisia-lyhyesti","status":"publish","type":"post","link":"https:\/\/www.europesays.com\/fi\/295587\/","title":{"rendered":"Ukrainska Pravda: Monacon pommi-iskusta ep\u00e4ilty ukrainalaisnainen l\u00f6ydetty kuolleena | Uutisia lyhyesti"},"content":{"rendered":"<p class=\"aw__sc-1qwuw0s-0 aw__sc-ngllmo-0 epAWpq fzYpjk yle__article__paragraph\">Monacon pommi-iskusta ep\u00e4ilty ukrainalaisnainen l\u00f6ydettiin maanantaina kuolleena Kiovan l\u00e4hist\u00f6lt\u00e4.<\/p>\n<p class=\"aw__sc-1qwuw0s-0 aw__sc-ngllmo-0 epAWpq fzYpjk yle__article__paragraph\">Asiasta uutisoi <a class=\"aw__sc-ngllmo-1 bTDnwX yle__article__link\" href=\"https:\/\/www.pravda.com.ua\/eng\/news\/2026\/07\/07\/8042718\/\" role=\"link\" rel=\"nofollow noopener\" target=\"_blank\">Ukrainska Pravda<\/a> nimett\u00f6mien viranomaisl\u00e4hteiden perusteella. Lehden haastattelemien l\u00e4hteiden mukaan naista oli ammuttu.<\/p>\n<p class=\"aw__sc-1qwuw0s-0 aw__sc-ngllmo-0 epAWpq fzYpjk yle__article__paragraph\">Monacossa <a class=\"aw__sc-ngllmo-1 bTDnwX yle__article__link\" href=\"https:\/\/yle.fi\/a\/74-20234722\" role=\"link\" rel=\"nofollow noopener\" target=\"_blank\">viime maanantaina tehdyn iskun<\/a> uskotaan kohdistuneen ukrainalaiseen oligarkkiin <strong class=\"aw__sc-ngllmo-2 gdRrun yle__article__strong\">Vadim Jermolajeviin<\/strong>, joka loukkaantui r\u00e4j\u00e4hdyksess\u00e4.<\/p>\n<p class=\"aw__sc-1qwuw0s-0 aw__sc-ngllmo-0 epAWpq fzYpjk yle__article__paragraph\">Sanomalehti Kyiv Independentin mukaan Jermolajevin lis\u00e4ksi iskussa loukkantuivat liikemiehen vaimo ja heid\u00e4n 13-vuotias poikansa.<\/p>\n<p class=\"aw__sc-1qwuw0s-0 aw__sc-ngllmo-0 epAWpq fzYpjk yle__article__paragraph\">Muutama p\u00e4iv\u00e4 iskun j\u00e4lkeen Interpol antoi kansainv\u00e4lisen etsint\u00e4kuulutuksen 39-vuotiaasta <strong class=\"aw__sc-ngllmo-2 gdRrun yle__article__strong\">Anastasiia Berezovskasta<\/strong>. Ukrainska Pravda ei ole kertonut l\u00f6ydetyn ukrainalaisnaisen nime\u00e4.<\/p>\n","protected":false},"excerpt":{"rendered":"Monacon pommi-iskusta ep\u00e4ilty ukrainalaisnainen l\u00f6ydettiin maanantaina kuolleena Kiovan l\u00e4hist\u00f6lt\u00e4. Asiasta uutisoi Ukrainska Pravda nimett\u00f6mien viranomaisl\u00e4hteiden perusteella. Lehden haastattelemien&hellip;\n","protected":false},"author":2,"featured_media":295588,"comment_status":"","ping_status":"","sticky":false,"template":"","format":"standard","meta":{"footnotes":"","_share_on_mastodon":"0"},"categories":[14],"tags":[22,23,23481,26,27,33,31,30,17,24,25,28,29,2637,15,18,21,581,32,19,20,1303,56,16,59,60,61],"class_list":["post-295587","post","type-post","status-publish","format-standard","has-post-thumbnail","category-ulkomaat","tag-breaking-news","tag-breakingnews","tag-etsintakuulutukset","tag-featured-news","tag-featurednews","tag-fi","tag-finland","tag-finnish","tag-headlines","tag-latest-news","tag-latestnews","tag-main-news","tag-mainnews","tag-monaco","tag-news","tag-otsikot","tag-paauutiset","tag-rikokset","tag-suomi","tag-top-stories","tag-topstories","tag-ukraina","tag-ulkomaat","tag-uutiset","tag-world","tag-world-news","tag-worldnews"],"share_on_mastodon":{"url":"https:\/\/pubeurope.com\/@fi\/116878395680527847","error":""},"_links":{"self":[{"href":"https:\/\/www.europesays.com\/fi\/wp-json\/wp\/v2\/posts\/295587","targetHints":{"allow":["GET"]}}],"collection":[{"href":"https:\/\/www.europesays.com\/fi\/wp-json\/wp\/v2\/posts"}],"about":[{"href":"https:\/\/www.europesays.com\/fi\/wp-json\/wp\/v2\/types\/post"}],"author":[{"embeddable":true,"href":"https:\/\/www.europesays.com\/fi\/wp-json\/wp\/v2\/users\/2"}],"replies":[{"embeddable":true,"href":"https:\/\/www.europesays.com\/fi\/wp-json\/wp\/v2\/comments?post=295587"}],"version-history":[{"count":0,"href":"https:\/\/www.europesays.com\/fi\/wp-json\/wp\/v2\/posts\/295587\/revisions"}],"wp:featuredmedia":[{"embeddable":true,"href":"https:\/\/www.europesays.com\/fi\/wp-json\/wp\/v2\/media\/295588"}],"wp:attachment":[{"href":"https:\/\/www.europesays.com\/fi\/wp-json\/wp\/v2\/media?parent=295587"}],"wp:term":[{"taxonomy":"category","embeddable":true,"href":"https:\/\/www.europesays.com\/fi\/wp-json\/wp\/v2\/categories?post=295587"},{"taxonomy":"post_tag","embeddable":true,"href":"https:\/\/www.europesays.com\/fi\/wp-json\/wp\/v2\/tags?post=295587"}],"curies":[{"name":"wp","href":"https:\/\/api.w.org\/{rel}","templated":true}]}}