{"id":295596,"date":"2026-07-07T11:33:32","date_gmt":"2026-07-07T11:33:32","guid":{"rendered":"https:\/\/www.europesays.com\/fi\/295596\/"},"modified":"2026-07-07T11:33:32","modified_gmt":"2026-07-07T11:33:32","slug":"nain-salatut-elamat-sarjan-shokeeraava-paatosjakso-syntyi-nayttelijat-paljastavat-kuvausten-salaisuudet","status":"publish","type":"post","link":"https:\/\/www.europesays.com\/fi\/295596\/","title":{"rendered":"N\u00e4in Salatut el\u00e4m\u00e4t -sarjan shokeeraava p\u00e4\u00e4t\u00f6sjakso syntyi: N\u00e4yttelij\u00e4t paljastavat kuvausten salaisuudet"},"content":{"rendered":"<p>            MTV\n        <\/p>\n<p class=\"subtitle \">Salattujen el\u00e4mien kausi p\u00e4\u00e4ttyi j\u00e4rkytt\u00e4v\u00e4\u00e4n v\u00e4likohtaukseen. T\u00e4hdet paljastavat nyt, miten se tehtiin.<\/p>\n<p class=\"article-content article-content-width !bg-background\">Salattujen el\u00e4mien kev\u00e4tkausi p\u00e4\u00e4ttyi shokeeraavaan kohtaukseen, josta n\u00e4yttelij\u00e4t paljastavat nyt lis\u00e4tietoa.<\/p>\n<p class=\"font-weight-bold m-font-weight-bold article-content article-content-width !bg-background\">Video: Kenet Salkkarit-t\u00e4hdet haluavat takaisin sarjaan<\/p>\n<p class=\"article-content article-content-width !bg-background\">Kauden viimeisess\u00e4 jaksossa karkuteill\u00e4 oleva Aaro () tulee ammutuksi, kun Linda () joutuu pakon edess\u00e4 uhkaavassa tilanteessa laukaisemaan aseensa.<\/p>\n<p class=\"article-content article-content-width !bg-background\">Aaro kaatuu dramaattisesti maahan luodinreik\u00e4 otsassaan. Tilannetta seuraavat yll\u00e4ttynein\u00e4 vierest\u00e4 panttivankina ollut Henrik (), Aaron heila ja rikoskumppani Marianna () sek\u00e4 Henriki\u00e4 etsim\u00e4\u00e4n tullut Aki ().<\/p>\n<p class=\"article-content article-content-width !bg-background\">Katsojat ovat olleet k\u00e4\u00e4rmeiss\u00e4\u00e4n Aaron kohtalosta ja siit\u00e4, miten hahmolle oikein k\u00e4y. Moni ei usko, ett\u00e4 Aaro voisi poistua lopullisesti. Voit lukea lis\u00e4\u00e4 fanien reaktioista <a href=\"https:\/\/www.seiska.fi\/katso\/salkkarit-fanit-kaarmeissaan-miten-kay-suosikkinayttelijan\/2200486\" target=\"_blank\" style=\"font-size:1.125rem\" rel=\"nofollow noopener\">t\u00e4\u00e4lt\u00e4<\/a>.<\/p>\n<p>        <a itemprop=\"url\" href=\"https:\/\/www.seiska.fi\/katso\/salkkarit-fanit-kaarmeissaan-miten-kay-suosikkinayttelijan\/2200486\" rel=\"nofollow noopener\" target=\"_blank\"><\/p>\n<p>\nSalkkarit-fanit k\u00e4\u00e4rmeiss\u00e4\u00e4n:\n<\/p>\n<p class=\"section-date\">\n        <strong class=\"article-section\" data-section=\"katso\"><br \/>\n            katso<br \/>\n        <\/strong><br \/>\n        09:15\n    <\/p>\n<p>Salkkarit-fanit k\u00e4\u00e4rmeiss\u00e4\u00e4n: Miten k\u00e4y suosikkin\u00e4yttelij\u00e4n?\n    <\/p>\n<p itemprop=\"description\" class=\"subtitle \">\n    Salkkarit-fanit ovat harmissaan Teemu Lehtil\u00e4n tilanteesta.\n<\/p>\n<p>        <\/a><\/p>\n<p class=\"article-content article-content-width !bg-background\">Nyt kohtauksessa mukana olleet t\u00e4hdet kertovat <a href=\"https:\/\/www.youtube.com\/watch?v=LbJcG7REM88\" target=\"_blank\" rel=\"nofollow noopener\">Salkkareiden Youtube-kanavalla<\/a>, millaista sit\u00e4 oli tehd\u00e4, ja mit\u00e4 kaikkea siin\u00e4 piti huomioida.<\/p>\n<p>                <img decoding=\"async\" src=\"https:\/\/image.seiska.fi\/2200742.webp?imageId=2200742&amp;x=0.00&amp;y=0.00&amp;cropw=100.00&amp;croph=100.00&amp;width=576&amp;height=323&amp;format=jpg&amp;compression=70\" width=\"576\" height=\"269\" alt=\"Linda ja Maija kohtaavat Moosen hississ\u00e4, ja Lindalle valkenee, miss\u00e4 h\u00e4nen is\u00e4ns\u00e4 oikein piileskelee.\" loading=\"lazy\" \/>            <\/p>\n<p>\n            Linda ja Maija kohtaavat Moosen hississ\u00e4, ja Lindalle valkenee, miss\u00e4 h\u00e4nen is\u00e4ns\u00e4 oikein piileskelee.<br \/>\n            MTV\n        <\/p>\n<p>Tiivis tunnelma<\/p>\n<p class=\"article-content article-content-width !bg-background\">Lindaa n\u00e4yttelev\u00e4 Monika kertoo tilanteen taustoista. Linda oli saanut vihi\u00e4 Aaron olinpaikasta, kun Maija n\u00e4ytti kamerastaan kuvia teollisuushallista, jossa Aaro piileskeli.<\/p>\n<p class=\"article-content article-content-width !bg-background\">Niinp\u00e4 Linda l\u00e4hti p\u00e4istikkaa paikalle, tiet\u00e4m\u00e4tt\u00e4, mit\u00e4 perill\u00e4 odottaa.<\/p>\n<p class=\"article-content article-content-width !bg-background\">\u2013 Ja sitten kaikki tapahtui vain tosi nopeasti, Monika selostaa videolla.<\/p>\n<p class=\"article-content article-content-width !bg-background\">Kohtauksessa mukana ollut Akin n\u00e4yttelij\u00e4 Sami tiivist\u00e4\u00e4 tunnelman:<\/p>\n<p class=\"article-content article-content-width !bg-background\">\u2013 Oltiin selv\u00e4sti jonkin sellaisen asian \u00e4\u00e4rell\u00e4, ett\u00e4 t\u00e4st\u00e4 seuraa jotain pysyv\u00e4\u00e4, Sami luonnehtii.<\/p>\n<p class=\"article-content article-content-width !bg-background\">Ohjaaja  sanoo, ett\u00e4 jakson lopussa tarinat alkoivat yhdisty\u00e4 yhteen paikkaan. Tunnelma tiivistyi ja leikkaukset muuttuivat nopeammiksi.<\/p>\n<p class=\"article-content article-content-width !bg-background\">Teemu kertoo teollisuushallin olleen t\u00e4ydellinen kuvauspaikka kohtaukseen, koska se asetti v\u00e4likohtaukselle oikeanlaisen tunnelman.<\/p>\n<p>        <a itemprop=\"url\" href=\"https:\/\/www.seiska.fi\/katso\/muistatko-nama-salkkareiden-dramaattiset-juonenkaanteet\/2196783\" rel=\"nofollow noopener\" target=\"_blank\"><\/p>\n<p>\nSalatut el\u00e4m\u00e4t\n<\/p>\n<p class=\"section-date\">\n        <strong class=\"article-section\" data-section=\"katso\"><br \/>\n            katso<br \/>\n        <\/strong><br \/>\n        3.7. 15:15\n    <\/p>\n<p>Muistatko n\u00e4m\u00e4 Salkkareiden dramaattiset juonenk\u00e4\u00e4nteet?\n    <\/p>\n<p itemprop=\"description\" class=\"subtitle \">\n    Salatut el\u00e4m\u00e4t -sarjassa on muun muassa ammuskeltu tanssiaisissa ja kaapattu lentokone.\n<\/p>\n<p>        <\/a><\/p>\n<p>                <img decoding=\"async\" src=\"https:\/\/image.seiska.fi\/2200744.webp?imageId=2200744&amp;x=0.00&amp;y=0.00&amp;cropw=100.00&amp;croph=100.00&amp;width=576&amp;height=323&amp;format=jpg&amp;compression=70\" width=\"576\" height=\"269\" alt=\"Marianna j\u00e4rkyttyy Aaron kaatuessa maahan kauden p\u00e4\u00e4t\u00f6sjaksossa.\" loading=\"lazy\" \/>            <\/p>\n<p>\n            Marianna j\u00e4rkyttyy Aaron kaatuessa maahan kauden p\u00e4\u00e4t\u00f6sjaksossa.<br \/>\n            MTV\n        <\/p>\n<p>Tunnin maskeeraus<\/p>\n<p class=\"article-content article-content-width !bg-background\">Tilanteen k\u00e4rjistyess\u00e4 Aaro, Linda ja Aki osoittavat toisiaan aseilla, ja pian Aaro saa osuman p\u00e4\u00e4h\u00e4ns\u00e4.<\/p>\n<p class=\"article-content article-content-width !bg-background\">\u2013 Siin\u00e4 tosiaan tehtiin sitten huolellisesti t\u00e4\u00e4 ampumajuttu, ett\u00e4 haluttiin n\u00e4ytt\u00e4\u00e4 my\u00f6s t\u00e4m\u00e4 ampumahaava. Tunti sit\u00e4 siin\u00e4 askarreltiin. T\u00e4\u00e4ll\u00e4 on todella taitavat ihmiset tekem\u00e4ss\u00e4 n\u00e4it\u00e4. Kun n\u00e4in sen, niin kyll\u00e4 se pahannn\u00e4k\u00f6inen on, Teemu my\u00f6nt\u00e4\u00e4.<\/p>\n<p class=\"article-content article-content-width !bg-background\">Teemu arvelee kohtauksen j\u00e4\u00e4v\u00e4n ikimuistoiseksi. H\u00e4n oli tunteikas kohtauksen lopussa kaaduttuaan lattialle, ja Teemu kertoo h\u00e4nell\u00e4 valuneen kyyneleet silm\u00e4kulmista.<\/p>\n<p>        <a itemprop=\"url\" href=\"https:\/\/www.seiska.fi\/katso\/sami-uotilalta-parisuhdepaljastus\/2197390\" rel=\"nofollow noopener\" target=\"_blank\"><\/p>\n<p>\nSami Uotila:\n<\/p>\n<p class=\"section-date\">\n        <strong class=\"article-section\" data-section=\"katso\"><br \/>\n            katso<br \/>\n        <\/strong><br \/>\n        6.7. 05:15\n    <\/p>\n<p>Sami Uotilalta parisuhdepaljastus!\n    <\/p>\n<p itemprop=\"description\" class=\"subtitle \">\n    Sami Uotila on l\u00f6yt\u00e4nyt rinnalleen uuden rakkauden.\n<\/p>\n<p>        <\/a><\/p>\n","protected":false},"excerpt":{"rendered":"MTV Salattujen el\u00e4mien kausi p\u00e4\u00e4ttyi j\u00e4rkytt\u00e4v\u00e4\u00e4n v\u00e4likohtaukseen. T\u00e4hdet paljastavat nyt, miten se tehtiin. Salattujen el\u00e4mien kev\u00e4tkausi p\u00e4\u00e4ttyi shokeeraavaan&hellip;\n","protected":false},"author":2,"featured_media":295597,"comment_status":"","ping_status":"","sticky":false,"template":"","format":"standard","meta":{"footnotes":"","_share_on_mastodon":"0"},"categories":[130],"tags":[38978,137,33,31,30,8507,18164,209,4463,1812,32,38977,12979,109],"class_list":["post-295596","post","type-post","status-publish","format-standard","has-post-thumbnail","category-viihde","tag-aaro-vaalanne","tag-entertainment","tag-fi","tag-finland","tag-finnish","tag-monika-lindeman","tag-oona-kare","tag-salatut-elamat","tag-salkkarit","tag-sami-uotila","tag-suomi","tag-teemu-lehtila","tag-tuure-taskinen","tag-viihde"],"share_on_mastodon":{"url":"https:\/\/pubeurope.com\/@fi\/116878482657935702","error":""},"_links":{"self":[{"href":"https:\/\/www.europesays.com\/fi\/wp-json\/wp\/v2\/posts\/295596","targetHints":{"allow":["GET"]}}],"collection":[{"href":"https:\/\/www.europesays.com\/fi\/wp-json\/wp\/v2\/posts"}],"about":[{"href":"https:\/\/www.europesays.com\/fi\/wp-json\/wp\/v2\/types\/post"}],"author":[{"embeddable":true,"href":"https:\/\/www.europesays.com\/fi\/wp-json\/wp\/v2\/users\/2"}],"replies":[{"embeddable":true,"href":"https:\/\/www.europesays.com\/fi\/wp-json\/wp\/v2\/comments?post=295596"}],"version-history":[{"count":0,"href":"https:\/\/www.europesays.com\/fi\/wp-json\/wp\/v2\/posts\/295596\/revisions"}],"wp:featuredmedia":[{"embeddable":true,"href":"https:\/\/www.europesays.com\/fi\/wp-json\/wp\/v2\/media\/295597"}],"wp:attachment":[{"href":"https:\/\/www.europesays.com\/fi\/wp-json\/wp\/v2\/media?parent=295596"}],"wp:term":[{"taxonomy":"category","embeddable":true,"href":"https:\/\/www.europesays.com\/fi\/wp-json\/wp\/v2\/categories?post=295596"},{"taxonomy":"post_tag","embeddable":true,"href":"https:\/\/www.europesays.com\/fi\/wp-json\/wp\/v2\/tags?post=295596"}],"curies":[{"name":"wp","href":"https:\/\/api.w.org\/{rel}","templated":true}]}}