{"id":295667,"date":"2026-07-07T13:43:16","date_gmt":"2026-07-07T13:43:16","guid":{"rendered":"https:\/\/www.europesays.com\/fi\/295667\/"},"modified":"2026-07-07T13:43:16","modified_gmt":"2026-07-07T13:43:16","slug":"bond-tytto-barbara-bachin-ja-ex-beatle-ringo-starrin-myrskyisa-rakkaustarina","status":"publish","type":"post","link":"https:\/\/www.europesays.com\/fi\/295667\/","title":{"rendered":"Bond-tytt\u00f6 Barbara Bachin ja ex-Beatle Ringo Starrin myrskyis\u00e4 rakkaustarina"},"content":{"rendered":"<p>\n            Barbara Bach, 007 Rakastettuni, 1977.<br \/>\n            Danjaq\/Eon\/Ua\/Kobal\/Shutterstock\/All Over Press\n        <\/p>\n<p class=\"subtitle \">007 rakastettuni -n\u00e4yttelij\u00e4 Barbara Bach on el\u00e4nyt jo yli 40 vuotta Ringo Starrin vaimona.<\/p>\n<p class=\"article-content article-content-width !bg-background\">Nelosen tiistai-illan 7. hein\u00e4kuuta Bond-elokuvana n\u00e4hd\u00e4\u00e4n vuonna 1977 ensi-illan saanut 007 rakastettuni.\u00a0<\/p>\n<p class=\"font-weight-bold m-font-weight-bold article-content article-content-width !bg-background\">Videolla Kaija Koo kertoo terveisens\u00e4 oman el\u00e4m\u00e4ns\u00e4 kuningattarille.\u00a0<\/p>\n<p class=\"article-content article-content-width !bg-background\">Elokuva oli  kolmas Bond-leffa. Naisp\u00e4\u00e4osaa KGB-agentti Anya Amasovaa ja 007:n rakastettua n\u00e4ytteli\u00a0.<\/p>\n<p>        <a itemprop=\"url\" href=\"https:\/\/www.seiska.fi\/katso\/amerikan-ensimmainen-bond-tytto-kaatoi-sankyyn-kuuluisia-miehia-talta-han-nayttaa-nyt\/1859034\" rel=\"nofollow noopener\" target=\"_blank\"><\/p>\n<p>\nT\u00e4lt\u00e4 h\u00e4n n\u00e4ytt\u00e4\u00e4 nyt\n<\/p>\n<p class=\"section-date\">\n        <strong class=\"article-section\" data-section=\"katso\"><br \/>\n            katso<br \/>\n        <\/strong><br \/>\n        5.7.2025 10:15\n    <\/p>\n<p>Amerikan ensimm\u00e4inen Bond-tytt\u00f6 kaatoi s\u00e4nkyyn kuuluisia miehi\u00e4 \u2013 t\u00e4lt\u00e4 h\u00e4n n\u00e4ytt\u00e4\u00e4 nyt\n    <\/p>\n<p itemprop=\"description\" class=\"subtitle \">\n    Jill St. John tihkuu seksi\u00e4 elokuvassa Timantit ovat ikuisia.\n<\/p>\n<p>        <\/a><\/p>\n<p class=\"article-content article-content-width !bg-background\">Aiemmin mallina menestynyt Barbara jatkoi n\u00e4yttelemist\u00e4 Bondin j\u00e4lkeen, ja poikipa rooli h\u00e4nelle keikan Playboy-lehdess\u00e4kin.<\/p>\n<p class=\"article-content article-content-width !bg-background\">Barbaran el\u00e4m\u00e4 oli mallillaan, kunnes h\u00e4n tapasi The Beatles -rumpali .<\/p>\n<p>Onnettomuus sinet\u00f6i rakkauden<\/p>\n<p class=\"article-content article-content-width !bg-background\">Vuonna 1975 Barbaran avioliitto italialaisen aristokraatin kanssa p\u00e4\u00e4ttyi eroon.<\/p>\n<p class=\"article-content article-content-width !bg-background\">Bond-leffan j\u00e4lkeen kahden lapsen yksinhuoltaja haki koekuvausten kautta Charlien enkelit -sarjaan, mutta  nappasi roolin Bond-tyt\u00f6n nen\u00e4n edest\u00e4.\u00a0<\/p>\n<p class=\"article-content article-content-width !bg-background\">My\u00f6hemmin  haastattelussa Barbara totesi, ettei kelvannut Charlien enkeliksi, koska tuotanto piti h\u00e4nt\u00e4 olemukseltaan liian eurooppalaisena.<\/p>\n<p class=\"article-content article-content-width !bg-background\">Ringo Starrin Barbara kohtasi ensimm\u00e4isen kerran The Beatlesin keikalla New Yorkissa. Oli vuosi 1965 ja Barbara oli malliuraansa aloitteva teini. Aika ei ollut viel\u00e4 oikea rakkaudelle.<\/p>\n<p>                <img decoding=\"async\" src=\"https:\/\/www.europesays.com\/fi\/wp-content\/uploads\/2026\/07\/2200296.webp\" width=\"576\" height=\"351\" alt=\"Barbaran ja Ringon rakkaustarina alkoi Carl Gottliebin ohjaaman Luolamies-elokuvan kuvauksissa. Leffa menestyi vaatimattomasti.\" loading=\"lazy\" \/>            <\/p>\n<p>\n            Barbaran ja Ringon rakkaustarina alkoi Carl Gottliebin ohjaaman Luolamies-elokuvan kuvauksissa. Leffa menestyi vaatimattomasti.<br \/>\n            All Over Press\n        <\/p>\n<p class=\"article-content article-content-width !bg-background\">Seuraava kohtaaminen Luolamies-komedian kuvauksissa vuonna 1980 osoittautui mullistavaksi. Kuvausten loppumetreill\u00e4 molemminpuolinen ihastus oli niin voimakas, ett\u00e4 t\u00e4hdet j\u00e4ttiv\u00e4t kumppaninsa.\u00a0<\/p>\n<p>        <a itemprop=\"url\" href=\"https:\/\/www.seiska.fi\/katso\/bond-leffan-kuvaukset-arsyttivat-ortodoksimunkkeja-tekivat-ilkeita-kepposia\/1870788\" rel=\"nofollow noopener\" target=\"_blank\"><\/p>\n<p>\nBond-elokuva \u00e4rsytti\n<\/p>\n<p class=\"section-date\">\n        <strong class=\"article-section\" data-section=\"katso\"><br \/>\n            katso<br \/>\n        <\/strong><br \/>\n        22.7.2025 08:15\n    <\/p>\n<p>Bond-leffan kuvaukset \u00e4rsyttiv\u00e4t ortodoksimunkkeja &#8211; tekiv\u00e4t ilkeit\u00e4 kepposia\n    <\/p>\n<p itemprop=\"description\" class=\"subtitle \">\n    007 &#8211; Eritt\u00e4in salainen -elokuvan kuvausryhm\u00e4 sai luostarin munkkien vihat niskoilleen Kreikassa.\n<\/p>\n<p>        <\/a><\/p>\n<p class=\"article-content article-content-width !bg-background\">Suhde vahvistui entisest\u00e4\u00e4n, kun Ringo ja Barbara joutuivat vakavaan auto-onnettomuuteen Isossa-Britanniassa. Vain pari viikkoa onnettomuudesta pari kihlautui.\u00a0<\/p>\n<p class=\"article-content article-content-width !bg-background\">Jo seuraavana kev\u00e4\u00e4n\u00e4 1981 he solmivat avioliiton Lontoossa samaisessa kaupungintalossa, jossa sulhasen Beatles-kollega  oli avioitunut -rakkaansa kanssa 1969.<\/p>\n<p>Vaimo henkihievereiss\u00e4<\/p>\n<p class=\"article-content article-content-width !bg-background\">Beatles oli hajonnut virallisesti vuonna 1970. T\u00e4m\u00e4 oli kova isku b\u00e4ndin rumpalille, jonka el\u00e4m\u00e4 l\u00e4hti rajuun luisuun.<\/p>\n<p>                <img decoding=\"async\" src=\"https:\/\/www.europesays.com\/fi\/wp-content\/uploads\/2026\/07\/2200336.webp\" width=\"576\" height=\"447\" alt=\"Ringo, Barbara ja h\u00e4nen lapsensa h\u00e4iden aikoihin 1982.\" loading=\"lazy\" \/>            <\/p>\n<p>\n            Ringo, Barbara ja h\u00e4nen lapsensa h\u00e4iden aikoihin 1982.<br \/>\n            All Over Press\n        <\/p>\n<p class=\"article-content article-content-width !bg-background\">Kymmenen vuotta kest\u00e4nyt avioliitto  kanssa p\u00e4\u00e4ttyi vuonna 1975. Ringon lis\u00e4\u00e4ntynyt juominen ja huumeiden k\u00e4ytt\u00f6 olivat liikaa vaimolle.<\/p>\n<p class=\"article-content article-content-width !bg-background\">Ringo jatkoi soolouraa musiikin, elokuvien ja ohjausten parissa sek\u00e4 liittyi Hollywood Vampires -yhtyeeseen. Masennukseen ja tylsistymiseen muusikko haki helpotusta p\u00e4ihteist\u00e4.\u00a0<\/p>\n<p class=\"article-content article-content-width !bg-background\">\u2013\tEmme olleet en\u00e4\u00e4 muusikoita, jotka puuhastelivat huumeiden ja viinan kanssa. Meist\u00e4 oli tullut narkkareita, jotka puuhastelivat musiikin parissa, <a href=\"https:\/\/www.mensfitness.com\/news\/ringo-starr-sobriety?fbclid=IwY2xjawS4cfdleHRuA2FlbQIxMABicmlkETE0NThiR1l0R3E1eUloTlN0c3J0YwZhcHBfaWQQMjIyMDM5MTc4ODIwMDg5MgABHn0_fajlT1fUvjm91FqM84KUFza0lEWrA1BKiWt26UiUB-sNKOzqZ2YDYHKT_aem_xb8cn_iUxXhG-8AcUoKAxA\" target=\"_blank\" rel=\"nofollow noopener\">Men\u2019s Fitness kirjoittaa Ringon todenneen<\/a>.<\/p>\n<p>        <a itemprop=\"url\" href=\"https:\/\/www.seiska.fi\/katso\/bond-kuvauksissa-riitti-epaonnea-sijaisnayttelija-joutui-sairaalaan\/1877258\" rel=\"nofollow noopener\" target=\"_blank\"><\/p>\n<p>\nBond-elokuva Octopussy\n<\/p>\n<p class=\"section-date\">\n        <strong class=\"article-section\" data-section=\"katso\"><br \/>\n            katso<br \/>\n        <\/strong><br \/>\n        23.7.2025 17:15\n    <\/p>\n<p>Bond-kuvauksissa riitti ep\u00e4onnea: sijaisn\u00e4yttelij\u00e4 joutui sairaalaan\n    <\/p>\n<p itemprop=\"description\" class=\"subtitle \">\n    Bond-tyt\u00f6n l\u00f6yt\u00e4minen Octopussy &#8211; mustekala -leffaan oli ty\u00f6n ja tuskan takana.\n<\/p>\n<p>        <\/a><\/p>\n<p class=\"article-content article-content-width !bg-background\">Kun sooloura junnasi paikoillaan 1980-luvun puoliv\u00e4liss\u00e4, turrutti Ringo turhautumistaan juomalla 16 pulloa viini\u00e4 p\u00e4iv\u00e4ss\u00e4.<\/p>\n<p class=\"article-content article-content-width !bg-background\">Avioliitto Barbaran kanssa ei rauhoittanut miest\u00e4. Sen sijaan h\u00e4n kiskoi vaimon mukaansa p\u00e4ihdeh\u00f6yryiseen el\u00e4m\u00e4\u00e4n.<\/p>\n<p class=\"article-content article-content-width !bg-background\">\u2013\tHe molemmat joivat runsaasti p\u00e4ivitt\u00e4in vuosien ajan. Ringo ja Barbara k\u00e4yttiv\u00e4t my\u00f6s kokaiinia, pariskunnan yst\u00e4v\u00e4 paljasti lehdist\u00f6lle 1980-luvulla.<\/p>\n<p>                <img decoding=\"async\" src=\"https:\/\/www.europesays.com\/fi\/wp-content\/uploads\/2026\/07\/2200315.webp\" width=\"576\" height=\"317\" title=\"Ringo on kuvaillut 1970- ja 1980-lukujaan ymp\u00e4rivuorokautiseksi juhlimiseksi. Kuva on otettu illanvietosta n\u00e4yttelij\u00e4 Faye Dunawayn kanssa syksyll\u00e4 1985.\" alt=\"Faye Dunaway, Ringa Starr, Barbara Bach, 1985.\" loading=\"lazy\" \/>            <\/p>\n<p>\n            Ringo on kuvaillut 1970- ja 1980-lukujaan ymp\u00e4rivuorokautiseksi juhlimiseksi. Kuva on otettu illanvietosta n\u00e4yttelij\u00e4 Faye Dunawayn kanssa syksyll\u00e4 1985.<br \/>\n            Alan Davidson\/Shutterstock\/All Over Press\n        <\/p>\n<p class=\"article-content article-content-width !bg-background\">Barbaran tytt\u00e4ret k\u00e4rsiv\u00e4t tilanteesta, ja lopulta heid\u00e4t l\u00e4hetettiin kodin levotonta ilmapiiri\u00e4 turvaan sis\u00e4oppilaitokseen.<\/p>\n<p class=\"article-content article-content-width !bg-background\">\u2013\tEr\u00e4\u00e4n kerran kotiin p\u00e4\u00e4sty\u00e4ni palveluskuntani kertoi minun tuhonneen talomme niin pahasti, ett\u00e4 he luulivat murtovarkaiden olleen asialla. Olin my\u00f6s r\u00f6kitt\u00e4nyt Barbaran niin huonoon kuntoon, ett\u00e4 h\u00e4nen luultiin kuolevan, Ringo on my\u00f6hemmin tunnustanut.<\/p>\n<p>Yhteinen matka jatkuu<\/p>\n<p class=\"article-content article-content-width !bg-background\">Lopulta aviopari hakeutui vieroitushoitoon. Vuodesta 1988 l\u00e4htien he ovat olleet kuivilla.<\/p>\n<p class=\"article-content article-content-width !bg-background\">\u2013\tP\u00e4\u00e4dyin kuntoutukseen, koska en kohdellut itse\u00e4ni tai ihmisi\u00e4 ymp\u00e4rill\u00e4ni kunnioittavasti, Ringo sanoi vuosittaisessa Peace &amp; Love -tapahtumassa Kaliforniassa kes\u00e4ll\u00e4 2025.<\/p>\n<p>                <img decoding=\"async\" src=\"https:\/\/www.europesays.com\/fi\/wp-content\/uploads\/2026\/07\/2200318.webp\" width=\"576\" height=\"672\" alt=\"Ringo ja Barbara bongattiin Lontoossa p\u00e4iv\u00e4k\u00e4velyll\u00e4 kev\u00e4\u00e4ll\u00e4 2025.\" loading=\"lazy\" \/>            <\/p>\n<p>\n            Ringo ja Barbara bongattiin Lontoossa p\u00e4iv\u00e4k\u00e4velyll\u00e4 kev\u00e4\u00e4ll\u00e4 2025.<br \/>\n            All Over Press\n        <\/p>\n<p class=\"article-content article-content-width !bg-background\">Barbara on yh\u00e4 onnellisesti naimisissa Ringonsa kanssa. Irtauduttuaan p\u00e4ihteist\u00e4 he ovat omistaneet el\u00e4m\u00e4ns\u00e4 terveille el\u00e4m\u00e4ntavoille.<\/p>\n<p class=\"article-content article-content-width !bg-background\">\u2013\tRakastan miest\u00e4ni, siin\u00e4 kaikki, <a href=\"https:\/\/people.com\/celebrity\/ringo-starr-reflects-on-marriage-with-barbara-bach-blessed-were-together\/\" target=\"_blank\" rel=\"nofollow noopener\">Barbara kommentoi People-lehdelle pitk\u00e4n liittonsa salaisuutta<\/a>.<\/p>\n<p class=\"article-content article-content-width !bg-background\">\u2013\tUskon rakastavani Barbaraa yht\u00e4 paljon kuin tavatessamme. Olen \u00e4\u00e4rett\u00f6m\u00e4n kiitollinen, ett\u00e4 h\u00e4n rakastaa minua ja olemme yh\u00e4 yhdess\u00e4, Ringo lis\u00e4si.<\/p>\n<p class=\"italic m-italic article-content article-content-width !bg-background\">007 rakastettuni n\u00e4hd\u00e4\u00e4n tiistaina 7. hein\u00e4kuuta klo 21.00 ja perjantaina 10. hein\u00e4kuuta klo 21.00 Nelosella sek\u00e4 sunnuntaina 12. hein\u00e4kuuta klo 21.00 Jimill\u00e4.\u00a0<\/p>\n<p>        <a itemprop=\"url\" href=\"https:\/\/www.seiska.fi\/katso\/60-vuotias-bond-tytto-ei-muistele-lammolla-rooliaan-minut-heitettiin-susille\/1511339\" rel=\"nofollow noopener\" target=\"_blank\"><\/p>\n<p class=\"section-date\">\n        <strong class=\"article-section\" data-section=\"katso\"><br \/>\n            katso<br \/>\n        <\/strong><br \/>\n        9.11.2024 16:15\n    <\/p>\n<p>60-vuotias Bond-tytt\u00f6 ei muistele l\u00e4mm\u00f6ll\u00e4 rooliaan: \u201dMinut heitettiin susille\u201d\n    <\/p>\n<p itemprop=\"description\" class=\"subtitle \">\n    Yksityisyydest\u00e4\u00e4n hyvin tarkka t\u00e4hti ei viihdy sosiaalisessa mediassa.\n<\/p>\n<p>        <\/a><\/p>\n","protected":false},"excerpt":{"rendered":"Barbara Bach, 007 Rakastettuni, 1977. Danjaq\/Eon\/Ua\/Kobal\/Shutterstock\/All Over Press 007 rakastettuni -n\u00e4yttelij\u00e4 Barbara Bach on el\u00e4nyt jo yli 40&hellip;\n","protected":false},"author":2,"featured_media":295668,"comment_status":"","ping_status":"","sticky":false,"template":"","format":"standard","meta":{"footnotes":"","_share_on_mastodon":"0"},"categories":[130],"tags":[19569,2759,1075,19568,38987,137,33,31,30,664,38986,38984,38985,6180,694,3597,1311,26214,2015,4950,32321,32,5220,17730,109],"class_list":["post-295667","post","type-post","status-publish","format-standard","has-post-thumbnail","category-viihde","tag-007-rakastettuni","tag-avioero","tag-avioliitto","tag-barbara-bach","tag-carl-gottlieb","tag-entertainment","tag-fi","tag-finland","tag-finnish","tag-huumeet","tag-johnny-carson","tag-linda-mccartney","tag-maureen-cox","tag-paihdeongelma","tag-paihteet","tag-paul-mccartney","tag-rakkaus","tag-ringo-starr","tag-roger-moore","tag-rumpali","tag-shelley-hack","tag-suomi","tag-the-beatles","tag-vieroitushoito","tag-viihde"],"share_on_mastodon":{"url":"https:\/\/pubeurope.com\/@fi\/116878993552432271","error":""},"_links":{"self":[{"href":"https:\/\/www.europesays.com\/fi\/wp-json\/wp\/v2\/posts\/295667","targetHints":{"allow":["GET"]}}],"collection":[{"href":"https:\/\/www.europesays.com\/fi\/wp-json\/wp\/v2\/posts"}],"about":[{"href":"https:\/\/www.europesays.com\/fi\/wp-json\/wp\/v2\/types\/post"}],"author":[{"embeddable":true,"href":"https:\/\/www.europesays.com\/fi\/wp-json\/wp\/v2\/users\/2"}],"replies":[{"embeddable":true,"href":"https:\/\/www.europesays.com\/fi\/wp-json\/wp\/v2\/comments?post=295667"}],"version-history":[{"count":0,"href":"https:\/\/www.europesays.com\/fi\/wp-json\/wp\/v2\/posts\/295667\/revisions"}],"wp:featuredmedia":[{"embeddable":true,"href":"https:\/\/www.europesays.com\/fi\/wp-json\/wp\/v2\/media\/295668"}],"wp:attachment":[{"href":"https:\/\/www.europesays.com\/fi\/wp-json\/wp\/v2\/media?parent=295667"}],"wp:term":[{"taxonomy":"category","embeddable":true,"href":"https:\/\/www.europesays.com\/fi\/wp-json\/wp\/v2\/categories?post=295667"},{"taxonomy":"post_tag","embeddable":true,"href":"https:\/\/www.europesays.com\/fi\/wp-json\/wp\/v2\/tags?post=295667"}],"curies":[{"name":"wp","href":"https:\/\/api.w.org\/{rel}","templated":true}]}}