{"id":295738,"date":"2026-07-07T15:53:11","date_gmt":"2026-07-07T15:53:11","guid":{"rendered":"https:\/\/www.europesays.com\/fi\/295738\/"},"modified":"2026-07-07T15:53:11","modified_gmt":"2026-07-07T15:53:11","slug":"sinkkuna-elava-janni-hussi-jakoi-ongelmansa","status":"publish","type":"post","link":"https:\/\/www.europesays.com\/fi\/295738\/","title":{"rendered":"Sinkkuna el\u00e4v\u00e4 Janni Hussi jakoi ongelmansa"},"content":{"rendered":"<p class=\"article-content article-content-width !bg-background\">Rallimaailmassa uraa uurtava <a alt=\"Haku\" class=\"text-primary-red font-extrabold\" href=\"https:\/\/www.seiska.fi\/haku?q=Janni Hussi\" rel=\"nofollow noopener\" target=\"_blank\">Janni Hussi<\/a> painii arkiaskareiden kanssa kaikkien kuolevaisten tapaan.<\/p>\n<p class=\"font-weight-bold m-font-weight-bold article-content article-content-width !bg-background\">Tsekkaa my\u00f6s! Janni Hussi kertoo uudesta kodistaan:<\/p>\n<p class=\"article-content article-content-width !bg-background\">Janni erosi viime kes\u00e4n\u00e4 pitk\u00e4aikaisesta kumppanistaan <a alt=\"Haku\" class=\"text-primary-red font-extrabold\" href=\"https:\/\/www.seiska.fi\/haku?q=Joel Harkimosta\" rel=\"nofollow noopener\" target=\"_blank\">Joel Harkimosta<\/a>, ja elelee t\u00e4t\u00e4 nyky\u00e4 kaksin villakoiransa Harrin kanssa Helsingiss\u00e4.<\/p>\n<p class=\"article-content article-content-width !bg-background\">Harri ei kuitenkaan ole toimeliain mit\u00e4 tulee kotit\u00f6iden hoitamiseen, jotka ovat t\u00e4t\u00e4 nyky\u00e4 kokonaan Jannin vastuulla.<\/p>\n<p class=\"article-content article-content-width !bg-background\">Etenkin yksi kaikille tutuista taloduuneista vaikuttaa viev\u00e4n mehut Jannilta.<\/p>\n<p>&#8221;Ei ole mahdollista&#8221;<\/p>\n<p class=\"article-content article-content-width !bg-background\">Janni her\u00e4tti paljon keskustelua Instagram-julkaisullaan liittyen petivaatteisiin.<\/p>\n<p class=\"article-content article-content-width !bg-background\">\u2013 N\u00e4it\u00e4h\u00e4n ei siis ole mahdollista saada suorina kaappiin, Janni tuskailee kirjoittamassaan kuvatekstiss\u00e4.<\/p>\n<p class=\"article-content article-content-width !bg-background\">Videolla kartturi kamppailee makuuhuoneessaan viikkausta vaille olevan aluslakanan kanssa huvittavan taustamusiikin s\u00e4est\u00e4m\u00e4n\u00e4.<\/p>\n<p class=\"article-content article-content-width !bg-background\">Videon lopuksi Janni esittelee aikaansaamansa ep\u00e4m\u00e4\u00e4r\u00e4isen kangasmytyn, jonka tiputtaa s\u00e4ngylle ja l\u00e4htee kalppimaan.<\/p>\n<p class=\"article-content article-content-width !bg-background\">Videon kansikuvassa lukee suomennettuna teksti: Yksinasujan ongelmat osa 1, joten voisi olettaa videosarjan saavan jossain vaiheessa my\u00f6s jatkoa.<\/p>\n<p>Erikoinen ehdotus<\/p>\n<p class=\"article-content article-content-width !bg-background\">Jo t\u00e4m\u00e4 ensimm\u00e4inen osa on kirvoittanut paljon kommentteja, joista osassa ihmiset samaistuvat Jannin turhauttavaan tilanteeseen.<\/p>\n<p class=\"article-content article-content-width !bg-background\">\u2013 N\u00e4ytt\u00e4\u00e4 tosi tutulta, tilitt\u00e4\u00e4 joku muiden seassa.<\/p>\n<p class=\"article-content article-content-width !bg-background\">Jakaapa jengi my\u00f6s parhaat vinkkins\u00e4 tilanteen taltuttamiseen.<\/p>\n<p class=\"article-content article-content-width !bg-background\">\u2013 Olen\u00a0ratkaissut t\u00e4m\u00e4n ongelman niin, ett\u00e4 aamulla lakanat pesuun ja kuivumaan. Sitten ne samat takaisin s\u00e4nkyyn. Ei tarvitse viikata ollenkaan! toinen juhlii.<\/p>\n<p class=\"article-content article-content-width !bg-background\">Postaus on saanut yhden my\u00f6s ajattelemaan t\u00e4ysin laatikon ulkopuolelta.<\/p>\n<p class=\"article-content article-content-width !bg-background\">\u2013 Hyv\u00e4 mahdollisuus tutustua naapureihin! kuuluu omintakeinen ratkaisuehdotus.<\/p>\n","protected":false},"excerpt":{"rendered":"Rallimaailmassa uraa uurtava Janni Hussi painii arkiaskareiden kanssa kaikkien kuolevaisten tapaan. Tsekkaa my\u00f6s! Janni Hussi kertoo uudesta kodistaan:&hellip;\n","protected":false},"author":2,"featured_media":295739,"comment_status":"","ping_status":"","sticky":false,"template":"","format":"standard","meta":{"footnotes":"","_share_on_mastodon":"0"},"categories":[130],"tags":[137,33,31,30,2597,3520,38992,212,32,109,38993],"class_list":["post-295738","post","type-post","status-publish","format-standard","has-post-thumbnail","category-viihde","tag-entertainment","tag-fi","tag-finland","tag-finnish","tag-janni-hussi","tag-joel-harkimo","tag-kotityot","tag-lifestyle","tag-suomi","tag-viihde","tag-yksinasuminen"],"share_on_mastodon":{"url":"https:\/\/pubeurope.com\/@fi\/116879504545743107","error":""},"_links":{"self":[{"href":"https:\/\/www.europesays.com\/fi\/wp-json\/wp\/v2\/posts\/295738","targetHints":{"allow":["GET"]}}],"collection":[{"href":"https:\/\/www.europesays.com\/fi\/wp-json\/wp\/v2\/posts"}],"about":[{"href":"https:\/\/www.europesays.com\/fi\/wp-json\/wp\/v2\/types\/post"}],"author":[{"embeddable":true,"href":"https:\/\/www.europesays.com\/fi\/wp-json\/wp\/v2\/users\/2"}],"replies":[{"embeddable":true,"href":"https:\/\/www.europesays.com\/fi\/wp-json\/wp\/v2\/comments?post=295738"}],"version-history":[{"count":0,"href":"https:\/\/www.europesays.com\/fi\/wp-json\/wp\/v2\/posts\/295738\/revisions"}],"wp:featuredmedia":[{"embeddable":true,"href":"https:\/\/www.europesays.com\/fi\/wp-json\/wp\/v2\/media\/295739"}],"wp:attachment":[{"href":"https:\/\/www.europesays.com\/fi\/wp-json\/wp\/v2\/media?parent=295738"}],"wp:term":[{"taxonomy":"category","embeddable":true,"href":"https:\/\/www.europesays.com\/fi\/wp-json\/wp\/v2\/categories?post=295738"},{"taxonomy":"post_tag","embeddable":true,"href":"https:\/\/www.europesays.com\/fi\/wp-json\/wp\/v2\/tags?post=295738"}],"curies":[{"name":"wp","href":"https:\/\/api.w.org\/{rel}","templated":true}]}}