{"id":295760,"date":"2026-07-07T16:39:09","date_gmt":"2026-07-07T16:39:09","guid":{"rendered":"https:\/\/www.europesays.com\/fi\/295760\/"},"modified":"2026-07-07T16:39:09","modified_gmt":"2026-07-07T16:39:09","slug":"kirsi-alm-siiran-hauska-kuvanmuokkaus-seiska","status":"publish","type":"post","link":"https:\/\/www.europesays.com\/fi\/295760\/","title":{"rendered":"Kirsi Alm-Siiran hauska kuvanmuokkaus. | Seiska"},"content":{"rendered":"<p class=\"article-content article-content-width !bg-background\">MTV:n pitk\u00e4aikainen uutisankkuri <a alt=\"Haku\" class=\"text-primary-red font-extrabold\" href=\"https:\/\/www.seiska.fi\/haku?q=Kirsi Alm-Siira\" rel=\"nofollow noopener\" target=\"_blank\">Kirsi Alm-Siira<\/a> julkaisi <a href=\"https:\/\/www.instagram.com\/kirsialmsiira\/\" target=\"_blank\" rel=\"nofollow noopener\">Instagramiin<\/a> maanantaina (6.7.) r\u00e4ike\u00e4sti muokatun kuvan.<\/p>\n<p class=\"font-weight-bold m-font-weight-bold article-content article-content-width !bg-background\">Katso my\u00f6s! Kirsi Alm-Siira, mit\u00e4 emojia et voi siet\u00e4\u00e4?<\/p>\n<p class=\"article-content article-content-width !bg-background\">Otoksessa Kirsi poseeraa tuttuun tapaan MTV:n uutisstudiossa, mutta Krisin kasvojen tilalle kuvaan on muokatu norjalaisen jalkapallot\u00e4hden <a alt=\"Haku\" class=\"text-primary-red font-extrabold\" href=\"https:\/\/www.seiska.fi\/haku?q=Erling Haalandin\" rel=\"nofollow noopener\" target=\"_blank\">Erling Haalandin<\/a> naama.<\/p>\n<p>&#8221;Sanattomaksi vet\u00e4\u00e4&#8221;<\/p>\n<p class=\"article-content article-content-width !bg-background\">Erling n\u00e4hd\u00e4\u00e4n pelaamassa meneill\u00e4\u00e4n olevissa jalkapallon MM-kisoissa Norjan tiimiss\u00e4. Mies on muodosunut kilpailujen aikana someilmi\u00f6ksi.<\/p>\n<p class=\"article-content article-content-width !bg-background\">Jos julkaisu ei n\u00e4y, voit katsoa <a href=\"https:\/\/www.instagram.com\/p\/Dac5H6JKmgI\/?utm_source=ig_web_copy_link&amp;igsh=MzRlODBiNWFlZA==\" target=\"_blank\" rel=\"nofollow noopener\">sen t\u00e4\u00e4lt\u00e4<\/a>.<\/p>\n<p class=\"article-content article-content-width !bg-background\"> \u2013\u00a0Oli pakko, Kirsi kirjoittaa julkaisun kuvatekstiss\u00e4. <\/p>\n<p class=\"article-content article-content-width !bg-background\">Kuva sai valtavasti huvittuneita kommentteja osakseen.<\/p>\n<p class=\"article-content article-content-width !bg-background\"> \u2013\u00a0Meinas tulla pisut housuun, tuskailee muuan kommenoija. <\/p>\n<p class=\"article-content article-content-width !bg-background\">Toisia kuva puolestaan h\u00e4kellytti.<\/p>\n<p class=\"article-content article-content-width !bg-background\"> \u2013 Sanattomaksi vet\u00e4\u00e4, kommenttikent\u00e4ss\u00e4 tokaistaan.<\/p>\n<p><script async src=\"\/\/www.instagram.com\/embed.js\"><\/script><\/p>\n","protected":false},"excerpt":{"rendered":"MTV:n pitk\u00e4aikainen uutisankkuri Kirsi Alm-Siira julkaisi Instagramiin maanantaina (6.7.) r\u00e4ike\u00e4sti muokatun kuvan. Katso my\u00f6s! Kirsi Alm-Siira, mit\u00e4 emojia&hellip;\n","protected":false},"author":2,"featured_media":295761,"comment_status":"","ping_status":"","sticky":false,"template":"","format":"standard","meta":{"footnotes":"","_share_on_mastodon":"0"},"categories":[136],"tags":[407,137,38832,33,31,30,408,7842,15160,212,2376,32,109],"class_list":["post-295760","post","type-post","status-publish","format-standard","has-post-thumbnail","category-julkkikset","tag-celebrities","tag-entertainment","tag-erling-haaland","tag-fi","tag-finland","tag-finnish","tag-julkkikset","tag-kirsi-alm-siira","tag-kuvanmuokkaus","tag-lifestyle","tag-mtv","tag-suomi","tag-viihde"],"share_on_mastodon":{"url":"https:\/\/pubeurope.com\/@fi\/116879685275333921","error":""},"_links":{"self":[{"href":"https:\/\/www.europesays.com\/fi\/wp-json\/wp\/v2\/posts\/295760","targetHints":{"allow":["GET"]}}],"collection":[{"href":"https:\/\/www.europesays.com\/fi\/wp-json\/wp\/v2\/posts"}],"about":[{"href":"https:\/\/www.europesays.com\/fi\/wp-json\/wp\/v2\/types\/post"}],"author":[{"embeddable":true,"href":"https:\/\/www.europesays.com\/fi\/wp-json\/wp\/v2\/users\/2"}],"replies":[{"embeddable":true,"href":"https:\/\/www.europesays.com\/fi\/wp-json\/wp\/v2\/comments?post=295760"}],"version-history":[{"count":0,"href":"https:\/\/www.europesays.com\/fi\/wp-json\/wp\/v2\/posts\/295760\/revisions"}],"wp:featuredmedia":[{"embeddable":true,"href":"https:\/\/www.europesays.com\/fi\/wp-json\/wp\/v2\/media\/295761"}],"wp:attachment":[{"href":"https:\/\/www.europesays.com\/fi\/wp-json\/wp\/v2\/media?parent=295760"}],"wp:term":[{"taxonomy":"category","embeddable":true,"href":"https:\/\/www.europesays.com\/fi\/wp-json\/wp\/v2\/categories?post=295760"},{"taxonomy":"post_tag","embeddable":true,"href":"https:\/\/www.europesays.com\/fi\/wp-json\/wp\/v2\/tags?post=295760"}],"curies":[{"name":"wp","href":"https:\/\/api.w.org\/{rel}","templated":true}]}}