{"id":295827,"date":"2026-07-07T18:31:13","date_gmt":"2026-07-07T18:31:13","guid":{"rendered":"https:\/\/www.europesays.com\/fi\/295827\/"},"modified":"2026-07-07T18:31:13","modified_gmt":"2026-07-07T18:31:13","slug":"maria-nordinin-rohkea-raskauskuva-keraa-ihastelua-luonnonmukaiset-hoidot-ja-hyvinvointi-keskiossa","status":"publish","type":"post","link":"https:\/\/www.europesays.com\/fi\/295827\/","title":{"rendered":"Maria Nordinin rohkea raskauskuva ker\u00e4\u00e4 ihastelua \u2013 luonnonmukaiset hoidot ja hyvinvointi keski\u00f6ss\u00e4"},"content":{"rendered":"<p>            Atte Kajova\n        <\/p>\n<p class=\"subtitle \">Marian raskauskuvat her\u00e4ttiv\u00e4t valtavasti ihastelua.<\/p>\n<p class=\"article-content article-content-width !bg-background\"> Arkkitehti ja somevaikuttaja , 42, odottaa viidett\u00e4 lastaan yhdess\u00e4 muusikkokumppaninsa  kanssa.\u00a0<\/p>\n<p class=\"font-weight-bold m-font-weight-bold article-content article-content-width !bg-background\">Katso my\u00f6s! Reino Nordinilta uusi aluevaltaus (2025):<\/p>\n<p class=\"article-content article-content-width !bg-background\">Maria kertoi tulevasta pienokaisesta maaliskuussa, joten raskaus lienee jo reippaasti yli puoliv\u00e4lin. Maria julkaisi sunnuntaina (5.7.) Instagramiin n\u00e4ytt\u00e4v\u00e4n otoksen kauniisti py\u00f6ristyneest\u00e4 raskausvatsastaan.<\/p>\n<p>Rohkeat kuvaukset veneess\u00e4!<\/p>\n<p class=\"article-content article-content-width !bg-background\">Otoksessa Maria poseraa luonnonveden \u00e4\u00e4relle parkkeeratussa soutuveneess\u00e4 alasti kylkiasennossa. Jalat ja k\u00e4det peitt\u00e4v\u00e4t kuvasta kriittisimm\u00e4t alueet niin, ettei kuvaa ole kuitenkaan tarvinnut sosiaalista mediaa varten sensuroida.<\/p>\n<p>        <a itemprop=\"url\" href=\"https:\/\/www.seiska.fi\/terveys\/maria-nordin-avautuu-liukuvoiteista-seksuaaliterapeutit-ja-ties-mitka-seksuaaliasiantuntijat-sanovat\/1257438\" rel=\"nofollow noopener\" target=\"_blank\"><\/p>\n<p class=\"section-date\">\n        <strong class=\"article-section\" data-section=\"terveys\"><br \/>\n            terveys<br \/>\n        <\/strong><br \/>\n        30.1.2024 18:30\n    <\/p>\n<p>Maria Nordin avautuu liukuvoiteista \u2013 &#8221;Seksuaaliterapeutit ja ties mitk\u00e4 seksuaaliasiantuntijat sanovat&#8230;&#8221;\n    <\/p>\n<p itemprop=\"description\" class=\"subtitle \">\n    Marian mielest\u00e4 liukuvoiteen k\u00e4ytt\u00f6 ole tarpeellista.\n<\/p>\n<p>        <\/a><\/p>\n<p class=\"article-content article-content-width !bg-background\">Otos sai valtavasti ihastelua osakseen kommenttikent\u00e4ss\u00e4.<\/p>\n<p class=\"article-content article-content-width !bg-background\"> \u2013 Todella Kaunis kuva, muuan kommentoija ihastelee.<\/p>\n<p class=\"article-content article-content-width !bg-background\"> \u2013 Hitsi, kyll\u00e4 ihminen osaa olla kaunis, h\u00e4mm\u00e4stelee toinen.<\/p>\n<p>Erilainen odottaja<\/p>\n<p class=\"article-content article-content-width !bg-background\"> Julkaisun kuvatekstiss\u00e4 Maria puhuu oman hyvinvoinnin tutkimisen puolesta, ja kannustaa t\u00e4ll\u00e4 kertaa ihmisi\u00e4 pohtimaan, soutavatko he omaa hyvinvointiaan vastaan. <\/p>\n<p>        <a itemprop=\"url\" href=\"https:\/\/www.seiska.fi\/kotimaa\/raskaana-oleva-maria-nordin-ei-kay-neuvolassa-selventaa-nyt-nakemystaan\/2141389\" rel=\"nofollow noopener\" target=\"_blank\"><\/p>\n<p>\nRaskaana oleva Maria Nordin\n<\/p>\n<p class=\"section-date\">\n        <strong class=\"article-section\" data-section=\"kotimaa\"><br \/>\n            kotimaa<br \/>\n        <\/strong><br \/>\n        1.5. 18:00\n    <\/p>\n<p>Raskaana oleva Maria Nordin ei k\u00e4y neuvolassa: Selvent\u00e4\u00e4 nyt n\u00e4kemyst\u00e4\u00e4n\n    <\/p>\n<p itemprop=\"description\" class=\"subtitle \">\n    Maria on kohahduttanut vaihtoehtoisilla n\u00e4kemyksill\u00e4\u00e4n. Nyt h\u00e4n avaa ajatusmaailmaansa hieman tarkemmin.\n<\/p>\n<p>        <\/a><\/p>\n<p class=\"article-content article-content-width !bg-background\">Maria on tunnettu kuohauttavista mielipiteist\u00e4\u00e4n, erityisesti mit\u00e4 terveyteen tulee.\u00a0Maria kuuluu niin sanottujen vaihtoehtoisten hoitojen kannattajiin. H\u00e4n kannustaa ihmisi\u00e4 kokeilemaan luonnonmukaisia keinoja ja on puhunut avoimesti muun muassa manifestoinnin ja alitajuisten uskomusten voimasta.<\/p>\n<p>                <img decoding=\"async\" src=\"https:\/\/www.europesays.com\/fi\/wp-content\/uploads\/2026\/07\/2201582.webp\" width=\"576\" height=\"274\" alt=\"Tuleva lapsi on Marialle ja Reinolle viides yhteinen. Perheeseen kuuluu my\u00f6s Reinon jo aikuinen poika h\u00e4nen aiemmasta suhteestaan.\" loading=\"lazy\" \/>            <\/p>\n<p>\n            Tuleva lapsi on Marialle ja Reinolle viides yhteinen. Perheeseen kuuluu my\u00f6s Reinon jo aikuinen poika h\u00e4nen aiemmasta suhteestaan.<br \/>\n            Atte Kajova\n        <\/p>\n<p class=\"article-content article-content-width !bg-background\"><a href=\"https:\/\/www.instagram.com\/p\/DXwojuvjEgr\/?utm_source=ig_web_copy_link&amp;igsh=MzRlODBiNWFlZA%3D%3D\" target=\"_blank\" rel=\"nofollow noopener\">Maria on kertonut aiemmin Instagramissa<\/a>, ettei esimerkiksi koe t\u00e4m\u00e4nk\u00e4\u00e4n raskauden kohdalla tarvetta raskaudenaikaisille neuvolak\u00e4ynneille,<a href=\"https:\/\/www.terveyskirjasto.fi\/dlk00186\" target=\"_blank\" rel=\"nofollow noopener\"> toisin kuin valtaosa muista odottavista suomalais\u00e4ideist\u00e4<\/a>. Samassa h\u00e4n kuitenkin huomautti, ettei h\u00e4n suinkaan vastusta kaikkia l\u00e4\u00e4ketieteellisi\u00e4 tutkimuksia. Ennalta m\u00e4\u00e4riteltyjen kartoitusten sijaan h\u00e4n kuitenkin kuuntelee ennemmin omaa kehoaan ja oloaan.<\/p>\n<p><script async src=\"\/\/www.instagram.com\/embed.js\"><\/script><\/p>\n","protected":false},"excerpt":{"rendered":"Atte Kajova Marian raskauskuvat her\u00e4ttiv\u00e4t valtavasti ihastelua. Arkkitehti ja somevaikuttaja , 42, odottaa viidett\u00e4 lastaan yhdess\u00e4 muusikkokumppaninsa kanssa.\u00a0&hellip;\n","protected":false},"author":2,"featured_media":295828,"comment_status":"","ping_status":"","sticky":false,"template":"","format":"standard","meta":{"footnotes":"","_share_on_mastodon":"0"},"categories":[130],"tags":[137,33,31,30,212,12707,2443,5184,2210,32,37992,109],"class_list":["post-295827","post","type-post","status-publish","format-standard","has-post-thumbnail","category-viihde","tag-entertainment","tag-fi","tag-finland","tag-finnish","tag-lifestyle","tag-maria-nordin","tag-raskaus","tag-reino-nordin","tag-somevaikuttaja","tag-suomi","tag-vaihtoehtoiset-hoidot","tag-viihde"],"share_on_mastodon":{"url":"","error":""},"_links":{"self":[{"href":"https:\/\/www.europesays.com\/fi\/wp-json\/wp\/v2\/posts\/295827","targetHints":{"allow":["GET"]}}],"collection":[{"href":"https:\/\/www.europesays.com\/fi\/wp-json\/wp\/v2\/posts"}],"about":[{"href":"https:\/\/www.europesays.com\/fi\/wp-json\/wp\/v2\/types\/post"}],"author":[{"embeddable":true,"href":"https:\/\/www.europesays.com\/fi\/wp-json\/wp\/v2\/users\/2"}],"replies":[{"embeddable":true,"href":"https:\/\/www.europesays.com\/fi\/wp-json\/wp\/v2\/comments?post=295827"}],"version-history":[{"count":0,"href":"https:\/\/www.europesays.com\/fi\/wp-json\/wp\/v2\/posts\/295827\/revisions"}],"wp:featuredmedia":[{"embeddable":true,"href":"https:\/\/www.europesays.com\/fi\/wp-json\/wp\/v2\/media\/295828"}],"wp:attachment":[{"href":"https:\/\/www.europesays.com\/fi\/wp-json\/wp\/v2\/media?parent=295827"}],"wp:term":[{"taxonomy":"category","embeddable":true,"href":"https:\/\/www.europesays.com\/fi\/wp-json\/wp\/v2\/categories?post=295827"},{"taxonomy":"post_tag","embeddable":true,"href":"https:\/\/www.europesays.com\/fi\/wp-json\/wp\/v2\/tags?post=295827"}],"curies":[{"name":"wp","href":"https:\/\/api.w.org\/{rel}","templated":true}]}}