{"id":296058,"date":"2026-07-08T01:34:10","date_gmt":"2026-07-08T01:34:10","guid":{"rendered":"https:\/\/www.europesays.com\/fi\/296058\/"},"modified":"2026-07-08T01:34:10","modified_gmt":"2026-07-08T01:34:10","slug":"jatatko-polkupyoran-lukitsematta-tai-huonolle-lukitukselle-kotipihassa-tai-taloyhtion-varastossa-virhe","status":"publish","type":"post","link":"https:\/\/www.europesays.com\/fi\/296058\/","title":{"rendered":"J\u00e4t\u00e4tk\u00f6 polkupy\u00f6r\u00e4n lukitsematta tai huonolle lukitukselle kotipihassa tai taloyhti\u00f6n varastossa? \u2013 Virhe"},"content":{"rendered":"<p>\n\tLauri Heikkil\u00e4\t7.7.2026 21:15, muokattu<br \/>\n\t6.7.2026 15:32\n<\/p>\n<p>\t\t\t\t\t\t\t\t\tKotimaa<\/p>\n<p class=\"wp-block-paragraph\">Moni j\u00e4tt\u00e4\u00e4 polkupy\u00f6r\u00e4n lukitsematta juuri siell\u00e4, miss\u00e4 riski sen varkaudelle on suuri, selvi\u00e4\u00e4 L\u00e4hiTapiola-vakuutusyhti\u00f6n teett\u00e4m\u00e4st\u00e4 Arjen katsaus -kyselyst\u00e4.<\/p>\n<p class=\"wp-block-paragraph\">Kyselyyn vastanneista 28 prosenttia kertoi j\u00e4tt\u00e4neens\u00e4 polkupy\u00f6r\u00e4n lukitsematta tai lukinneen sen tavallista heikommin kotona varastossa tai py\u00f6r\u00e4kellarissa. 27 prosenttia kertoi toimineensa n\u00e4in kotipihalla tai taloyhti\u00f6n pihassa, yhti\u00f6 kertoo tiedotteessaan.<\/p>\n<p class=\"wp-block-paragraph\">L\u00e4hiTapiolan mukaan taloyhti\u00f6iden yhteiset kellarit ja pihapiirit ovat esimerkkej\u00e4 yleisimmist\u00e4 paikoista, joista polkupy\u00f6r\u00e4 l\u00e4htee varkaan matkaan.<\/p>\n<p class=\"wp-block-paragraph\">M\u00e4\u00e4r\u00e4llisesti eniten polkupy\u00f6r\u00e4varkauksia tapahtuu hein\u00e4-syyskuussa eli juuri nyt, L\u00e4hiTapiolan kotivakuutuksen kehitysp\u00e4\u00e4llikk\u00f6 <strong>Timo Ekholm<\/strong> kertoo tiedotteessa.<\/p>\n<p class=\"wp-block-paragraph\">\u2013 Kyselytulosten perusteella moni saattaa ajatella esimerkiksi kotipihan olevan paikka, josta ulkopuolinen ei saisi py\u00f6r\u00e4\u00e4 varastettua kenenk\u00e4\u00e4n huomaamatta. Py\u00f6r\u00e4 l\u00e4htee kuitenkin taitavan varkaan matkaan eritt\u00e4in nopeasti ja kaikista nopeimmin silloin, kun sit\u00e4 ei ole lukittu. Jos joku t\u00e4ll\u00f6in n\u00e4keekin tilanteen, h\u00e4n ei v\u00e4ltt\u00e4m\u00e4tt\u00e4 edes hahmota, ett\u00e4 kyse on varkaudesta.<\/p>\n","protected":false},"excerpt":{"rendered":"Lauri Heikkil\u00e4 7.7.2026 21:15, muokattu 6.7.2026 15:32 Kotimaa Moni j\u00e4tt\u00e4\u00e4 polkupy\u00f6r\u00e4n lukitsematta juuri siell\u00e4, miss\u00e4 riski sen varkaudelle&hellip;\n","protected":false},"author":2,"featured_media":296059,"comment_status":"","ping_status":"","sticky":false,"template":"","format":"standard","meta":{"footnotes":"","_share_on_mastodon":"0"},"categories":[14],"tags":[22,23,26,27,33,31,30,17,71,4689,24,25,28,29,15,18,21,20841,39051,32,19,20,56,16,6981,5612,59,60,61],"class_list":["post-296058","post","type-post","status-publish","format-standard","has-post-thumbnail","category-ulkomaat","tag-breaking-news","tag-breakingnews","tag-featured-news","tag-featurednews","tag-fi","tag-finland","tag-finnish","tag-headlines","tag-kotimaa","tag-kotitaloudet","tag-latest-news","tag-latestnews","tag-main-news","tag-mainnews","tag-news","tag-otsikot","tag-paauutiset","tag-polkupyora","tag-polkupyoravarkaudet","tag-suomi","tag-top-stories","tag-topstories","tag-ulkomaat","tag-uutiset","tag-vakuutus","tag-varkaudet","tag-world","tag-world-news","tag-worldnews"],"share_on_mastodon":{"url":"https:\/\/pubeurope.com\/@fi\/116881789168058402","error":""},"_links":{"self":[{"href":"https:\/\/www.europesays.com\/fi\/wp-json\/wp\/v2\/posts\/296058","targetHints":{"allow":["GET"]}}],"collection":[{"href":"https:\/\/www.europesays.com\/fi\/wp-json\/wp\/v2\/posts"}],"about":[{"href":"https:\/\/www.europesays.com\/fi\/wp-json\/wp\/v2\/types\/post"}],"author":[{"embeddable":true,"href":"https:\/\/www.europesays.com\/fi\/wp-json\/wp\/v2\/users\/2"}],"replies":[{"embeddable":true,"href":"https:\/\/www.europesays.com\/fi\/wp-json\/wp\/v2\/comments?post=296058"}],"version-history":[{"count":0,"href":"https:\/\/www.europesays.com\/fi\/wp-json\/wp\/v2\/posts\/296058\/revisions"}],"wp:featuredmedia":[{"embeddable":true,"href":"https:\/\/www.europesays.com\/fi\/wp-json\/wp\/v2\/media\/296059"}],"wp:attachment":[{"href":"https:\/\/www.europesays.com\/fi\/wp-json\/wp\/v2\/media?parent=296058"}],"wp:term":[{"taxonomy":"category","embeddable":true,"href":"https:\/\/www.europesays.com\/fi\/wp-json\/wp\/v2\/categories?post=296058"},{"taxonomy":"post_tag","embeddable":true,"href":"https:\/\/www.europesays.com\/fi\/wp-json\/wp\/v2\/tags?post=296058"}],"curies":[{"name":"wp","href":"https:\/\/api.w.org\/{rel}","templated":true}]}}