{"id":296171,"date":"2026-07-08T05:26:13","date_gmt":"2026-07-08T05:26:13","guid":{"rendered":"https:\/\/www.europesays.com\/fi\/296171\/"},"modified":"2026-07-08T05:26:13","modified_gmt":"2026-07-08T05:26:13","slug":"martina-aitolehti-ja-veli-joonathan-kettunen-vuosien-valirikko","status":"publish","type":"post","link":"https:\/\/www.europesays.com\/fi\/296171\/","title":{"rendered":"Martina Aitolehti ja veli Joonathan Kettunen: Vuosien v\u00e4lirikko!"},"content":{"rendered":"<p>            Ninni Varsila\n        <\/p>\n<p class=\"subtitle \">Martina ja Joonathan j\u00e4iv\u00e4t erossa eri vanhemmille.<\/p>\n<p class=\"article-content article-content-width !bg-background\">Hyvinvointiyritt\u00e4j\u00e4 , 43, on yksi Suomen tunnetuimmista kasvoista. My\u00f6s koko aikuisik\u00e4ns\u00e4 valokeilassa viett\u00e4neen Martinan perhe on tullut monille tutuksi.<\/p>\n<p class=\"font-weight-bold m-font-weight-bold article-content article-content-width !bg-background\">Seiskan Tutut tassut: Martina Aitolehti ja Nala-koira:<\/p>\n<p class=\"article-content article-content-width !bg-background\">Martinan ex-miehen  lahjakkuutta on saatu ihastella niin radioaalloilla kuin Salkkareissakin. Ex-parin tyt\u00e4r  puolestaan astui hiljattain parrasvaloihin Ylen Nepot-sarjassa. Niin ik\u00e4\u00e4n Martinan \u00e4iti  on piipahdellut ajoittain julkisuudessa tytt\u00e4rens\u00e4 rinnalla.\u00a0<\/p>\n<p class=\"article-content article-content-width !bg-background\">Harva kuitenkaan muistanee, ett\u00e4 Martinalla on my\u00f6s pikkuveli. Nyt Martina ja , 41, <a href=\"https:\/\/www.is.fi\/menaiset\/ihmiset-ja-suhteet\/art-2000012040147.html\" target=\"_blank\" rel=\"nofollow noopener\">kertovat sisarussuhteestaan <\/a> -lehden tuoreessa haastattelussa.\u00a0<\/p>\n<p>        <a itemprop=\"url\" href=\"https:\/\/www.seiska.fi\/kotimaa\/avoimesti-yhdessa-martina-aitolehti-ja-nyrkkeilytahti-festivaalitunnelmissa\/2199345\" rel=\"nofollow noopener\" target=\"_blank\"><\/p>\n<p>\nMartina ja nyrkkeilyt\u00e4hti\n<\/p>\n<p class=\"section-date\">\n        <strong class=\"article-section\" data-section=\"kotimaa\"><br \/>\n            kotimaa<br \/>\n        <\/strong><br \/>\n        5.7. 11:31\n    <\/p>\n<p>Avoimesti yhdess\u00e4! Martina Aitolehti ja nyrkkeilyt\u00e4hti festivaalitunnelmissa\n    <\/p>\n<p itemprop=\"description\" class=\"subtitle \">\n    Martina ei peittele sit\u00e4, ett\u00e4 viihtyy Hajji Muhiksen seurassa.\n<\/p>\n<p>        <\/a><\/p>\n<p>                <img decoding=\"async\" src=\"https:\/\/www.europesays.com\/fi\/wp-content\/uploads\/2026\/07\/2201271.webp\" width=\"576\" height=\"720\" alt=\"Martinan ex-mies Esko on yh\u00e4 osa perhett\u00e4. H\u00e4n osallistuu yh\u00e4 Martinan j\u00e4rjest\u00e4mille perhelomille.\" loading=\"lazy\" \/>            <\/p>\n<p>\n            Martinan ex-mies Esko on yh\u00e4 osa perhett\u00e4. H\u00e4n osallistuu yh\u00e4 Martinan j\u00e4rjest\u00e4mille perhelomille.<br \/>\n            TIMO KORHONEN\n        <\/p>\n<p>Yhteys katkesi<\/p>\n<p class=\"article-content article-content-width !bg-background\">Martina on 2,5 vuotta Joonathania vanhempi. Kaksikko leikkikin lapsena tiiviisti yhdess\u00e4.\u00a0<\/p>\n<p class=\"article-content article-content-width !bg-background\">Joonathanin ollessa 6-vuotias tilanne kuitenkin muuttui. T\u00e4m\u00e4n vanhemmat erosivat, ja Joonathan j\u00e4i asumaan is\u00e4ns\u00e4 muusikko  kanssa. Martina, jonka oma is\u00e4 ei koskaan ole ollut l\u00e4sn\u00e4, j\u00e4i sisarusten \u00e4idille.\u00a0<\/p>\n<p>        <a itemprop=\"url\" href=\"https:\/\/www.seiska.fi\/katso\/victoria-eerikainen-16-toi-poikaystavansa-julkisuuteen\/2184504\" rel=\"nofollow noopener\" target=\"_blank\"><\/p>\n<p>\nVictoria Eerik\u00e4inen, 16:\n<\/p>\n<p class=\"section-date\">\n        <strong class=\"article-section\" data-section=\"katso\"><br \/>\n            katso<br \/>\n        <\/strong><br \/>\n        20.6. 07:15\n    <\/p>\n<p>Victoria Eerik\u00e4inen, 16, toi poikayst\u00e4v\u00e4ns\u00e4 julkisuuteen\n    <\/p>\n<p itemprop=\"description\" class=\"subtitle \">\n    Victoria on saanut &#8221;kihlontasormuksen&#8221; poikayst\u00e4v\u00e4lt\u00e4\u00e4n.\n<\/p>\n<p>        <\/a><\/p>\n<p class=\"article-content article-content-width !bg-background\">Joonathan l\u00e4hti is\u00e4ns\u00e4 kanssa reissaamaan Eurooppaan. Sisarusten yhteys katkesi, eik\u00e4 syyt\u00e4 selitetty lapsille.\u00a0<\/p>\n<p class=\"article-content article-content-width !bg-background\">\u2013 Min\u00e4 ihmettelin, miksi en yht\u00e4kki\u00e4 ollutkaan en\u00e4\u00e4 \u00e4idin ja Marun kanssa miss\u00e4\u00e4n tekemisiss\u00e4, vaan seilasimme jossain huitsin humpassa, Joonathan toteaa lehdess\u00e4.\u00a0<\/p>\n<p>Uusi alku<\/p>\n<p class=\"article-content article-content-width !bg-background\">Vuosikymmenen kest\u00e4nyt et\u00e4isyys p\u00e4\u00e4ttyi vuonna 2001, jolloin Joonathan palasi Suomeen. 16-vuotiaana h\u00e4n muutti \u00e4itins\u00e4 luo. Saman katon alla asuivat Martina sek\u00e4 perheen kuopus, tuolloin vasta 9-vuotias .\u00a0<\/p>\n<p class=\"article-content article-content-width !bg-background\">Sisarukset rakensivat suhteensa uudelleen. Joonathan saattoi Martinan jopa alttarille t\u00e4m\u00e4n avioituessa Eskon kanssa 2007. Nyky\u00e4\u00e4n v\u00e4lit ovat l\u00e4heiset, vaikka kovin usein Martina ja Joonathan eiv\u00e4t toisiaan ehdi tapaamaan.\u00a0<\/p>\n<p>        <a itemprop=\"url\" href=\"https:\/\/www.seiska.fi\/kotimaa\/podcast-esko-eerikainen-pulassa-ravintolassa-rahat-eivat-riittaneet\/2156680\" rel=\"nofollow noopener\" target=\"_blank\"><\/p>\n<p>\nPodcast:\n<\/p>\n<p class=\"section-date\">\n        <strong class=\"article-section\" data-section=\"kotimaa\"><br \/>\n            kotimaa<br \/>\n        <\/strong><br \/>\n        22.5. 08:00\n    <\/p>\n<p>Podcast: Esko Eerik\u00e4inen pulassa ravintolassa \u2013 rahat eiv\u00e4t riitt\u00e4neet\n    <\/p>\n<p itemprop=\"description\" class=\"subtitle \">\n    Kiusallinen tilanne meinasi muuttua uhkaavaksi.\n<\/p>\n<p>        <\/a><\/p>\n<p>                <img decoding=\"async\" src=\"https:\/\/www.europesays.com\/fi\/wp-content\/uploads\/2026\/07\/2201276.webp\" width=\"576\" height=\"720\" alt=\"Martinalle oli itsest\u00e4\u00e4n selv\u00e4\u00e4, ett\u00e4 Joonathan saattaa h\u00e4net alttarille. Kuva Martinan ja Eskon h\u00e4ist\u00e4 vuonna 2007.\" loading=\"lazy\" \/>            <\/p>\n<p>\n            Martinalle oli itsest\u00e4\u00e4n selv\u00e4\u00e4, ett\u00e4 Joonathan saattaa h\u00e4net alttarille. Kuva Martinan ja Eskon h\u00e4ist\u00e4 vuonna 2007.<br \/>\n            Timo Vottonen\n        <\/p>\n<p class=\"article-content article-content-width !bg-background\">Yhteytt\u00e4 kaksikko pit\u00e4\u00e4 viesteill\u00e4. Jouluna koko perhe kokoontuu yhteen, mink\u00e4 lis\u00e4ksi Martina pyrkii j\u00e4rjest\u00e4m\u00e4\u00e4n s\u00e4\u00e4nn\u00f6llisesti kaksikon \u00e4idille sek\u00e4 perheille yhteisen kes\u00e4reissun.<\/p>\n<p class=\"article-content article-content-width !bg-background\">\u2013 T\u00e4rkeint\u00e4 on fiilis, ett\u00e4 toinen v\u00e4litt\u00e4\u00e4. Olemme aina olemassa toisillemme. Sen tiedostaminen on parempaa, kuin turhat l\u00f6pertelyt, Martina kuvailee.\u00a0<\/p>\n<p>        <a itemprop=\"url\" href=\"https:\/\/www.seiska.fi\/kotimaa\/martina-aitolehti-podcastissa-paljonpuhuva-vihjaus-gettomasasta-ikaero-ei-haittaa\/2163078\" rel=\"nofollow noopener\" target=\"_blank\"><\/p>\n<p>\nMartina AItolehti vihjailee podcastissa\n<\/p>\n<p class=\"section-date\">\n        <strong class=\"article-section\" data-section=\"kotimaa\"><br \/>\n            kotimaa<br \/>\n        <\/strong><br \/>\n        27.5. 08:57\n    <\/p>\n<p>Martina Aitolehti podcastissa: Paljonpuhuva vihjaus Gettomasasta \u2013 ik\u00e4ero ei haittaa!\n    <\/p>\n<p itemprop=\"description\" class=\"subtitle \">\n    Gettomasa on sulattanut Martinan syd\u00e4men.\n<\/p>\n<p>        <\/a><\/p>\n","protected":false},"excerpt":{"rendered":"Ninni Varsila Martina ja Joonathan j\u00e4iv\u00e4t erossa eri vanhemmille. Hyvinvointiyritt\u00e4j\u00e4 , 43, on yksi Suomen tunnetuimmista kasvoista. My\u00f6s&hellip;\n","protected":false},"author":2,"featured_media":296172,"comment_status":"","ping_status":"","sticky":false,"template":"","format":"standard","meta":{"footnotes":"","_share_on_mastodon":"0"},"categories":[130],"tags":[1177,39058,39057,137,1664,1176,33,31,30,7184,39056,1232,212,2878,8055,98,13518,39059,32,2284,5117,109],"class_list":["post-296171","post","type-post","status-publish","format-standard","has-post-thumbnail","category-viihde","tag-aiti","tag-anne-aitolehti","tag-edu-kettunen","tag-entertainment","tag-ero","tag-esko-eerikainen","tag-fi","tag-finland","tag-finnish","tag-isa","tag-joonathan-kettunen","tag-lapsuus","tag-lifestyle","tag-martina-aitolehti","tag-me-naiset","tag-perhe","tag-sisko","tag-steffi-sisko","tag-suomi","tag-veli","tag-victoria-eerikainen","tag-viihde"],"share_on_mastodon":{"url":"https:\/\/pubeurope.com\/@fi\/116882701412360804","error":""},"_links":{"self":[{"href":"https:\/\/www.europesays.com\/fi\/wp-json\/wp\/v2\/posts\/296171","targetHints":{"allow":["GET"]}}],"collection":[{"href":"https:\/\/www.europesays.com\/fi\/wp-json\/wp\/v2\/posts"}],"about":[{"href":"https:\/\/www.europesays.com\/fi\/wp-json\/wp\/v2\/types\/post"}],"author":[{"embeddable":true,"href":"https:\/\/www.europesays.com\/fi\/wp-json\/wp\/v2\/users\/2"}],"replies":[{"embeddable":true,"href":"https:\/\/www.europesays.com\/fi\/wp-json\/wp\/v2\/comments?post=296171"}],"version-history":[{"count":0,"href":"https:\/\/www.europesays.com\/fi\/wp-json\/wp\/v2\/posts\/296171\/revisions"}],"wp:featuredmedia":[{"embeddable":true,"href":"https:\/\/www.europesays.com\/fi\/wp-json\/wp\/v2\/media\/296172"}],"wp:attachment":[{"href":"https:\/\/www.europesays.com\/fi\/wp-json\/wp\/v2\/media?parent=296171"}],"wp:term":[{"taxonomy":"category","embeddable":true,"href":"https:\/\/www.europesays.com\/fi\/wp-json\/wp\/v2\/categories?post=296171"},{"taxonomy":"post_tag","embeddable":true,"href":"https:\/\/www.europesays.com\/fi\/wp-json\/wp\/v2\/tags?post=296171"}],"curies":[{"name":"wp","href":"https:\/\/api.w.org\/{rel}","templated":true}]}}