{"id":296302,"date":"2026-07-08T09:34:12","date_gmt":"2026-07-08T09:34:12","guid":{"rendered":"https:\/\/www.europesays.com\/fi\/296302\/"},"modified":"2026-07-08T09:34:12","modified_gmt":"2026-07-08T09:34:12","slug":"metan-uusi-kuvageneraattori-voi-kayttaa-kuviasi-nain-estat-sen","status":"publish","type":"post","link":"https:\/\/www.europesays.com\/fi\/296302\/","title":{"rendered":"Metan uusi kuvageneraattori voi k\u00e4ytt\u00e4\u00e4 kuviasi \u2013 n\u00e4in est\u00e4t sen"},"content":{"rendered":"<p class=\"is-style-dropcap\">Meta ilmoitti tiistaina Muse Image -teko\u00e4lykuvageneraattorinsa ja my\u00f6hemmin k\u00e4ytt\u00f6\u00f6n tulevan Muse Video -videogeneraattorinsa julkaisusta. Huomionarvoista Metan uusissa palveluissa on, ett\u00e4 niill\u00e4 voi luoda kuvia Instagram-k\u00e4ytt\u00e4jist\u00e4, joiden profiilit ovat julkisia. Palvelut eiv\u00e4t my\u00f6sk\u00e4\u00e4n ilmoita mill\u00e4\u00e4n tavalla k\u00e4ytt\u00e4jille, kun heist\u00e4 tehd\u00e4\u00e4n teko\u00e4lykuvia. Toiminnot laajentuvat my\u00f6hemmin my\u00f6s muihin Metan palveluihin, kuten WhatsAppiin ja Facebookiin. Asiasta uutisoivat muun muassa <a href=\"https:\/\/gizmodo.com\/if-you-have-a-public-instagram-account-you-might-be-surprised-what-ai-users-can-now-do-with-your-face-2000782694\" rel=\"nofollow noopener\" target=\"_blank\">Gizmodo<\/a> ja <a href=\"https:\/\/www.digitaltrends.com\/social-media\/metas-new-ai-can-generate-images-of-you-from-your-instagram-and-youre-opted-in\/\" rel=\"nofollow noopener\" target=\"_blank\">Digital Trends<\/a>.<\/p>\n<p>Gizmodon mukaan Meta AI -palvelussa kuvien luominen Muse Imagesilla onnistuu tunnetuista henkil\u00f6ist\u00e4, kuten Metan toimitusjohtaja <strong>Mark Zuckerbergst\u00e4<\/strong>, sek\u00e4 my\u00f6s aivan tavallisista Instagram-k\u00e4ytt\u00e4jist\u00e4. Kuvien luomiseksi toista k\u00e4ytt\u00e4j\u00e4\u00e4 ei tarvitse seurata tai olla t\u00e4m\u00e4n kanssa muutoinkaan miss\u00e4\u00e4n tekemisiss\u00e4. Riitt\u00e4\u00e4, ett\u00e4 henkil\u00f6n profiili on julkinen, ja ett\u00e4 h\u00e4n ei ole erikseen kielt\u00e4nyt kuviensa ja kelojensa (Instagramin nimitys lyhytvideoille) k\u00e4ytt\u00e4mist\u00e4 teko\u00e4lykuvien luomisessa Instagramin asetuksissa.<\/p>\n<p>Muse Image kilpailee suoraan X:n Grok-teko\u00e4lyn kanssa. Grok aiheutti <a href=\"https:\/\/gizmodo.com\/people-spent-the-holidays-asking-grok-to-generate-sexual-images-of-children-2000704919\" rel=\"nofollow noopener\" target=\"_blank\">kuohuntaa<\/a> vuodenvaihteessa, kun X:n k\u00e4ytt\u00e4j\u00e4t loivat sill\u00e4 seksualisoituja kuvia muun muassa alaik\u00e4isist\u00e4 lapsista.<\/p>\n<p>\u201dMuse Imagessa on sis\u00e4\u00e4nrakennettuja suojauksia, joiden tarkoituksena on est\u00e4\u00e4 k\u00e4yt\u00e4nt\u00f6jemme vastaisen sis\u00e4ll\u00f6n luominen, mukaan lukien v\u00e4kivaltaiset, seksuaaliset tai todellisia henkil\u00f6it\u00e4 halventavat kuvat\u201d, Metan edustajan Gizmodolle toimittamassa lausunnossa todetaan.<\/p>\n<p>Yksinkertaisin tapa est\u00e4\u00e4 sis\u00e4lt\u00f6jens\u00e4 k\u00e4ytt\u00f6 on asettaa Instagram-profiili yksityiseksi. T\u00e4m\u00e4 onnistuu menem\u00e4ll\u00e4 sovelluksessa omaan profiiliinsa oikeasta alakulmasta ja sen j\u00e4lkeen avaamalla asetukset oikeasta yl\u00e4kulmasta \u201dhampurilaisvalikosta\u201d. Asetuksista l\u00f6ytyy kohta \u201dtilin yksityisyys\u201d, josta yksityinen k\u00e4ytt\u00e4j\u00e4tili on valittavissa.<\/p>\n<p>Mik\u00e4li profiilin haluaa pit\u00e4\u00e4 julkisena, kuvien ja kelojen k\u00e4yt\u00f6n voi kielt\u00e4\u00e4. Se tapahtuu niin ik\u00e4\u00e4n profiilin asetuksista kohdasta \u201djakaminen ja uudelleenk\u00e4ytt\u00f6\u201d. T\u00e4lt\u00e4 sivulta voi est\u00e4\u00e4 sis\u00e4lt\u00f6jen pohjalta luomisen ja niiden uudelleenk\u00e4ytt\u00e4misen. N\u00e4m\u00e4 valinnat eiv\u00e4t n\u00e4y, jos tili on yksityinen.<\/p>\n<p><a href=\"https:\/\/google.com\/preferences\/source?q=tekniikanmaailma.fi\" rel=\"nofollow noopener\" target=\"_blank\"><img loading=\"lazy\" decoding=\"async\" width=\"338\" height=\"106\" src=\"https:\/\/www.europesays.com\/fi\/wp-content\/uploads\/2026\/07\/1783503252_669_google_preferred_source_badge_light_FI.webp\" alt=\"\" class=\"wp-image-2159879\"\/><\/a><\/p>\n","protected":false},"excerpt":{"rendered":"Meta ilmoitti tiistaina Muse Image -teko\u00e4lykuvageneraattorinsa ja my\u00f6hemmin k\u00e4ytt\u00f6\u00f6n tulevan Muse Video -videogeneraattorinsa julkaisusta. Huomionarvoista Metan uusissa palveluissa&hellip;\n","protected":false},"author":2,"featured_media":296303,"comment_status":"","ping_status":"","sticky":false,"template":"","format":"standard","meta":{"footnotes":"","_share_on_mastodon":"0"},"categories":[89],"tags":[432,431,1752,33,31,30,1028,32,91,92,433,2963],"class_list":["post-296302","post","type-post","status-publish","format-standard","has-post-thumbnail","category-tekoaly","tag-ai","tag-artificial-intelligence","tag-facebook","tag-fi","tag-finland","tag-finnish","tag-sosiaalinen-media","tag-suomi","tag-technology","tag-teknologia","tag-tekoaly","tag-whatsapp"],"share_on_mastodon":{"url":"https:\/\/pubeurope.com\/@fi\/116883677008652490","error":""},"_links":{"self":[{"href":"https:\/\/www.europesays.com\/fi\/wp-json\/wp\/v2\/posts\/296302","targetHints":{"allow":["GET"]}}],"collection":[{"href":"https:\/\/www.europesays.com\/fi\/wp-json\/wp\/v2\/posts"}],"about":[{"href":"https:\/\/www.europesays.com\/fi\/wp-json\/wp\/v2\/types\/post"}],"author":[{"embeddable":true,"href":"https:\/\/www.europesays.com\/fi\/wp-json\/wp\/v2\/users\/2"}],"replies":[{"embeddable":true,"href":"https:\/\/www.europesays.com\/fi\/wp-json\/wp\/v2\/comments?post=296302"}],"version-history":[{"count":0,"href":"https:\/\/www.europesays.com\/fi\/wp-json\/wp\/v2\/posts\/296302\/revisions"}],"wp:featuredmedia":[{"embeddable":true,"href":"https:\/\/www.europesays.com\/fi\/wp-json\/wp\/v2\/media\/296303"}],"wp:attachment":[{"href":"https:\/\/www.europesays.com\/fi\/wp-json\/wp\/v2\/media?parent=296302"}],"wp:term":[{"taxonomy":"category","embeddable":true,"href":"https:\/\/www.europesays.com\/fi\/wp-json\/wp\/v2\/categories?post=296302"},{"taxonomy":"post_tag","embeddable":true,"href":"https:\/\/www.europesays.com\/fi\/wp-json\/wp\/v2\/tags?post=296302"}],"curies":[{"name":"wp","href":"https:\/\/api.w.org\/{rel}","templated":true}]}}