{"id":296350,"date":"2026-07-08T11:10:11","date_gmt":"2026-07-08T11:10:11","guid":{"rendered":"https:\/\/www.europesays.com\/fi\/296350\/"},"modified":"2026-07-08T11:10:11","modified_gmt":"2026-07-08T11:10:11","slug":"tutkija-tylyttaa-vihreita-ylella-rakentavat-niin-etta-helsinki-nayttaa-kuunpinnalta-paikalliset","status":"publish","type":"post","link":"https:\/\/www.europesays.com\/fi\/296350\/","title":{"rendered":"Tutkija tylytt\u00e4\u00e4 vihreit\u00e4 Ylell\u00e4: Rakentavat niin, ett\u00e4 Helsinki n\u00e4ytt\u00e4\u00e4 kuunpinnalta | Paikalliset"},"content":{"rendered":"<p>Helsingin yliopiston kaupunkimaantieteen professori <strong>Mari Vaattovaara<\/strong> tylytt\u00e4\u00e4 <a href=\"https:\/\/yle.fi\/a\/74-20233687\" rel=\"nofollow noopener\" target=\"_blank\">Ylen artikkelissa <\/a>Helsingin vihreiden nykytilaa.<\/p>\n<p>Vaattovaara ihmettelee jutussa, ett\u00e4 miss\u00e4 se vihreys Helsingiss\u00e4 nyky\u00e4\u00e4n n\u00e4kyy.<\/p>\n<p>H\u00e4nen mukaansa vihreiden alkuaikojen moni\u00e4\u00e4nisyys ja liberalismi ovat tiess\u00e4\u00e4n. Vaattovaaran mukaan Helsinki\u00e4 rakennetaan nyt niin, ett\u00e4 lopputulos n\u00e4ytt\u00e4\u00e4 kuunpinnalta.<\/p>\n<p>\u2013 Ensin vied\u00e4\u00e4n kaikki maan muodot ja vihreys pois, rakennetaan isoja massiivisia kerrostaloja. Jos my\u00f6hemmin muistetaan, tuodaan paikalle puu jossain kassissa, Vaattovaara sanoo haastattelussa.<\/p>\n<p>Kaupunkimaantieteen professori sanoo artikkelissa ik\u00e4v\u00f6iv\u00e4ns\u00e4 aikaa, jolloin vihre\u00e4t pys\u00e4htyiv\u00e4t kaadettujen puiden \u00e4\u00e4relle suremaan.<\/p>\n<p>Helsingin vihre\u00e4 apulaispormestari <strong>Shawn Huff <\/strong>ei artikkelin mukaan niele Vaattovaaran kritiikki\u00e4 siit\u00e4, ett\u00e4 vihre\u00e4t eiv\u00e4t olisi en\u00e4\u00e4 vihreit\u00e4.<\/p>\n<p>Huffin mukaan vihre\u00e4t on aina yhdist\u00e4nyt kaupunkilaisuuden ja luonnon. H\u00e4nen mukaansa mets\u00e4t on pidetty mukana.<\/p>\n<p>\u2013 Emme rakenna Helsinki\u00e4 vain vihreille, vaan kaikille helsinkil\u00e4isille, Huff vastaa kritiikkiin.<\/p>\n<p>Huffin mukaan vihreist\u00e4 on kasvanut vision\u00e4\u00e4rien liike.<\/p>\n<p>Helsingin vihre\u00e4t t\u00e4ytt\u00e4\u00e4 50 vuotta. Puolue on pudonnut Helsingiss\u00e4 kolmanneksi suurimmaksi.<\/p>\n","protected":false},"excerpt":{"rendered":"Helsingin yliopiston kaupunkimaantieteen professori Mari Vaattovaara tylytt\u00e4\u00e4 Ylen artikkelissa Helsingin vihreiden nykytilaa. Vaattovaara ihmettelee jutussa, ett\u00e4 miss\u00e4 se&hellip;\n","protected":false},"author":2,"featured_media":296351,"comment_status":"","ping_status":"","sticky":false,"template":"","format":"standard","meta":{"footnotes":"","_share_on_mastodon":"0"},"categories":[12],"tags":[22,23,26,27,33,31,30,17,466,104,603,615,96,24,25,28,29,15,18,21,2305,11173,32,19,20,16],"class_list":["post-296350","post","type-post","status-publish","format-standard","has-post-thumbnail","category-suomi","tag-breaking-news","tag-breakingnews","tag-featured-news","tag-featurednews","tag-fi","tag-finland","tag-finnish","tag-headlines","tag-helsingin-yliopisto","tag-helsinki","tag-korkeakoulu","tag-koulut","tag-koulutus","tag-latest-news","tag-latestnews","tag-main-news","tag-mainnews","tag-news","tag-otsikot","tag-paauutiset","tag-puheenaiheet","tag-shawn-huff","tag-suomi","tag-top-stories","tag-topstories","tag-uutiset"],"share_on_mastodon":{"url":"https:\/\/pubeurope.com\/@fi\/116884054177686002","error":""},"_links":{"self":[{"href":"https:\/\/www.europesays.com\/fi\/wp-json\/wp\/v2\/posts\/296350","targetHints":{"allow":["GET"]}}],"collection":[{"href":"https:\/\/www.europesays.com\/fi\/wp-json\/wp\/v2\/posts"}],"about":[{"href":"https:\/\/www.europesays.com\/fi\/wp-json\/wp\/v2\/types\/post"}],"author":[{"embeddable":true,"href":"https:\/\/www.europesays.com\/fi\/wp-json\/wp\/v2\/users\/2"}],"replies":[{"embeddable":true,"href":"https:\/\/www.europesays.com\/fi\/wp-json\/wp\/v2\/comments?post=296350"}],"version-history":[{"count":0,"href":"https:\/\/www.europesays.com\/fi\/wp-json\/wp\/v2\/posts\/296350\/revisions"}],"wp:featuredmedia":[{"embeddable":true,"href":"https:\/\/www.europesays.com\/fi\/wp-json\/wp\/v2\/media\/296351"}],"wp:attachment":[{"href":"https:\/\/www.europesays.com\/fi\/wp-json\/wp\/v2\/media?parent=296350"}],"wp:term":[{"taxonomy":"category","embeddable":true,"href":"https:\/\/www.europesays.com\/fi\/wp-json\/wp\/v2\/categories?post=296350"},{"taxonomy":"post_tag","embeddable":true,"href":"https:\/\/www.europesays.com\/fi\/wp-json\/wp\/v2\/tags?post=296350"}],"curies":[{"name":"wp","href":"https:\/\/api.w.org\/{rel}","templated":true}]}}