{"id":296417,"date":"2026-07-08T13:22:13","date_gmt":"2026-07-08T13:22:13","guid":{"rendered":"https:\/\/www.europesays.com\/fi\/296417\/"},"modified":"2026-07-08T13:22:13","modified_gmt":"2026-07-08T13:22:13","slug":"saksalaislaakari-sai-tuomion-15-murhasta-uutisia-lyhyesti","status":"publish","type":"post","link":"https:\/\/www.europesays.com\/fi\/296417\/","title":{"rendered":"Saksalaisl\u00e4\u00e4k\u00e4ri sai tuomion 15 murhasta | Uutisia lyhyesti"},"content":{"rendered":"<p><img decoding=\"async\" alt=\"Oikeuden virkailija sulkee oikeussalin oven ennen oikeudenk\u00e4ynnin alkua Berliinin aluetuomioistuimessa 14. hein\u00e4kuuta 2025. Syytettyn\u00e4 oli palliatiivisen hoidon l\u00e4\u00e4k\u00e4ri, jonka v\u00e4itettiin surmanneen 15 potilasta. Lopullinen tuomio annettiin 8. hein\u00e4kuuta 2026.\" src=\"https:\/\/www.europesays.com\/fi\/wp-content\/uploads\/2026\/07\/1783514842.jpeg\" class=\"aw__sc-dklauk-0 LPzKX\"\/><\/p>\n<p>Avaa kuvien katselu<\/p>\n<p>Oikeuden virkailija sulki oikeussalin oven ennen oikeudenk\u00e4ynnin alkua Berliiniss\u00e4 14. hein\u00e4kuuta 2025, jolloin saksalaisl\u00e4\u00e4k\u00e4ri oli kuultuna 15 potilaan murhasta. Tuomio annettiin t\u00e4n\u00e4\u00e4n. Kuva: Tobias Schwarz \/ AFP<\/p>\n<p>15:09\u2022P\u00e4ivitetty 15:50<\/p>\n<p class=\"aw__sc-1qwuw0s-0 aw__sc-ngllmo-0 epAWpq fzYpjk yle__article__paragraph\">Saksalainen oikeusistuin tuomitsi keskiviikkona palliatiivisen hoidon l\u00e4\u00e4k\u00e4rin elinkautiseen vankeuteen Berliiniss\u00e4 15 ihmisen murhasta.<\/p>\n<p class=\"aw__sc-1qwuw0s-0 aw__sc-ngllmo-0 epAWpq fzYpjk yle__article__paragraph\">L\u00e4\u00e4k\u00e4ri oli surmannut uhrit rauhoittavilla l\u00e4\u00e4kkeill\u00e4. Kaikki uhrit olivat parantumattomasti tai henke\u00e4 uhkaavasti sairaita ja l\u00e4\u00e4k\u00e4rin potilaita palliatiivisessa hoidossa.<\/p>\n<p class=\"aw__sc-1qwuw0s-0 aw__sc-ngllmo-0 epAWpq fzYpjk yle__article__paragraph\">Uhreista 12 oli naisia ja 3 miehi\u00e4. Uhrien i\u00e4t vaihtelivat 25:st\u00e4 94:\u00e4\u00e4n vuoteen.<\/p>\n<p class=\"aw__sc-1qwuw0s-0 aw__sc-ngllmo-0 epAWpq fzYpjk yle__article__paragraph\">Mies pid\u00e4tettiin vuonna 2024, ja h\u00e4nt\u00e4 tutkitaan edelleen kymmenien muiden surmien osalta.<\/p>\n<p class=\"aw__sc-1qwuw0s-0 aw__sc-ngllmo-0 epAWpq fzYpjk yle__article__paragraph\">L\u00e4hteet: AFP, STT<\/p>\n","protected":false},"excerpt":{"rendered":"Avaa kuvien katselu Oikeuden virkailija sulki oikeussalin oven ennen oikeudenk\u00e4ynnin alkua Berliiniss\u00e4 14. hein\u00e4kuuta 2025, jolloin saksalaisl\u00e4\u00e4k\u00e4ri oli&hellip;\n","protected":false},"author":2,"featured_media":296418,"comment_status":"","ping_status":"","sticky":false,"template":"","format":"standard","meta":{"footnotes":"","_share_on_mastodon":"0"},"categories":[12],"tags":[12663,22,23,16920,26,27,33,31,30,17,4918,4336,24,25,28,29,1252,15,18,21,581,3911,32,19,20,6497,56,16],"class_list":["post-296417","post","type-post","status-publish","format-standard","has-post-thumbnail","category-suomi","tag-berliini","tag-breaking-news","tag-breakingnews","tag-elinkautinen-vankeus","tag-featured-news","tag-featurednews","tag-fi","tag-finland","tag-finnish","tag-headlines","tag-henkirikokset","tag-laakarit","tag-latest-news","tag-latestnews","tag-main-news","tag-mainnews","tag-murha","tag-news","tag-otsikot","tag-paauutiset","tag-rikokset","tag-saksa","tag-suomi","tag-top-stories","tag-topstories","tag-tuomioistuimet","tag-ulkomaat","tag-uutiset"],"share_on_mastodon":{"url":"https:\/\/pubeurope.com\/@fi\/116884573652215121","error":""},"_links":{"self":[{"href":"https:\/\/www.europesays.com\/fi\/wp-json\/wp\/v2\/posts\/296417","targetHints":{"allow":["GET"]}}],"collection":[{"href":"https:\/\/www.europesays.com\/fi\/wp-json\/wp\/v2\/posts"}],"about":[{"href":"https:\/\/www.europesays.com\/fi\/wp-json\/wp\/v2\/types\/post"}],"author":[{"embeddable":true,"href":"https:\/\/www.europesays.com\/fi\/wp-json\/wp\/v2\/users\/2"}],"replies":[{"embeddable":true,"href":"https:\/\/www.europesays.com\/fi\/wp-json\/wp\/v2\/comments?post=296417"}],"version-history":[{"count":0,"href":"https:\/\/www.europesays.com\/fi\/wp-json\/wp\/v2\/posts\/296417\/revisions"}],"wp:featuredmedia":[{"embeddable":true,"href":"https:\/\/www.europesays.com\/fi\/wp-json\/wp\/v2\/media\/296418"}],"wp:attachment":[{"href":"https:\/\/www.europesays.com\/fi\/wp-json\/wp\/v2\/media?parent=296417"}],"wp:term":[{"taxonomy":"category","embeddable":true,"href":"https:\/\/www.europesays.com\/fi\/wp-json\/wp\/v2\/categories?post=296417"},{"taxonomy":"post_tag","embeddable":true,"href":"https:\/\/www.europesays.com\/fi\/wp-json\/wp\/v2\/tags?post=296417"}],"curies":[{"name":"wp","href":"https:\/\/api.w.org\/{rel}","templated":true}]}}