{"id":296529,"date":"2026-07-08T16:45:11","date_gmt":"2026-07-08T16:45:11","guid":{"rendered":"https:\/\/www.europesays.com\/fi\/296529\/"},"modified":"2026-07-08T16:45:11","modified_gmt":"2026-07-08T16:45:11","slug":"demi-moore-herattaa-huomiota-pariisin-muotiviikolla-ulkonakomuutoksellaan-kasvot-ovat-viidessa-vuodessa-kiristyneet-paakallokuntoon","status":"publish","type":"post","link":"https:\/\/www.europesays.com\/fi\/296529\/","title":{"rendered":"Demi Moore her\u00e4tt\u00e4\u00e4 huomiota Pariisin muotiviikolla ulkon\u00e4k\u00f6muutoksellaan \u2013 kasvot ovat viidess\u00e4 vuodessa kiristyneet p\u00e4\u00e4kallokuntoon"},"content":{"rendered":"<p>            AOP\n        <\/p>\n<p class=\"subtitle \">T\u00e4m\u00e4n jutun p\u00e4\u00e4kuva on alle viiden vuoden takaa. Silti nyky-Demi\u00e4 ei tunnistaisi vertaamalla tuoreisiin kuviin.<\/p>\n<p class=\"article-content article-content-width !bg-background\">Pariisissa eilen (ti 7.7.) ja t\u00e4n\u00e4\u00e4n luksusmerkki Balenciagan haute couture -n\u00e4yt\u00f6ksen tiimoilta bongattu  her\u00e4tt\u00e4\u00e4 huolta ulkomuodollaan.<\/p>\n<p class=\"font-weight-bold m-font-weight-bold article-content article-content-width !bg-background\">Video: Ex-puoliso Bruce Willisin muistisairaus etenee, mutta Demi pysyy rinnalla<\/p>\n<p>        <a itemprop=\"url\" href=\"https:\/\/www.seiska.fi\/ulkomaat\/vakavasti-sairas-bruce-willis-taytti-vuosia-talta-han-nayttaa-nyt\/2107265\" rel=\"nofollow noopener\" target=\"_blank\"><\/p>\n<p>\nVakavasti sairas Bruce Willis t\u00e4ytti vuosia\n<\/p>\n<p class=\"section-date\">\n        <strong class=\"article-section\" data-section=\"ulkomaat\"><br \/>\n            ulkomaat<br \/>\n        <\/strong><br \/>\n        20.3. 18:00\n    <\/p>\n<p>Vakavasti sairas Bruce Willis t\u00e4ytti vuosia \u2013 t\u00e4lt\u00e4 h\u00e4n n\u00e4ytt\u00e4\u00e4 nyt\n    <\/p>\n<p itemprop=\"description\" class=\"subtitle \">\n    Bruce vet\u00e4ytyi julkisuudesta jo useampi vuosi sitten.\n<\/p>\n<p>        <\/a><\/p>\n<p class=\"article-content article-content-width !bg-background\">Eilen 63-vuotias supert\u00e4hti ja supermiljon\u00e4\u00e4ri poistui Balenciagan sovitustilaisuudesta, joka liittyi t\u00e4m\u00e4n p\u00e4iv\u00e4n n\u00e4yt\u00f6kseen. Demi ei ole merkin mainoskasvo tai br\u00e4ndil\u00e4hettil\u00e4s, mutta on viime kuukausina n\u00e4hty usein merkin asuissa.<\/p>\n<p class=\"article-content article-content-width !bg-background\">Poistuessaan Balenciagan tiloista kadulle oli Demi\u00e4 vastassa fani- ja valokuvaajalauma.<\/p>\n<p class=\"article-content article-content-width !bg-background\">Kuvat eiv\u00e4t kuitenkaan ole erityisen mairittelevia. Demi itse oli silti huomattavan iloinen ja tervehti yleis\u00f6\u00e4\u00e4n eik\u00e4 v\u00e4istellyt valokuvaajia. H\u00e4nen esiintymist\u00e4\u00e4n on kuvailtu suorastaan el\u00e4v\u00e4isen\u00e4.<\/p>\n<p>        <a itemprop=\"url\" href=\"https:\/\/www.seiska.fi\/ulkomaat\/demi-mooren-riipaiseva-teko\/1825311\" rel=\"nofollow noopener\" target=\"_blank\"><\/p>\n<p>\nDemi Moore\n<\/p>\n<p class=\"section-date\">\n        <strong class=\"article-section\" data-section=\"ulkomaat\"><br \/>\n            ulkomaat<br \/>\n        <\/strong><br \/>\n        7.6.2025 19:00\n    <\/p>\n<p>Demi Mooren riipaiseva teko\n    <\/p>\n<p itemprop=\"description\" class=\"subtitle \">\n    N\u00e4yttelij\u00e4t\u00e4r julkisti uutiset tunteikkaiden kuvien kera.\n<\/p>\n<p>        <\/a><\/p>\n<p class=\"article-content article-content-width !bg-background\">Aina urheilullinen ja timmi Demi n\u00e4ytt\u00e4ytyi kuitenkin nyt kire\u00e4\u00e4kin kire\u00e4mp\u00e4n\u00e4 kasvoiltaan ja k\u00e4sivarsistaan sek\u00e4 kaulastaan.<\/p>\n<p>Kasvot kire\u00e4ll\u00e4<\/p>\n<p class=\"article-content article-content-width !bg-background\">N\u00e4ytt\u00e4v\u00e4 leukalinja erottuu kaulasta korkealle, alaleuassa iho vet\u00e4ytyy luuhun kiinni ja poskip\u00e4\u00e4t sek\u00e4 yl\u00e4huuli nousevat kasvoista huomattavan selv\u00e4sti esiin. Kulmien takana ohimoilla n\u00e4kyy niin ik\u00e4\u00e4n lommot, ja otsa on ilmeet\u00f6n.<\/p>\n<p class=\"article-content article-content-width !bg-background\">Voit verrata alla olevaa kuvaa t\u00e4m\u00e4n jutun kansikuvana olevaan, alle viisi vuotta aiempaan otokseen.<\/p>\n<p>                <img decoding=\"async\" src=\"https:\/\/www.europesays.com\/fi\/wp-content\/uploads\/2026\/07\/2202620.webp\" width=\"576\" height=\"351\" alt=\"Vaikka Demi hakee tukea ovenkarmista, h\u00e4nen sanotaan liikkuneen ja jutelleen iloisena ja el\u00e4v\u00e4isen\u00e4.\" loading=\"lazy\" \/>            <\/p>\n<p>\n            Vaikka Demi hakee tukea ovenkarmista, h\u00e4nen sanotaan liikkuneen ja jutelleen iloisena ja el\u00e4v\u00e4isen\u00e4.<br \/>\n            AOP\n        <\/p>\n<p class=\"article-content article-content-width !bg-background\">Vaikka muutos on silmiinpist\u00e4v\u00e4, siit\u00e4 ei ole juuri keskusteltu julkisuudessa. Toukokuussa h\u00e4nen sanottiin olevan entist\u00e4 rasvattomammassa kunnossa h\u00e4nen esiintyess\u00e4\u00e4n Cannesin filmifestivaaleilta, mutta tuolloisetkin kuvat ovat kaukana Demin t\u00e4m\u00e4n viikon kasvoista.<\/p>\n<p>        <a itemprop=\"url\" href=\"https:\/\/www.seiska.fi\/katso\/emma-thompson-arahti-iakas-naisnayttelija-on-elaintakin-alempiarvoisempi\/2167518\" rel=\"nofollow noopener\" target=\"_blank\"><\/p>\n<p>\nEmma Thompson \u00e4r\u00e4hti\n<\/p>\n<p class=\"section-date\">\n        <strong class=\"article-section\" data-section=\"katso\"><br \/>\n            katso<br \/>\n        <\/strong><br \/>\n        2.6. 13:15\n    <\/p>\n<p>Emma Thompson \u00e4r\u00e4hti \u2013 i\u00e4k\u00e4s naisn\u00e4yttelij\u00e4 on el\u00e4int\u00e4kin alempiarvoisempi\n    <\/p>\n<p itemprop=\"description\" class=\"subtitle \">\n    Tuore tutkimus paljastaa filmiteollisuuden kieroutuneen suhtautumisen naisen ik\u00e4\u00e4n.\n<\/p>\n<p>        <\/a><\/p>\n<p class=\"article-content article-content-width !bg-background\"> Ennen kaikkea t\u00e4hden kasvoissa ei ole samaa virtaa kuin viel\u00e4 kaksi vuotta sitten, jolloin julkaistiin Demin uudelleen Hollywoodin A-listalaiseksi nostanut elokuva Substance. <\/p>\n<p>Rahaa ja t\u00f6it\u00e4 riitt\u00e4\u00e4<\/p>\n<p class=\"article-content article-content-width !bg-background\">Huonosti Demill\u00e4 ei mene ulkon\u00e4k\u00f6muutoksestaan huolimatta. H\u00e4n on juuri <a href=\"https:\/\/www.dailymail.com\/tvshowbiz\/article-15961449\/Demi-Moore-handbag-leaving-Balenciaga-showroom.html\" target=\"_blank\" rel=\"nofollow noopener\">saanut Daily Mailin mukaan tiedon palkankorotuksesta<\/a>.\u00a0<\/p>\n<p>                <img decoding=\"async\" src=\"https:\/\/www.europesays.com\/fi\/wp-content\/uploads\/2026\/07\/2202712.webp\" width=\"576\" height=\"730\" alt=\"Kumman huomasit ensin? K\u00e4sien ihon vai yli nelj\u00e4n tonnin Rodeo-k\u00e4silaukun?\" loading=\"lazy\" \/>            <\/p>\n<p>\n            Kumman huomasit ensin? K\u00e4sien ihon vai yli nelj\u00e4n tonnin Rodeo-k\u00e4silaukun?<br \/>\n            AOP\n        <\/p>\n<p class=\"article-content article-content-width !bg-background\">Landman-sarjan kolmas kausi tuottaisi h\u00e4nelle jopa 750 000 euroa jaksolta, mik\u00e4 on jo saman verran kuin p\u00e4\u00e4osaa esitt\u00e4v\u00e4n Billy Bob Thorntonin palkka.<\/p>\n<p>        <a itemprop=\"url\" href=\"https:\/\/www.seiska.fi\/ulkomaat\/ohhoh-demi-mooren-tytar-puki-aitinsa-ikoniset-bikinit-ylleen\/1637419\" rel=\"nofollow noopener\" target=\"_blank\"><\/p>\n<p>\nRumer Willis\n<\/p>\n<p class=\"section-date\">\n        <strong class=\"article-section\" data-section=\"ulkomaat\"><br \/>\n            ulkomaat<br \/>\n        <\/strong><br \/>\n        10.3.2025 18:00\n    <\/p>\n<p>Ohhoh! Demi Mooren tyt\u00e4r puki \u00e4itins\u00e4 ikoniset bikinit ylleen\n    <\/p>\n<p itemprop=\"description\" class=\"subtitle \">\n    Puki ylleen Streptease-elokuvassa n\u00e4hdyt bikinit.\n<\/p>\n<p>        <\/a><\/p>\n<p class=\"article-content article-content-width !bg-background\">Syyn\u00e4 on luultavasti Demin hienosti hoidettu sopimusneuvottelu. H\u00e4nell\u00e4 oli kahden vuoden sopimus, toisin kuin muilla avainn\u00e4yttelij\u00f6ill\u00e4. Korotus saatiin aikaan, kun suositun sarjan kolmoskauden tekemisest\u00e4 piti neuvotella.<\/p>\n<p class=\"article-content article-content-width !bg-background\">Ennest\u00e4\u00e4n Demill\u00e4 on omaisuutta arviolta 170 miljoonaa dollaria.\u00a0<\/p>\n","protected":false},"excerpt":{"rendered":"AOP T\u00e4m\u00e4n jutun p\u00e4\u00e4kuva on alle viiden vuoden takaa. Silti nyky-Demi\u00e4 ei tunnistaisi vertaamalla tuoreisiin kuviin. Pariisissa eilen&hellip;\n","protected":false},"author":2,"featured_media":296530,"comment_status":"","ping_status":"","sticky":false,"template":"","format":"standard","meta":{"footnotes":"","_share_on_mastodon":"0"},"categories":[130],"tags":[38786,1179,1180,137,33,31,30,14044,14926,2682,6208,6383,13455,20377,12677,32,12432,13454,3884,15994,109],"class_list":["post-296529","post","type-post","status-publish","format-standard","has-post-thumbnail","category-viihde","tag-balenciaga","tag-bruce-willis","tag-demi-moore","tag-entertainment","tag-fi","tag-finland","tag-finnish","tag-iho","tag-kasvot","tag-kauneus","tag-kuva","tag-kuvat","tag-laihtuminen","tag-muotiviikko","tag-pariisin-muotiviikko","tag-suomi","tag-talta-han-nayttaa-nyt","tag-tunnistamaton","tag-ulkonako","tag-ulkonakomuutos","tag-viihde"],"share_on_mastodon":{"url":"https:\/\/pubeurope.com\/@fi\/116885371799120309","error":""},"_links":{"self":[{"href":"https:\/\/www.europesays.com\/fi\/wp-json\/wp\/v2\/posts\/296529","targetHints":{"allow":["GET"]}}],"collection":[{"href":"https:\/\/www.europesays.com\/fi\/wp-json\/wp\/v2\/posts"}],"about":[{"href":"https:\/\/www.europesays.com\/fi\/wp-json\/wp\/v2\/types\/post"}],"author":[{"embeddable":true,"href":"https:\/\/www.europesays.com\/fi\/wp-json\/wp\/v2\/users\/2"}],"replies":[{"embeddable":true,"href":"https:\/\/www.europesays.com\/fi\/wp-json\/wp\/v2\/comments?post=296529"}],"version-history":[{"count":0,"href":"https:\/\/www.europesays.com\/fi\/wp-json\/wp\/v2\/posts\/296529\/revisions"}],"wp:featuredmedia":[{"embeddable":true,"href":"https:\/\/www.europesays.com\/fi\/wp-json\/wp\/v2\/media\/296530"}],"wp:attachment":[{"href":"https:\/\/www.europesays.com\/fi\/wp-json\/wp\/v2\/media?parent=296529"}],"wp:term":[{"taxonomy":"category","embeddable":true,"href":"https:\/\/www.europesays.com\/fi\/wp-json\/wp\/v2\/categories?post=296529"},{"taxonomy":"post_tag","embeddable":true,"href":"https:\/\/www.europesays.com\/fi\/wp-json\/wp\/v2\/tags?post=296529"}],"curies":[{"name":"wp","href":"https:\/\/api.w.org\/{rel}","templated":true}]}}