{"id":296621,"date":"2026-07-08T19:47:15","date_gmt":"2026-07-08T19:47:15","guid":{"rendered":"https:\/\/www.europesays.com\/fi\/296621\/"},"modified":"2026-07-08T19:47:15","modified_gmt":"2026-07-08T19:47:15","slug":"mickey-rourke-surullinen-tilanne-velkahelvetti-ja-rakkaan-koiran-menetys","status":"publish","type":"post","link":"https:\/\/www.europesays.com\/fi\/296621\/","title":{"rendered":"Mickey Rourke: Surullinen tilanne &#8211; velkahelvetti ja rakkaan koiran menetys"},"content":{"rendered":"<p>            Shutterstock for Big Brother\/All Over Press\n        <\/p>\n<p class=\"subtitle \">N\u00e4yttelij\u00e4 ja ex-ammattinyrkkeilij\u00e4 Mickey Rourke suree edesmennytt\u00e4 perheenj\u00e4sent\u00e4\u00e4n.<\/p>\n<p class=\"article-content article-content-width !bg-background\">73-vuotiaan n\u00e4yttelij\u00e4n ja entisen ammattinyrkkeilij\u00e4n  el\u00e4m\u00e4 on ollut viime vuosina monin tavoin laskusuunnassa.<\/p>\n<p class=\"font-weight-bold m-font-weight-bold article-content article-content-width !bg-background\">Video: N\u00e4m\u00e4 julkkikset ovat kuin ilmetyt vanhempansa!<\/p>\n<p class=\"article-content article-content-width !bg-background\">N\u00e4yttelij\u00e4 on k\u00e4rsinyt rahapulasta siit\u00e4kin huolimatta, ett\u00e4 rooleja on yh\u00e4 vain riitt\u00e4nyt. T\u00e4m\u00e4n vuoden maaliskuussa Mickey h\u00e4\u00e4dettiin kodistaan <a href=\"https:\/\/www.news.com.au\/entertainment\/celebrity-life\/mickey-rourke-officially-kicked-out-of-la-home-after-desperately-trying-to-avoid-eviction\/news-story\/afd82843b7d1b4c43e0265475de16532\" target=\"_blank\" rel=\"nofollow noopener\">maksamattomien vuokrien<\/a> takia.\u00a0<\/p>\n<p class=\"article-content article-content-width !bg-background\">Koirat ovat kuitenkin selv\u00e4sti tuoneet iloa n\u00e4yttelij\u00e4n el\u00e4m\u00e4\u00e4n.\u00a0<\/p>\n<p class=\"article-content article-content-width !bg-background\">Rourke bongattiin hiljattain ulkoiluttamassa koiriaan Los Angelesissa.\u00a0<\/p>\n<p>                <img loading=\"lazy\" decoding=\"async\" src=\"https:\/\/www.europesays.com\/fi\/wp-content\/uploads\/2026\/07\/2201482.webp\" width=\"576\" height=\"552\" alt=\"Mickey Rourke toukokuussa 2026 kahden koiransa kanssa.\" \/>            <\/p>\n<p>\n            Mickey Rourke toukokuussa 2026 kahden koiransa kanssa.<br \/>\n            X17online.com \/ All Over Press\n        <\/p>\n<p>        <a itemprop=\"url\" href=\"https:\/\/www.seiska.fi\/ulkomaat\/jestas-velkahelvettiin-ajautunut-huippunayttelija-tunnistamattomana\/2193765\" rel=\"nofollow noopener\" target=\"_blank\"><\/p>\n<p>\nJestas! Velkahelvettiin ajautunut\n<\/p>\n<p class=\"section-date\">\n        <strong class=\"article-section\" data-section=\"ulkomaat\"><br \/>\n            ulkomaat<br \/>\n        <\/strong><br \/>\n        29.6. 18:30\n    <\/p>\n<p>Jestas! Velkahelvettiin ajautunut huippun\u00e4yttelij\u00e4 tunnistamattomana\n    <\/p>\n<p itemprop=\"description\" class=\"subtitle \">\n    Mickey Rourke bongattiin koiralenkilt\u00e4 resuisena. Huomio kiinnittyy kuitenkin varsin muuhun.\n<\/p>\n<p>        <\/a><\/p>\n<p>&#8221;Terve ja hyv\u00e4stit kaikille&#8221;<\/p>\n<p class=\"article-content article-content-width !bg-background\">Nyt el\u00e4inrakkaalla keh\u00e4raakilla on kuitenkin uusi, henkil\u00f6kohtainen suru meneill\u00e4\u00e4n, sill\u00e4 n\u00e4yttelij\u00e4n rakas Ivan-koira nukkui pois.<\/p>\n<p class=\"article-content article-content-width !bg-background\">\u2013 Ivan haluaa sanoa terve ja hyv\u00e4stit kaikille yst\u00e4villeen, Mickey kirjoittaa jakamassaan liikuttavassa Instagram-julkaisussa.\u00a0<\/p>\n<p class=\"article-content article-content-width !bg-background\">Pitk\u00e4n linjan n\u00e4yttelij\u00e4 tunnetaan koirarakkaana ihmisen\u00e4. Vuosien varrella Mickeyll\u00e4 on ehtinyt olla varsinainen lauma erilaisia suloisia, pieni\u00e4 koiria.<\/p>\n<p class=\"article-content article-content-width !bg-background\">\u2013 Minulla ei ole lapsia, koirista on tullut minulle kaikki kaikessa, Mickey on sanonut <a href=\"https:\/\/people.com\/pets\/mickey-rourke-his-family-of-little-dogs\/?__cf_chl_f_tk=m_YsCzfEyVTr.XQ4eFZcY3lCXZY8NnfSkygOZlOkkb0-1783429706-1.0.1.1-1tkgD0qLohKpFxvjbL9kI5y6lqB30bq1AvlyAPbnKU8\" target=\"_blank\" rel=\"nofollow noopener\">People<\/a>-lehden mukaan.<\/p>\n<p>        <a itemprop=\"url\" href=\"https:\/\/www.seiska.fi\/katso\/hollywood-tahden-ahdinko-syvenee-epatoivoinen-teko-haadon-valttamiseksi\/2037604\" rel=\"nofollow noopener\" target=\"_blank\"><\/p>\n<p>\nAhdinko syvenee\n<\/p>\n<p class=\"section-date\">\n        <strong class=\"article-section\" data-section=\"katso\"><br \/>\n            katso<br \/>\n        <\/strong><br \/>\n        5.1. 13:15\n    <\/p>\n<p>Hollywood-t\u00e4hden ahdinko syvenee \u2013 ep\u00e4toivoinen teko h\u00e4\u00e4d\u00f6n v\u00e4ltt\u00e4miseksi\n    <\/p>\n<p itemprop=\"description\" class=\"subtitle \">\n    Mickey Rourke on vaarassa joutua kodittomaksi.\n<\/p>\n<p>        <\/a><\/p>\n<p>Tapaan h\u00e4net viel\u00e4\u00a0<\/p>\n<p class=\"article-content article-content-width !bg-background\">Parhaimmillaan Sin City -n\u00e4yttelij\u00e4ll\u00e4 on ollut jopa seitsem\u00e4n koiraa yht\u00e4 aikaa. 12-vuotiaaksi el\u00e4nyt Ivan oli kuitenkin selv\u00e4sti Mickeylle eritt\u00e4in rakas perheenj\u00e4sen.\u00a0<\/p>\n<p class=\"article-content article-content-width !bg-background\">\u2013 H\u00e4n nukkui t\u00e4n\u00e4\u00e4n pois. Meill\u00e4 oli hienot 12 vuotta yhdess\u00e4 aamusta iltaan.<\/p>\n<p class=\"article-content article-content-width !bg-background\">Mickeyn nyt jakamassa kuvassa n\u00e4kyy Ivanin lis\u00e4ksi n\u00e4yttelij\u00e4n toinen koira Egor.<\/p>\n<p class=\"article-content article-content-width !bg-background\">\u2013 H\u00e4n ylitt\u00e4\u00e4 sateenkaarisiltaa, tapaan h\u00e4net viel\u00e4 toisella puolella, Rourke runoilee julkaisussa.<\/p>\n<p class=\"article-content article-content-width !bg-background\">Rourke jakoi toukokuussa kuvan nyt edesmenneest\u00e4 Ivan-koirasta. Kuvatekstist\u00e4 selvi\u00e4\u00e4, ett\u00e4 Ivan oli jo muutama kuukausi takaperin hieman huonossa hapessa, sill\u00e4 Mickey on pyyt\u00e4nyt seuraajiaan rukoilemaan koiran puolesta.<\/p>\n<p class=\"article-content article-content-width !bg-background\">\u2013 Hyv\u00e4sti, rakas&#8230; Ivan kirjoittaa riipaisevan julkaisun lopuksi.<\/p>\n<p>        <a itemprop=\"url\" href=\"https:\/\/www.seiska.fi\/katso\/csi-tahti-katosi-julkisuudesta-talta-han-nayttaa-nyt\/2039094\" rel=\"nofollow noopener\" target=\"_blank\"><\/p>\n<p>\nCSI-t\u00e4hti katosi julkisuudesta\n<\/p>\n<p class=\"section-date\">\n        <strong class=\"article-section\" data-section=\"katso\"><br \/>\n            katso<br \/>\n        <\/strong><br \/>\n        7.1. 16:15\n    <\/p>\n<p>CSI-t\u00e4hti katosi julkisuudesta \u2013 t\u00e4lt\u00e4 h\u00e4n n\u00e4ytt\u00e4\u00e4 nyt\n    <\/p>\n<p itemprop=\"description\" class=\"subtitle \">\n    70 vuotta t\u00e4ytt\u00e4nyt David Caruso ei ole n\u00e4ytellyt elokuvissa eik\u00e4 televisiossa 14 vuoteen.\n<\/p>\n<p>        <\/a><\/p>\n","protected":false},"excerpt":{"rendered":"Shutterstock for Big Brother\/All Over Press N\u00e4yttelij\u00e4 ja ex-ammattinyrkkeilij\u00e4 Mickey Rourke suree edesmennytt\u00e4 perheenj\u00e4sent\u00e4\u00e4n. 73-vuotiaan n\u00e4yttelij\u00e4n ja entisen&hellip;\n","protected":false},"author":2,"featured_media":296622,"comment_status":"","ping_status":"","sticky":false,"template":"","format":"standard","meta":{"footnotes":"","_share_on_mastodon":"0"},"categories":[130],"tags":[137,33,31,30,39075,4343,23395,1342,32,19896,109],"class_list":["post-296621","post","type-post","status-publish","format-standard","has-post-thumbnail","category-viihde","tag-entertainment","tag-fi","tag-finland","tag-finnish","tag-ivan-koira","tag-los-angeles","tag-mickey-rourke","tag-nayttelija","tag-suomi","tag-surullinen","tag-viihde"],"share_on_mastodon":{"url":"https:\/\/pubeurope.com\/@fi\/116886087029254783","error":""},"_links":{"self":[{"href":"https:\/\/www.europesays.com\/fi\/wp-json\/wp\/v2\/posts\/296621","targetHints":{"allow":["GET"]}}],"collection":[{"href":"https:\/\/www.europesays.com\/fi\/wp-json\/wp\/v2\/posts"}],"about":[{"href":"https:\/\/www.europesays.com\/fi\/wp-json\/wp\/v2\/types\/post"}],"author":[{"embeddable":true,"href":"https:\/\/www.europesays.com\/fi\/wp-json\/wp\/v2\/users\/2"}],"replies":[{"embeddable":true,"href":"https:\/\/www.europesays.com\/fi\/wp-json\/wp\/v2\/comments?post=296621"}],"version-history":[{"count":0,"href":"https:\/\/www.europesays.com\/fi\/wp-json\/wp\/v2\/posts\/296621\/revisions"}],"wp:featuredmedia":[{"embeddable":true,"href":"https:\/\/www.europesays.com\/fi\/wp-json\/wp\/v2\/media\/296622"}],"wp:attachment":[{"href":"https:\/\/www.europesays.com\/fi\/wp-json\/wp\/v2\/media?parent=296621"}],"wp:term":[{"taxonomy":"category","embeddable":true,"href":"https:\/\/www.europesays.com\/fi\/wp-json\/wp\/v2\/categories?post=296621"},{"taxonomy":"post_tag","embeddable":true,"href":"https:\/\/www.europesays.com\/fi\/wp-json\/wp\/v2\/tags?post=296621"}],"curies":[{"name":"wp","href":"https:\/\/api.w.org\/{rel}","templated":true}]}}