{"id":296655,"date":"2026-07-08T20:41:12","date_gmt":"2026-07-08T20:41:12","guid":{"rendered":"https:\/\/www.europesays.com\/fi\/296655\/"},"modified":"2026-07-08T20:41:12","modified_gmt":"2026-07-08T20:41:12","slug":"google-vahvisti-pixel-11-sarjan-julkistuspaivan","status":"publish","type":"post","link":"https:\/\/www.europesays.com\/fi\/296655\/","title":{"rendered":"Google vahvisti Pixel 11 -sarjan julkistusp\u00e4iv\u00e4n"},"content":{"rendered":"<p>Seuraavat Google Pixelit n\u00e4hd\u00e4\u00e4n elokuussa.<\/p>\n<p><a href=\"https:\/\/muropaketti.com\/avainsana\/google\/\" rel=\"nofollow noopener\" target=\"_blank\">Google<\/a> on vahvistanut toimittaja Mark Gurmanille j\u00e4rjest\u00e4v\u00e4ns\u00e4 seuraavan Pixel-julkistustilaisuutensa 12. elokuuta New Yorkissa, eli aamuy\u00f6ll\u00e4 13. elokuuta Suomen aikaa. Tilaisuudessa odotetaan n\u00e4ht\u00e4v\u00e4n uusi Pixel 11 -mallisto, johon kuuluvat tiett\u00e4v\u00e4sti Pixel 11, Pixel 11 Pro, Pixel 11 Pro XL ja taittuvan\u00e4ytt\u00f6inen Pixel 11 Pro Fold.<\/p>\n<p>Tuoreiden huhujen mukaan Euroopassa Pixel 11- ja Pixel 11 Pro -mallien l\u00e4ht\u00f6hinnat pysyv\u00e4t ennallaan verrattuna edelt\u00e4jiins\u00e4, kun vertailukohtana on 256 gigatavun tallennustila, <a href=\"https:\/\/www.gsmarena.com\/google_officially_reveals_when_its_launching_the_pixel_11_series-news-73620.php\" target=\"_blank\" rel=\"noreferrer noopener nofollow\">kertoo GSMArena<\/a>. Sen sijaan Pixel 11 Pro XL:n ja Pixel 11 Pro Foldin hintojen odotetaan nousevan noin 100 eurolla kaikissa tallennustilavaihtoehdoissa.<\/p>\n<p>Google ei ole viel\u00e4 paljastanut uusien Pixel-puhelinten teknisi\u00e4 ominaisuuksia virallisesti.<\/p>\n<blockquote class=\"twitter-tweet\">\n<p lang=\"en\" dir=\"ltr\">Google Pixel event \u2013 August 12 <a href=\"https:\/\/t.co\/Veo1RCJN7j\" rel=\"nofollow\">pic.twitter.com\/Veo1RCJN7j<\/a><\/p>\n<p>\u2014 Mark Gurman (@markgurman) <a href=\"https:\/\/x.com\/markgurman\/status\/2074531443795984714?ref_src=twsrc%5Etfw\" rel=\"nofollow\">July 7, 2026<\/a><\/p><\/blockquote>\n<p><script async src=\"https:\/\/platform.twitter.com\/widgets.js\" charset=\"utf-8\"><\/script><\/p>\n","protected":false},"excerpt":{"rendered":"Seuraavat Google Pixelit n\u00e4hd\u00e4\u00e4n elokuussa. Google on vahvistanut toimittaja Mark Gurmanille j\u00e4rjest\u00e4v\u00e4ns\u00e4 seuraavan Pixel-julkistustilaisuutensa 12. elokuuta New Yorkissa,&hellip;\n","protected":false},"author":2,"featured_media":97270,"comment_status":"","ping_status":"","sticky":false,"template":"","format":"standard","meta":{"footnotes":"","_share_on_mastodon":"0"},"categories":[84],"tags":[33,31,30,716,5000,32,91,92],"class_list":["post-296655","post","type-post","status-publish","format-standard","has-post-thumbnail","category-teknologia","tag-fi","tag-finland","tag-finnish","tag-google","tag-google-pixel","tag-suomi","tag-technology","tag-teknologia"],"share_on_mastodon":{"url":"https:\/\/pubeurope.com\/@fi\/116886299461297342","error":""},"_links":{"self":[{"href":"https:\/\/www.europesays.com\/fi\/wp-json\/wp\/v2\/posts\/296655","targetHints":{"allow":["GET"]}}],"collection":[{"href":"https:\/\/www.europesays.com\/fi\/wp-json\/wp\/v2\/posts"}],"about":[{"href":"https:\/\/www.europesays.com\/fi\/wp-json\/wp\/v2\/types\/post"}],"author":[{"embeddable":true,"href":"https:\/\/www.europesays.com\/fi\/wp-json\/wp\/v2\/users\/2"}],"replies":[{"embeddable":true,"href":"https:\/\/www.europesays.com\/fi\/wp-json\/wp\/v2\/comments?post=296655"}],"version-history":[{"count":0,"href":"https:\/\/www.europesays.com\/fi\/wp-json\/wp\/v2\/posts\/296655\/revisions"}],"wp:featuredmedia":[{"embeddable":true,"href":"https:\/\/www.europesays.com\/fi\/wp-json\/wp\/v2\/media\/97270"}],"wp:attachment":[{"href":"https:\/\/www.europesays.com\/fi\/wp-json\/wp\/v2\/media?parent=296655"}],"wp:term":[{"taxonomy":"category","embeddable":true,"href":"https:\/\/www.europesays.com\/fi\/wp-json\/wp\/v2\/categories?post=296655"},{"taxonomy":"post_tag","embeddable":true,"href":"https:\/\/www.europesays.com\/fi\/wp-json\/wp\/v2\/tags?post=296655"}],"curies":[{"name":"wp","href":"https:\/\/api.w.org\/{rel}","templated":true}]}}