{"id":296802,"date":"2026-07-09T01:31:12","date_gmt":"2026-07-09T01:31:12","guid":{"rendered":"https:\/\/www.europesays.com\/fi\/296802\/"},"modified":"2026-07-09T01:31:12","modified_gmt":"2026-07-09T01:31:12","slug":"iakas-potilas-kuoli-lapinlahdella-hammaslaakaria-ja-sairaanhoitajaa-syytetaan-kuolemantuottamuksesta-kotimaa","status":"publish","type":"post","link":"https:\/\/www.europesays.com\/fi\/296802\/","title":{"rendered":"I\u00e4k\u00e4s potilas kuoli Lapinlahdella \u2013 hammasl\u00e4\u00e4k\u00e4ri\u00e4 ja sairaanhoitajaa syytet\u00e4\u00e4n kuoleman\u00adtuottamuksesta | Kotimaa"},"content":{"rendered":"<p class=\"aw__sc-1qwuw0s-0 aw__sc-1vg2sqm-0 epAWpq ecELkD yle__article__paragraph\">Kuoleman\u00adtuottamuksesta ep\u00e4ilty erikois\u00adhammasl\u00e4\u00e4k\u00e4ri on ty\u00f6skennellyt eri puolilla Suomea. Kuollut potilas oli el\u00e4keik\u00e4inen mies.<\/p>\n<p><img decoding=\"async\" alt=\"Hammasl\u00e4\u00e4k\u00e4rituolin niskatuki ja hammasporat Planmeca Oy:n esittelytilassa.\" src=\"https:\/\/www.europesays.com\/fi\/wp-content\/uploads\/2026\/07\/1753964500.jpeg\" class=\"aw__sc-dklauk-0 LPzKX\"\/><\/p>\n<p>Avaa kuvien katselu<\/p>\n<p>Mies kuoli Lapinlahdella lokakuussa 2021 k\u00e4yty\u00e4\u00e4n hammasl\u00e4\u00e4k\u00e4riss\u00e4. Erikoishammasl\u00e4\u00e4k\u00e4ri ja sairaanhoitaja joutuvat syytteeseen kuolemantuottamuksesta. Kuvituskuva. Kuva: Esa Syv\u00e4kuru \/ Yle<\/p>\n<p class=\"aw__sc-1qwuw0s-0 aw__sc-ngllmo-0 epAWpq fzYpjk yle__article__paragraph\">Erikoishammasl\u00e4\u00e4k\u00e4ri\u00e4 ja sairaanhoitajaa ep\u00e4ill\u00e4\u00e4n kuolemantuottamuksesta Pohjois-Savossa.<\/p>\n<p class=\"aw__sc-1qwuw0s-0 aw__sc-ngllmo-0 epAWpq fzYpjk yle__article__paragraph\">El\u00e4kkeell\u00e4 oleva mies oli ollut erikoishammasl\u00e4\u00e4k\u00e4rin ja sairaanhoitajan potilaana. H\u00e4n kuoli lokakuussa 2021 Lapinlahdella. Poliisi ei kerro tarkempaa kuolinpaikkaa.<\/p>\n<p class=\"aw__sc-1qwuw0s-0 aw__sc-ngllmo-0 epAWpq fzYpjk yle__article__paragraph\">Rikoskomisario <strong class=\"aw__sc-ngllmo-2 gdRrun yle__article__strong\">Tiina Borg<\/strong> kertoo, ett\u00e4 rikoksen ep\u00e4ill\u00e4\u00e4n tapahtuneen ammatinharjoittamisen yhteydess\u00e4 l\u00e4hes viisi vuotta sitten. Tapahtumapaikkoina on Lapinlahden lis\u00e4ksi Helsinki ja Iisalmi. Tekoajaksi on merkitty 1.\u20137.10.2021.<\/p>\n<p class=\"aw__sc-1qwuw0s-0 aw__sc-ngllmo-0 epAWpq fzYpjk yle__article__paragraph\">Borgin mukaan kuolemantuottamuksesta ei ole tutkinnan aikana ep\u00e4ilty muita henkil\u00f6it\u00e4 kuin erikoishammasl\u00e4\u00e4k\u00e4ri\u00e4 ja sairaanhoitajaa.<\/p>\n<p class=\"aw__sc-1qwuw0s-0 aw__sc-ngllmo-0 epAWpq fzYpjk yle__article__paragraph\">Rikoksesta ep\u00e4ilty hammasl\u00e4\u00e4k\u00e4ri on noin 45-vuotias mies ja sairaanhoitaja noin 40-vuotias nainen. Ylen tietojen mukaan erikoishammasl\u00e4\u00e4k\u00e4ri on ty\u00f6skennellyt ainakin p\u00e4\u00e4kaupunkiseudulla, Pohjois-Savossa, Pohjois-Karjalassa ja Keski-Suomessa.<\/p>\n<p class=\"aw__sc-1qwuw0s-0 aw__sc-ngllmo-0 epAWpq fzYpjk yle__article__paragraph\">Ep\u00e4iltyjen ammatinharjoittamisoikeuksia ei ole rajoitettu. My\u00f6sk\u00e4\u00e4n Lupa- ja valvontavirastossa ole vireill\u00e4 olevia tai ratkaistuja valvonta-asioita, jotka koskevat heit\u00e4. Kummallakaan ei ole rikosasioita Suomen oikeuslaitoksissa viimeisten kymmenen vuoden ajalta.<\/p>\n<p class=\"aw__sc-1qwuw0s-0 aw__sc-ngllmo-0 epAWpq fzYpjk yle__article__paragraph\">Asia on tullut vireille Pohjois-Savon k\u00e4r\u00e4j\u00e4oikeudessa ja istunto on marraskuussa.<\/p>\n","protected":false},"excerpt":{"rendered":"Kuoleman\u00adtuottamuksesta ep\u00e4ilty erikois\u00adhammasl\u00e4\u00e4k\u00e4ri on ty\u00f6skennellyt eri puolilla Suomea. Kuollut potilas oli el\u00e4keik\u00e4inen mies. Avaa kuvien katselu Mies kuoli&hellip;\n","protected":false},"author":2,"featured_media":296803,"comment_status":"","ping_status":"","sticky":false,"template":"","format":"standard","meta":{"footnotes":"","_share_on_mastodon":"0"},"categories":[12],"tags":[22,23,26,27,33,31,30,39092,22157,17,4892,71,13328,4644,24,25,28,29,15,18,21,1136,12621,1263,32,19,20,16],"class_list":["post-296802","post","type-post","status-publish","format-standard","has-post-thumbnail","category-suomi","tag-breaking-news","tag-breakingnews","tag-featured-news","tag-featurednews","tag-fi","tag-finland","tag-finnish","tag-hammaskirurgia","tag-hammaslaakarit","tag-headlines","tag-iisalmi","tag-kotimaa","tag-kuolemantuottamus","tag-lapinlahti","tag-latest-news","tag-latestnews","tag-main-news","tag-mainnews","tag-news","tag-otsikot","tag-paauutiset","tag-pohjois-savo","tag-pohjois-savon-karajaoikeus","tag-rikosepailyt","tag-suomi","tag-top-stories","tag-topstories","tag-uutiset"],"share_on_mastodon":{"url":"https:\/\/pubeurope.com\/@fi\/116887439825668023","error":""},"_links":{"self":[{"href":"https:\/\/www.europesays.com\/fi\/wp-json\/wp\/v2\/posts\/296802","targetHints":{"allow":["GET"]}}],"collection":[{"href":"https:\/\/www.europesays.com\/fi\/wp-json\/wp\/v2\/posts"}],"about":[{"href":"https:\/\/www.europesays.com\/fi\/wp-json\/wp\/v2\/types\/post"}],"author":[{"embeddable":true,"href":"https:\/\/www.europesays.com\/fi\/wp-json\/wp\/v2\/users\/2"}],"replies":[{"embeddable":true,"href":"https:\/\/www.europesays.com\/fi\/wp-json\/wp\/v2\/comments?post=296802"}],"version-history":[{"count":0,"href":"https:\/\/www.europesays.com\/fi\/wp-json\/wp\/v2\/posts\/296802\/revisions"}],"wp:featuredmedia":[{"embeddable":true,"href":"https:\/\/www.europesays.com\/fi\/wp-json\/wp\/v2\/media\/296803"}],"wp:attachment":[{"href":"https:\/\/www.europesays.com\/fi\/wp-json\/wp\/v2\/media?parent=296802"}],"wp:term":[{"taxonomy":"category","embeddable":true,"href":"https:\/\/www.europesays.com\/fi\/wp-json\/wp\/v2\/categories?post=296802"},{"taxonomy":"post_tag","embeddable":true,"href":"https:\/\/www.europesays.com\/fi\/wp-json\/wp\/v2\/tags?post=296802"}],"curies":[{"name":"wp","href":"https:\/\/api.w.org\/{rel}","templated":true}]}}