{"id":296810,"date":"2026-07-09T01:55:10","date_gmt":"2026-07-09T01:55:10","guid":{"rendered":"https:\/\/www.europesays.com\/fi\/296810\/"},"modified":"2026-07-09T01:55:10","modified_gmt":"2026-07-09T01:55:10","slug":"hameen-sanomat-ottaa-kantaa-tekoaly-myllertaa-nyt-tyoelamaa-niin-etta-tyottomana-on-voitava-opiskella-reilusti-paakirjoitus-mielipide","status":"publish","type":"post","link":"https:\/\/www.europesays.com\/fi\/296810\/","title":{"rendered":"H\u00e4meen Sanomat ottaa kantaa | Teko\u00e4ly myllert\u00e4\u00e4 nyt ty\u00f6el\u00e4m\u00e4\u00e4 niin, ett\u00e4 ty\u00f6tt\u00f6m\u00e4n\u00e4 on voitava opiskella reilusti | P\u00e4\u00e4kirjoitus &#038; mielipide"},"content":{"rendered":"<p>Korkeakoulutus on perinteisesti ollut tuhansille tie vakaaseen ammattiin.<\/p>\n<p>Ura siistiss\u00e4 sis\u00e4tilassa, jossa ty\u00f6n rasitus kohdistuu k\u00e4sien sijaan aivoihin, on houkutellut, on kiinnostus kohdistunut sitten teknisiin aloihin, koodaamiseen, opettamiseen tai vaikkapa juridiikkaan.<\/p>\n<p>Monelle my\u00f6s maistuu et\u00e4ty\u00f6, kun aivoja voi k\u00e4ytt\u00e4\u00e4 kotikonttorilla siin\u00e4 miss\u00e4 toimistossakin.<\/p>\n<p>Asiantuntija-ammatissa ty\u00f6tt\u00f6myys ei ole v\u00e4ltt\u00e4m\u00e4tt\u00e4 uhannut yht\u00e4 konkreettisesti kuin vaikkapa tehtaassa, jossa tuotantoty\u00f6ntekij\u00e4n ura el\u00e4\u00e4 tilauskirjan paksuuden mukana.<\/p>\n<p>Nyt tilanne on muuttumassa. Aivoty\u00f6t\u00e4 tekev\u00e4 ei voi en\u00e4\u00e4 luottaa vanhaan sanontaan siit\u00e4, ettei oppi kaada ojaan. Syyn\u00e4 on teko\u00e4ly.<\/p>\n<blockquote class=\"voice-no-read rs_skip diks-blockquote\">\n<p class=\"diks-blockquote__text\">On muutos tyhj\u00e4\u00e4 parempi.<\/p>\n<\/blockquote>\n<p>Valtiovarainministeri\u00f6n kansliap\u00e4\u00e4llikk\u00f6 Juha Majanen kertoi <a href=\"https:\/\/www.hs.fi\/politiikka\/art-2000012081842.html\" rel=\"nofollow noopener\" target=\"_blank\">Helsingin Sanomille<\/a> (26.6.) valtion hakevan teko\u00e4lyn avulla lis\u00e4tuottavuutta niin, ett\u00e4 teko\u00e4ly korvaa ihmisi\u00e4 julkisella sektorilla.<\/p>\n<p>Majasen arviot teko\u00e4lyn hy\u00f6dyist\u00e4 ovat kirvoittaneet alaa tuntevissa vasta-argumentteja. Suunta on kuitenkin selv\u00e4, vaikka pilkun paikka on edelleen haussa.<\/p>\n<p>Koulutetun ihmisen on hyv\u00e4ksytt\u00e4v\u00e4, ett\u00e4 teko\u00e4ly tulee tavalla tai toisella muuttamaan ty\u00f6nkuvaa. Kehitys on viime vuosina ollut jo nopeaa, eik\u00e4 vauhti osoita hidastumisen merkkej\u00e4.<\/p>\n<p>Asiantuntijaty\u00f6n murros iskee Suomessa aikaan, jolloin ty\u00f6tt\u00f6myys on jo valmiiksi korkealla. Taloussuhdanteesta johtuvan ty\u00f6tt\u00f6myyden lis\u00e4ksi vaivana on rakenteellinen ty\u00f6tt\u00f6myys, jossa ty\u00f6t\u00e4 hakevien ammattitaito ei kohtaa avointen ty\u00f6paikkojen kanssa.<\/p>\n<p>Teko\u00e4lyn tuoma myllerrys voi viel\u00e4 luoda tilanteen, jossa nokkelankin asiantuntijan taidot kaipaavat p\u00e4ivitt\u00e4mist\u00e4. P\u00e4ivitys voi pahimmillaan tulla eteen, kun oma ty\u00f6 menee alta.<\/p>\n<p>Kapeakatseiselta vaikuttikin, kun aikuiskoulutustuki j\u00e4i s\u00e4\u00e4st\u00f6listojen my\u00f6t\u00e4 historiaan. Iskulauseet el\u00e4m\u00e4nmittaisesta oppimisesta unohtuvat herk\u00e4sti kolkoiksi huoneentauluiksi, kun aikuisilla on perheet el\u00e4tett\u00e4vin\u00e4\u00e4n ja lainoja maksettavina.<\/p>\n<p>Kes\u00e4ll\u00e4 otettiin onneksi askel oikeaan suuntaan. Hein\u00e4kuun alusta l\u00e4htien <a href=\"https:\/\/valtioneuvosto.fi\/-\/1410877\/opiskelua-tyottomana-helpottavat-lakimuutokset-voimaan-1.7.2026\" rel=\"nofollow noopener\" target=\"_blank\">on v\u00e4hint\u00e4\u00e4n<\/a> 25-vuotias ty\u00f6t\u00f6n ty\u00f6nhakija voinut opiskella avoimia korkeakouluopintoja menett\u00e4m\u00e4tt\u00e4 ty\u00f6tt\u00f6myysetuutta. Tarkoituksena on edist\u00e4\u00e4 ty\u00f6llistymist\u00e4, eik\u00e4 opiskelu saa est\u00e4\u00e4 ty\u00f6nhakijaa ottamasta vastaan kokoaikaty\u00f6t\u00e4.<\/p>\n<p>Parannettavaa j\u00e4i, mutta on muutos tyhj\u00e4\u00e4 parempi. P\u00e4\u00e4asia on, ett\u00e4 valtio tulee vastaan, kun maailma ymp\u00e4rill\u00e4 muuttuu.<\/p>\n<p>Viel\u00e4 emme tied\u00e4, miten teko\u00e4ly mullistaa ty\u00f6nkuvat. Rakenteiden pit\u00e4\u00e4 kuitenkin olla kunnossa, kun motivoitunut ihminen haluaa parantaa taitojaan.<\/p>\n","protected":false},"excerpt":{"rendered":"Korkeakoulutus on perinteisesti ollut tuhansille tie vakaaseen ammattiin. Ura siistiss\u00e4 sis\u00e4tilassa, jossa ty\u00f6n rasitus kohdistuu k\u00e4sien sijaan aivoihin,&hellip;\n","protected":false},"author":2,"featured_media":296811,"comment_status":"","ping_status":"","sticky":false,"template":"","format":"standard","meta":{"footnotes":"","_share_on_mastodon":"0"},"categories":[76],"tags":[39093,4358,79,77,33,31,30,46,104,32,78,860,862,861],"class_list":["post-296810","post","type-post","status-publish","format-standard","has-post-thumbnail","category-talous","tag-aikuiskoulutustuki","tag-aivot","tag-business","tag-economy","tag-fi","tag-finland","tag-finnish","tag-helsingin-sanomat","tag-helsinki","tag-suomi","tag-talous","tag-tyoelama","tag-tyollisyys","tag-tyollisyys-ja-tyottomyys"],"share_on_mastodon":{"url":"https:\/\/pubeurope.com\/@fi\/116887534128550467","error":""},"_links":{"self":[{"href":"https:\/\/www.europesays.com\/fi\/wp-json\/wp\/v2\/posts\/296810","targetHints":{"allow":["GET"]}}],"collection":[{"href":"https:\/\/www.europesays.com\/fi\/wp-json\/wp\/v2\/posts"}],"about":[{"href":"https:\/\/www.europesays.com\/fi\/wp-json\/wp\/v2\/types\/post"}],"author":[{"embeddable":true,"href":"https:\/\/www.europesays.com\/fi\/wp-json\/wp\/v2\/users\/2"}],"replies":[{"embeddable":true,"href":"https:\/\/www.europesays.com\/fi\/wp-json\/wp\/v2\/comments?post=296810"}],"version-history":[{"count":0,"href":"https:\/\/www.europesays.com\/fi\/wp-json\/wp\/v2\/posts\/296810\/revisions"}],"wp:featuredmedia":[{"embeddable":true,"href":"https:\/\/www.europesays.com\/fi\/wp-json\/wp\/v2\/media\/296811"}],"wp:attachment":[{"href":"https:\/\/www.europesays.com\/fi\/wp-json\/wp\/v2\/media?parent=296810"}],"wp:term":[{"taxonomy":"category","embeddable":true,"href":"https:\/\/www.europesays.com\/fi\/wp-json\/wp\/v2\/categories?post=296810"},{"taxonomy":"post_tag","embeddable":true,"href":"https:\/\/www.europesays.com\/fi\/wp-json\/wp\/v2\/tags?post=296810"}],"curies":[{"name":"wp","href":"https:\/\/api.w.org\/{rel}","templated":true}]}}