{"id":296820,"date":"2026-07-09T02:18:21","date_gmt":"2026-07-09T02:18:21","guid":{"rendered":"https:\/\/www.europesays.com\/fi\/296820\/"},"modified":"2026-07-09T02:18:21","modified_gmt":"2026-07-09T02:18:21","slug":"teemu-lehtila-esittelee-kesaparatiisinsa-kosteita-bileita-salkkarit-tahdille","status":"publish","type":"post","link":"https:\/\/www.europesays.com\/fi\/296820\/","title":{"rendered":"Teemu Lehtil\u00e4 esittelee kes\u00e4paratiisinsa: Kosteita bileit\u00e4 Salkkarit-t\u00e4hdille"},"content":{"rendered":"<p>            Timo Korhonen\n        <\/p>\n<p class=\"subtitle \">Kosken kuohut, kalastus rantasauna auttavat n\u00e4yttelij\u00e4\u00e4 irrottautumaan arjen kiireest\u00e4 ja stressist\u00e4.<\/p>\n<p class=\"article-content article-content-width !bg-background\">Kuin tulisi toiseen maailmaan. Salatut el\u00e4m\u00e4t -sarjaa t\u00e4hditt\u00e4v\u00e4 , 59, johdattaa vieraat Lemp\u00e4\u00e4l\u00e4ss\u00e4 kotipihansa poikki ohi virtaavan kosken rantaan, jossa komeilee idyllinen rantasauna.<\/p>\n<p class=\"font-weight-bold m-font-weight-bold article-content article-content-width !bg-background\">Katso video: Teemu Lehtil\u00e4 s\u00e4ilytt\u00e4\u00e4 erikoisessa paikassa valokuvia:<\/p>\n<p class=\"article-content article-content-width !bg-background\">Ymp\u00e4rill\u00e4 tunnelmaa tuo puutarha, jossa kukoistavat kukkak\u00f6ynn\u00f6kset.<\/p>\n<p class=\"article-content article-content-width !bg-background\">\u2013 T\u00e4m\u00e4 on kes\u00e4paratiisini, jossa mieli lep\u00e4\u00e4. Kun t\u00e4nne tulee, tuntee olevansa kuin m\u00f6kill\u00e4. Kun istahtaa terassin jakkaralle, katselee ymp\u00e4rilleen ja kuuntelee kosken kohinaa, niin ajatukset nollautuvat arjen kiireest\u00e4 ja stressitasot laskevat, Teemu myh\u00e4ilee hymyss\u00e4 suin.<\/p>\n<p>        <a itemprop=\"url\" href=\"https:\/\/www.seiska.fi\/kotimaa\/salkkarit-tahti-avautuu-rakkauselamastaan\/1614731\" rel=\"nofollow noopener\" target=\"_blank\"><\/p>\n<p>\nSalkkarit-t\u00e4hti\n<\/p>\n<p class=\"section-date\">\n        <strong class=\"article-section\" data-section=\"kotimaa\"><br \/>\n            kotimaa<br \/>\n        <\/strong><br \/>\n        17.2.2025 10:02\n    <\/p>\n<p>Salkkarit-t\u00e4hti avautuu rakkausel\u00e4m\u00e4st\u00e4\u00e4n\n    <\/p>\n<p itemprop=\"description\" class=\"subtitle \">\n    N\u00e4yttelij\u00e4 pelmahti H\u00e4jyt 2 -elokuvan kutsuvierasensi-iltaan aivan viime tipassa.\n<\/p>\n<p>        <\/a><\/p>\n<p>                <img decoding=\"async\" src=\"https:\/\/www.europesays.com\/fi\/wp-content\/uploads\/2026\/07\/2179938.webp\" width=\"576\" height=\"322\" alt=\"Rantasauna on rakennettu 1957. Teemu on vuosien saatossa tehnyt katto- ja maalausremonttia apujoukkojensa kanssa.\" loading=\"lazy\" \/>            <\/p>\n<p>\n            Rantasauna on rakennettu 1957. Teemu on vuosien saatossa tehnyt katto- ja maalausremonttia apujoukkojensa kanssa.<br \/>\n            Timo Korhonen\n        <\/p>\n<p class=\"article-content article-content-width !bg-background\">T\u00e4ysin Teemu ei voi kes\u00e4\u00e4 laakereillaan viett\u00e4\u00e4. Siit\u00e4 pit\u00e4\u00e4 huolen kes\u00e4teatteri, jota n\u00e4yttelij\u00e4konkari luotsaa tuottajan roolissa naapurikunta Kangasalalla nyt kolmatta kes\u00e4\u00e4. T\u00e4m\u00e4n kes\u00e4n Nelinpeli-n\u00e4ytelm\u00e4ss\u00e4 lavalla n\u00e4hd\u00e4\u00e4n liuta Teemun Salkkarit-kollegoita, joita mies on vuosien saatossa is\u00e4nn\u00f6inyt rantatiluksillaan.<\/p>\n<p class=\"article-content article-content-width !bg-background\">\u2013 Kalastusreissuja on pidetty Salkkarit-porukan kanssa t\u00e4\u00e4ll\u00e4 joka kes\u00e4, v\u00e4lill\u00e4 kev\u00e4isin ja syksyinkin. Ne ovat olleet hauskoja reissuja, joista on j\u00e4\u00e4nyt kivoja muistoja. Kun ik\u00e4\u00e4 on tullut, reissutkin ovat v\u00e4h\u00e4n rauhoittuneet, eiv\u00e4tk\u00e4 ole niin kosteita kuin ennen, Teemu h\u00f6r\u00e4ht\u00e4\u00e4.<\/p>\n<p>                <img decoding=\"async\" src=\"https:\/\/www.europesays.com\/fi\/wp-content\/uploads\/2026\/07\/2179948.webp\" width=\"576\" height=\"274\" alt=\"Teemu saa nautintoa kalastamisesta kotirannassaan Lemp\u00e4\u00e4l\u00e4ss\u00e4.\" loading=\"lazy\" \/>            <\/p>\n<p>\n            Teemu saa nautintoa kalastamisesta kotirannassaan Lemp\u00e4\u00e4l\u00e4ss\u00e4.<br \/>\n            Timo Korhonen\n        <\/p>\n<p>Narraa harvinaista kalaa<\/p>\n<p class=\"article-content article-content-width !bg-background\">Vuonna 1957 rakennetun rantasaunan laiturilla lep\u00e4\u00e4 pienell\u00e4, viiden hevosvoiman per\u00e4moottorilla varustettu soutupaatti, jolla Teemu suuntaa l\u00e4hivesille kalastamaan aina kun mahdollisuus.<\/p>\n<p class=\"article-content article-content-width !bg-background\">\u2013 Kalastus on henkireik\u00e4ni. Olen pohjimmiltani kalastushullu. T\u00e4\u00e4ll\u00e4 kelpaa kalastella, kun puitteet ovat kohdillaan. Kalaa tulee kaikenlaista ja runsaasti. Niin kirjolohta, kuhaa kuin toutainta, jota tullaan kalastamaan t\u00e4nne kauempaankin, h\u00e4n luettelee.<\/p>\n<p>        <a itemprop=\"url\" href=\"https:\/\/www.seiska.fi\/kotimaa\/tiesitko-salkkarit-tahti-teemu-lehtila-on-viiden-lapsen-isa\/1712647\" rel=\"nofollow noopener\" target=\"_blank\"><\/p>\n<p>\nSalkkarit-t\u00e4hti\n<\/p>\n<p class=\"section-date\">\n        <strong class=\"article-section\" data-section=\"kotimaa\"><br \/>\n            kotimaa<br \/>\n        <\/strong><br \/>\n        26.5.2025 10:31\n    <\/p>\n<p>Tiesitk\u00f6? Salkkarit-t\u00e4hti Teemu Lehtil\u00e4 on viiden lapsen is\u00e4\n    <\/p>\n<p itemprop=\"description\" class=\"subtitle \">\n    N\u00e4yttelij\u00e4n kuopuskin t\u00e4ytt\u00e4\u00e4 jo 18 vuotta.\n<\/p>\n<p>        <\/a><\/p>\n<p>                <img decoding=\"async\" src=\"https:\/\/www.europesays.com\/fi\/wp-content\/uploads\/2026\/07\/2179969.webp\" width=\"576\" height=\"720\" alt=\"Rantam\u00f6kin puusauna l\u00e4mpenee kes\u00e4ll\u00e4 p\u00e4ivitt\u00e4in.\" loading=\"lazy\" \/>            <\/p>\n<p>\n            Rantam\u00f6kin puusauna l\u00e4mpenee kes\u00e4ll\u00e4 p\u00e4ivitt\u00e4in.<br \/>\n            Timo Korhonen\n        <\/p>\n<p class=\"article-content article-content-width !bg-background\">Kalastusinnostuksen Teemu on saanut verenperint\u00f6n\u00e4. H\u00e4n muistaa edelleen p\u00e4iv\u00e4n, jolloin p\u00e4\u00e4si is\u00e4ns\u00e4 mukana ensi kertaa kalastusreissulle kotikonnuillaan Satakunnan Kokem\u00e4ell\u00e4.<\/p>\n<p class=\"article-content article-content-width !bg-background\">\u2013 Is\u00e4ni oli kova kalamies. H\u00e4n halusi opettaa minutkin. Olin 5-vuotias, kun l\u00e4hdettiin aamuh\u00e4m\u00e4r\u00e4ss\u00e4 Kokem\u00e4enjoen rantaan kalaan. V\u00e4sytti hirve\u00e4sti, mutta siit\u00e4 se kipin\u00e4 l\u00e4hti.<\/p>\n<p>                <img decoding=\"async\" src=\"https:\/\/www.europesays.com\/fi\/wp-content\/uploads\/2026\/07\/2179952.webp\" width=\"576\" height=\"720\" alt=\"Teemulta hoituvat klapihommat.\" loading=\"lazy\" \/>            <\/p>\n<p>\n            Teemulta hoituvat klapihommat.<br \/>\n            Timo Korhonen\n        <\/p>\n<p>J\u00e4ttihauki pojan kanssa<\/p>\n<p class=\"article-content article-content-width !bg-background\">Samaa perint\u00f6\u00e4 Teemu on jatkanut omien lasten kanssa, joita h\u00e4nelle on siunaantunut viisi. Yksi lapsista oli mukana, kun Teemu narrasi aikoinaan kotirantansa l\u00e4hettyvilt\u00e4 t\u00e4h\u00e4n saakka isoimman vonkaleensa, 11,5-kiloisen j\u00e4ttihauen.<\/p>\n<p class=\"article-content article-content-width !bg-background\">\u2013 Pojalla oli silloin k\u00e4si murtunut j\u00e4\u00e4kiekkopeliss\u00e4. H\u00e4n ei pystynyt vet\u00e4m\u00e4\u00e4n kuin yhdell\u00e4 k\u00e4dell\u00e4, niin olin mukana auttamassa loppuvaiheen haavituksessa.<\/p>\n<p class=\"article-content article-content-width !bg-background\">Rantasaunan tupahuoneen seini\u00e4 koristavat valokuvat, joissa Teemu poseeraa isompien saaliinsa kanssa.<\/p>\n<p class=\"article-content article-content-width !bg-background\">\u2013 Pit\u00e4\u00e4h\u00e4n se olla todisteita, ettei porukka luule kalajutuiksi, mies hym\u00e4ht\u00e4\u00e4.<\/p>\n<p>        <a itemprop=\"url\" href=\"https:\/\/www.seiska.fi\/kotimaa\/tallaisena-et-ole-salkkarit-tahtia-nahnyt-sehan-repii-sulta-silmat-paasta\/1379424\" rel=\"nofollow noopener\" target=\"_blank\"><\/p>\n<p class=\"section-date\">\n        <strong class=\"article-section\" data-section=\"kotimaa\"><br \/>\n            kotimaa<br \/>\n        <\/strong><br \/>\n        12.6.2024 18:00\n    <\/p>\n<p>T\u00e4llaisena et ole Salkkarit-t\u00e4hti\u00e4 n\u00e4hnyt: \u201dSeh\u00e4n repii sulta silm\u00e4t p\u00e4\u00e4st\u00e4\u201d\n    <\/p>\n<p itemprop=\"description\" class=\"subtitle \">\n    Tunnetut tv-t\u00e4hdet n\u00e4hd\u00e4\u00e4n Kangasalan kes\u00e4teatterissa t\u00e4ysin toisenlaisissa tunnelmissa ranskalaisfarssissa Vaimoni Maurice.\n<\/p>\n<p>        <\/a><\/p>\n<p>                <img decoding=\"async\" src=\"https:\/\/www.europesays.com\/fi\/wp-content\/uploads\/2026\/07\/2179950.webp\" width=\"576\" height=\"720\" alt=\"Kuvat todistavat, etteiv\u00e4t Teemun puheet isoista kalasaaliista ole vain niin sanottuja kalajuttuja.\" loading=\"lazy\" \/>            <\/p>\n<p>\n            Kuvat todistavat, etteiv\u00e4t Teemun puheet isoista kalasaaliista ole vain niin sanottuja kalajuttuja.<br \/>\n            Timo Korhonen\n        <\/p>\n<p class=\"article-content article-content-width !bg-background\">Kalakuvat levi\u00e4v\u00e4t Salkkarit-tekij\u00f6iden omassa kalastusaiheisessa WhatsApp -ryhm\u00e4ss\u00e4, johon kuuluvat Teemun lis\u00e4ksi muun muassa  sek\u00e4 takavuosina sarjassa n\u00e4ytelleet  ja .<\/p>\n<p class=\"article-content article-content-width !bg-background\">\u2013 Siell\u00e4 on hyv\u00e4 h\u00e4rn\u00e4ill\u00e4 muita, kun on saanut isompaa kalaa. Kukaan muu ei ole niin kateellinen kuin kalamies, Teemu virnist\u00e4\u00e4.<\/p>\n<p>Jenkkivene hajalle<\/p>\n<p class=\"article-content article-content-width !bg-background\">Veneilyss\u00e4 Teemulle riitt\u00e4\u00e4 nykyinen pikkupaatti. Se palvelee kotivesill\u00e4 isompia veneit\u00e4 paremmin, mink\u00e4 Teemu oppi kantap\u00e4\u00e4n kautta Salkkarit-uransa alkuaikoina vuonna 2004. Teemu hankki tuolloin hulppean Bayliner-mallisen jenkkiveneen, josta h\u00e4n n\u00e4kee edelleen painajaisia.<\/p>\n<p>                <img decoding=\"async\" src=\"https:\/\/www.europesays.com\/fi\/wp-content\/uploads\/2026\/07\/2179940.webp\" width=\"576\" height=\"322\" alt=\"Teemu Lehtil\u00e4 esittelee kes\u00e4paratiisinsa \u2013 kosteita bileit\u00e4 Salkkarit-t\u00e4hdille!\" loading=\"lazy\" \/>            <\/p>\n<p>            Timo Korhonen\n        <\/p>\n<p class=\"article-content article-content-width !bg-background\">\u2013 P\u00e4\u00e4tin silloin laittaa el\u00e4m\u00e4ni risaiseksi ja hankin jenkkiveneen. Se karahti ensimm\u00e4iseen kivikkoon heti veteen laskun j\u00e4lkeen. Virta otti veneeseen kiinni, mink\u00e4 seurauksena nokka nousi pystyyn. Kaikki potkurin osat meniv\u00e4t palasiksi ja vetolaite rikki.<\/p>\n<p class=\"article-content article-content-width !bg-background\">Korjaamiseen meni 4 500 euroa. Sen j\u00e4lkeen Teemu veti johtop\u00e4\u00e4t\u00f6ksens\u00e4.<\/p>\n<p class=\"article-content article-content-width !bg-background\">\u2013 Se opetti, ettei n\u00e4ill\u00e4 vesill\u00e4 kannata leikki\u00e4  ja Miami Vicea, Teemu naurahtaa yhdysvaltalaiseen n\u00e4yttelij\u00e4legendaan viitaten.<\/p>\n<p>        <a itemprop=\"url\" href=\"https:\/\/www.seiska.fi\/kotimaa\/siis-hah-salkkarit-tahti-kyllastyi-taistelemaan-wikipediaa-vastaan\/1378038\" rel=\"nofollow noopener\" target=\"_blank\"><\/p>\n<p class=\"section-date\">\n        <strong class=\"article-section\" data-section=\"kotimaa\"><br \/>\n            kotimaa<br \/>\n        <\/strong><br \/>\n        11.6.2024 21:30\n    <\/p>\n<p>Siis h\u00e4h?! Salkkarit-t\u00e4hti kyll\u00e4styi taistelemaan Wikipediaa vastaan\n    <\/p>\n<p itemprop=\"description\" class=\"subtitle \">\n    \u2013 Siell\u00e4 on joku painovirhe paholainen, kes\u00e4teatterit\u00e4hti Teemu Lehtil\u00e4 hym\u00e4ht\u00e4\u00e4 Seiskalle.\n<\/p>\n<p>        <\/a><\/p>\n<p>                <img decoding=\"async\" src=\"https:\/\/www.europesays.com\/fi\/wp-content\/uploads\/2026\/07\/2179954.webp\" width=\"576\" height=\"720\" alt=\"Teemu sai Seiskalta kes\u00e4tuliaisia.\" loading=\"lazy\" \/>            <\/p>\n<p>\n            Teemu sai Seiskalta kes\u00e4tuliaisia.<br \/>\n            Timo Korhonen\n        <\/p>\n","protected":false},"excerpt":{"rendered":"Timo Korhonen Kosken kuohut, kalastus rantasauna auttavat n\u00e4yttelij\u00e4\u00e4 irrottautumaan arjen kiireest\u00e4 ja stressist\u00e4. Kuin tulisi toiseen maailmaan. Salatut&hellip;\n","protected":false},"author":2,"featured_media":296821,"comment_status":"","ping_status":"","sticky":false,"template":"","format":"standard","meta":{"footnotes":"","_share_on_mastodon":"0"},"categories":[130],"tags":[542,137,33,31,30,1732,23926,4386,24242,209,4463,32,38977,109],"class_list":["post-296820","post","type-post","status-publish","format-standard","has-post-thumbnail","category-viihde","tag-asuminen","tag-entertainment","tag-fi","tag-finland","tag-finnish","tag-kalastus","tag-kesateatteri","tag-lempaala","tag-rantasauna","tag-salatut-elamat","tag-salkkarit","tag-suomi","tag-teemu-lehtila","tag-viihde"],"share_on_mastodon":{"url":"https:\/\/pubeurope.com\/@fi\/116887625065138400","error":""},"_links":{"self":[{"href":"https:\/\/www.europesays.com\/fi\/wp-json\/wp\/v2\/posts\/296820","targetHints":{"allow":["GET"]}}],"collection":[{"href":"https:\/\/www.europesays.com\/fi\/wp-json\/wp\/v2\/posts"}],"about":[{"href":"https:\/\/www.europesays.com\/fi\/wp-json\/wp\/v2\/types\/post"}],"author":[{"embeddable":true,"href":"https:\/\/www.europesays.com\/fi\/wp-json\/wp\/v2\/users\/2"}],"replies":[{"embeddable":true,"href":"https:\/\/www.europesays.com\/fi\/wp-json\/wp\/v2\/comments?post=296820"}],"version-history":[{"count":0,"href":"https:\/\/www.europesays.com\/fi\/wp-json\/wp\/v2\/posts\/296820\/revisions"}],"wp:featuredmedia":[{"embeddable":true,"href":"https:\/\/www.europesays.com\/fi\/wp-json\/wp\/v2\/media\/296821"}],"wp:attachment":[{"href":"https:\/\/www.europesays.com\/fi\/wp-json\/wp\/v2\/media?parent=296820"}],"wp:term":[{"taxonomy":"category","embeddable":true,"href":"https:\/\/www.europesays.com\/fi\/wp-json\/wp\/v2\/categories?post=296820"},{"taxonomy":"post_tag","embeddable":true,"href":"https:\/\/www.europesays.com\/fi\/wp-json\/wp\/v2\/tags?post=296820"}],"curies":[{"name":"wp","href":"https:\/\/api.w.org\/{rel}","templated":true}]}}