{"id":29719,"date":"2025-09-09T08:37:07","date_gmt":"2025-09-09T08:37:07","guid":{"rendered":"https:\/\/www.europesays.com\/fi\/29719\/"},"modified":"2025-09-09T08:37:07","modified_gmt":"2025-09-09T08:37:07","slug":"katso-kuvat-kuunpimennys-nakyi-maan-parhaiten-joensuussa-karjalainen","status":"publish","type":"post","link":"https:\/\/www.europesays.com\/fi\/29719\/","title":{"rendered":"Katso kuvat: Kuunpimennys n\u00e4kyi maan parhaiten Joensuussa &#8211; Karjalainen"},"content":{"rendered":"<ol>\n<li><a href=\"https:\/\/news.google.com\/rss\/articles\/CBMiWkFVX3lxTE9YUmpENEhPZU92NnQ1SmFmQ3d3Y2VPdUhRZDVoOTk4MXZIdVk1bEFMdmw2bVpFRi1id25kZzdpVS1ZMEtiTzRYY0VLZmdqTDJ3Wk9yczlXN2RSUQ?oc=5\" target=\"_blank\" rel=\"nofollow noopener\">Katso kuvat: Kuunpimennys n\u00e4kyi maan parhaiten Joensuussa<\/a>&nbsp;&nbsp;Karjalainen<\/li>\n<li><a href=\"https:\/\/news.google.com\/rss\/articles\/CBMiSkFVX3lxTE1SRC1MeHcwa3Z3T0VwaVYzRGZoeVZlU0h0Tzl6V0xVakpiVktFTUVBaTdlY0VDUE5Talk2bUg5VVVNN05lQ2ZaeVhB?oc=5\" target=\"_blank\" rel=\"nofollow noopener\">Suomen nyrkkeilytoivo sairastui \u2013 ei nouse MM-keh\u00e4\u00e4n<\/a>&nbsp;&nbsp;Etel\u00e4-Suomen Sanomat<\/li>\n<li><a href=\"https:\/\/news.google.com\/rss\/articles\/CBMiV0FVX3lxTE13TTRqVFhydGdfX185QzlzMXBmdHF1NF9Dd0c5aDNvYzdUSUtycVphNllzUzN4Nk1yamtKM3NydXE4d0w4cDB2cVJOM0R6ZUNXLTdjWVd0SQ?oc=5\" target=\"_blank\" rel=\"nofollow noopener\">Presidentti Stubbin vierailu Mikkeliin siirtyy<\/a>&nbsp;&nbsp;Keskisuomalainen<\/li>\n<li><a href=\"https:\/\/news.google.com\/rss\/articles\/CBMiWkFVX3lxTE5KZzF4UnBhckVlU1BCS0dKOUkwTXJnS05yWmxoN2d6UDg2YWNBdWpfbDA1WDl4b3N6X2FFT0FKZXRCVFdHMnlOTzFWSmdpTzlBNElBM1E5cWYxUQ?oc=5\" target=\"_blank\" rel=\"nofollow noopener\">Polvij\u00e4rven kunta j\u00e4rjestelee teknisen johtajan viran uudella tavalla \u2013 viimeisin valittu viihtyi virassa alle puoli vuotta<\/a>&nbsp;&nbsp;Karjalainen<\/li>\n<li><a href=\"https:\/\/news.google.com\/rss\/articles\/CBMipwFBVV95cUxNeDZLZ21RMUttYTMxaWpUOHFLQmpRZzB6WlRrMVpnVWFwd0cxb3RZQkwtRGtlbUk0ZlRQTlZ2NHNEd2NzaFJYRlNIX3hMdERwWVhvZTl5a3BjTWVKWWw4Wk9yOTZNd0R1ejVKZTAtVGlBT2w2NEtxdmJicVhXZ1Y5WFVHYlJtbHpwUmxJY0RpdVBfaFp6WE11MHMtZmVhaTE2SlptX2ppYw?oc=5\" target=\"_blank\" rel=\"nofollow noopener\">Presidentti Stubb vierailulle Mikkeliin<\/a>&nbsp;&nbsp;STT Info<\/li>\n<\/ol>\n","protected":false},"excerpt":{"rendered":"Katso kuvat: Kuunpimennys n\u00e4kyi maan parhaiten Joensuussa&nbsp;&nbsp;Karjalainen Suomen nyrkkeilytoivo sairastui \u2013 ei nouse MM-keh\u00e4\u00e4n&nbsp;&nbsp;Etel\u00e4-Suomen Sanomat Presidentti Stubbin vierailu&hellip;\n","protected":false},"author":2,"featured_media":29720,"comment_status":"","ping_status":"","sticky":false,"template":"","format":"standard","meta":{"footnotes":""},"categories":[114],"tags":[453,33,31,30,1133,713,715,710,714,118,452,32,119,719,538],"class_list":{"0":"post-29719","1":"post","2":"type-post","3":"status-publish","4":"format-standard","5":"has-post-thumbnail","7":"category-avaruus","8":"tag-avaruus","9":"tag-fi","10":"tag-finland","11":"tag-finnish","12":"tag-joensuu","13":"tag-lampotila-saa","14":"tag-meteorologia","15":"tag-saa","16":"tag-saaennustus","17":"tag-science","18":"tag-space","19":"tag-suomi","20":"tag-tiede","21":"tag-tiede-yleista","22":"tag-tiede-ja-tekniikka"},"share_on_mastodon":{"url":"","error":""},"_links":{"self":[{"href":"https:\/\/www.europesays.com\/fi\/wp-json\/wp\/v2\/posts\/29719","targetHints":{"allow":["GET"]}}],"collection":[{"href":"https:\/\/www.europesays.com\/fi\/wp-json\/wp\/v2\/posts"}],"about":[{"href":"https:\/\/www.europesays.com\/fi\/wp-json\/wp\/v2\/types\/post"}],"author":[{"embeddable":true,"href":"https:\/\/www.europesays.com\/fi\/wp-json\/wp\/v2\/users\/2"}],"replies":[{"embeddable":true,"href":"https:\/\/www.europesays.com\/fi\/wp-json\/wp\/v2\/comments?post=29719"}],"version-history":[{"count":0,"href":"https:\/\/www.europesays.com\/fi\/wp-json\/wp\/v2\/posts\/29719\/revisions"}],"wp:featuredmedia":[{"embeddable":true,"href":"https:\/\/www.europesays.com\/fi\/wp-json\/wp\/v2\/media\/29720"}],"wp:attachment":[{"href":"https:\/\/www.europesays.com\/fi\/wp-json\/wp\/v2\/media?parent=29719"}],"wp:term":[{"taxonomy":"category","embeddable":true,"href":"https:\/\/www.europesays.com\/fi\/wp-json\/wp\/v2\/categories?post=29719"},{"taxonomy":"post_tag","embeddable":true,"href":"https:\/\/www.europesays.com\/fi\/wp-json\/wp\/v2\/tags?post=29719"}],"curies":[{"name":"wp","href":"https:\/\/api.w.org\/{rel}","templated":true}]}}