{"id":29721,"date":"2025-09-09T08:38:18","date_gmt":"2025-09-09T08:38:18","guid":{"rendered":"https:\/\/www.europesays.com\/fi\/29721\/"},"modified":"2025-09-09T08:38:18","modified_gmt":"2025-09-09T08:38:18","slug":"vaitos-ymparisto-ja-meribiologian-alalta","status":"publish","type":"post","link":"https:\/\/www.europesays.com\/fi\/29721\/","title":{"rendered":"V\u00e4it\u00f6s ymp\u00e4rist\u00f6- ja meribiologian alalta"},"content":{"rendered":"<p>FM <strong>Viktor Finn\u00e4s<\/strong> v\u00e4ittelee ymp\u00e4rist\u00f6- ja meribiologian alalta v\u00e4it\u00f6skirjalla <strong>Applications of Otolith Microchemistry to Study Whitefish in the Baltic Sea \u2013 Testing and Streamlining of Methods<\/strong>.<\/p>\n<p>Vastav\u00e4itt\u00e4j\u00e4n\u00e4 toimii associate professor <strong>Mehis Rohtla<\/strong>, Tartu \u00dclikool, Viro ja kustoksena professori <strong>Kai Lindstr\u00f6m<\/strong>, \u00c5bo Akademi.<\/p>\n<p><a href=\"https:\/\/www.doria.fi\/handle\/10024\/193172?locale=lfi\" target=\"_blank\" rel=\"noopener nofollow\">V\u00e4it\u00f6skirja on luettavissa \u00c5bo Akademin julkaisuarkistossa Doriassa.<\/a><\/p>\n","protected":false},"excerpt":{"rendered":"FM Viktor Finn\u00e4s v\u00e4ittelee ymp\u00e4rist\u00f6- ja meribiologian alalta v\u00e4it\u00f6skirjalla Applications of Otolith Microchemistry to Study Whitefish in the&hellip;\n","protected":false},"author":2,"featured_media":29722,"comment_status":"","ping_status":"","sticky":false,"template":"","format":"standard","meta":{"footnotes":""},"categories":[113],"tags":[446,33,31,30,118,32,119,447],"class_list":{"0":"post-29721","1":"post","2":"type-post","3":"status-publish","4":"format-standard","5":"has-post-thumbnail","7":"category-ymparisto","8":"tag-environment","9":"tag-fi","10":"tag-finland","11":"tag-finnish","12":"tag-science","13":"tag-suomi","14":"tag-tiede","15":"tag-ymparisto"},"share_on_mastodon":{"url":"","error":""},"_links":{"self":[{"href":"https:\/\/www.europesays.com\/fi\/wp-json\/wp\/v2\/posts\/29721","targetHints":{"allow":["GET"]}}],"collection":[{"href":"https:\/\/www.europesays.com\/fi\/wp-json\/wp\/v2\/posts"}],"about":[{"href":"https:\/\/www.europesays.com\/fi\/wp-json\/wp\/v2\/types\/post"}],"author":[{"embeddable":true,"href":"https:\/\/www.europesays.com\/fi\/wp-json\/wp\/v2\/users\/2"}],"replies":[{"embeddable":true,"href":"https:\/\/www.europesays.com\/fi\/wp-json\/wp\/v2\/comments?post=29721"}],"version-history":[{"count":0,"href":"https:\/\/www.europesays.com\/fi\/wp-json\/wp\/v2\/posts\/29721\/revisions"}],"wp:featuredmedia":[{"embeddable":true,"href":"https:\/\/www.europesays.com\/fi\/wp-json\/wp\/v2\/media\/29722"}],"wp:attachment":[{"href":"https:\/\/www.europesays.com\/fi\/wp-json\/wp\/v2\/media?parent=29721"}],"wp:term":[{"taxonomy":"category","embeddable":true,"href":"https:\/\/www.europesays.com\/fi\/wp-json\/wp\/v2\/categories?post=29721"},{"taxonomy":"post_tag","embeddable":true,"href":"https:\/\/www.europesays.com\/fi\/wp-json\/wp\/v2\/tags?post=29721"}],"curies":[{"name":"wp","href":"https:\/\/api.w.org\/{rel}","templated":true}]}}