{"id":29723,"date":"2025-09-09T08:45:08","date_gmt":"2025-09-09T08:45:08","guid":{"rendered":"https:\/\/www.europesays.com\/fi\/29723\/"},"modified":"2025-09-09T08:45:08","modified_gmt":"2025-09-09T08:45:08","slug":"kaarija-rikkoi-lupauksensa-behm-unohda-vuosien-ystavyys","status":"publish","type":"post","link":"https:\/\/www.europesays.com\/fi\/29723\/","title":{"rendered":"K\u00e4\u00e4rij\u00e4 rikkoi lupauksensa \u2013 Behm: \u201dUnohda vuosien yst\u00e4vyys\u201d"},"content":{"rendered":"<p>Vain el\u00e4m\u00e4\u00e4 -ohjelmassa n\u00e4hd\u00e4\u00e4n heti alkuvaiheissa my\u00f6s vierailevia t\u00e4hti\u00e4. <\/p>\n<p><img decoding=\"async\" class=\"image image-show image-preview\" src=\"https:\/\/www.europesays.com\/fi\/wp-content\/uploads\/2025\/09\/bb6df0e50d40263c488d9c8f3ecacff8910b9019446a5215ef8a6296ab8bb018.jpg\" alt=\"\"\/><img decoding=\"async\" class=\"image image-show\" src=\"https:\/\/www.europesays.com\/fi\/wp-content\/uploads\/2025\/09\/1757407508_230_bb6df0e50d40263c488d9c8f3ecacff8910b9019446a5215ef8a6296ab8bb018.jpg\" alt=\"\"\/><\/p>\n<p>Vain el\u00e4m\u00e4\u00e4 -ohjelmassa ensimm\u00e4isten joukossa oman p\u00e4iv\u00e4ns\u00e4 saa K\u00e4\u00e4rij\u00e4.  Nelonen<\/p>\n<p class=\"paragraph\">Vain el\u00e4m\u00e4\u00e4 -ohjelman t\u00e4m\u00e4n kauden artistien lis\u00e4ksi tv:ss\u00e4 n\u00e4hd\u00e4\u00e4n j\u00e4lleen vierailevia t\u00e4hti\u00e4. Vierailijoita n\u00e4hd\u00e4\u00e4n v\u00e4litt\u00f6m\u00e4sti jo artisteista ensimm\u00e4isen eli K\u00e4\u00e4rij\u00e4n omana p\u00e4iv\u00e4n\u00e4.<\/p>\n<p class=\"paragraph\">Lauluvuorossa on Kuumaa-yhtyeen <a href=\"https:\/\/www.iltalehti.fi\/henkilot\/Johannes Brotherus\" class=\"article-link-person-page\" rel=\"nofollow noopener\" target=\"_blank\">Johannes Brotherus<\/a>, joka ennen esityst\u00e4\u00e4n kehuu K\u00e4\u00e4rij\u00e4n eli <a href=\"https:\/\/www.iltalehti.fi\/henkilot\/K\u00e4\u00e4rij\u00e4\" class=\"article-link-person-page\" rel=\"nofollow noopener\" target=\"_blank\">Jere P\u00f6yh\u00f6sen<\/a> vilpitt\u00f6myytt\u00e4 ja ihmisl\u00e4heisyytt\u00e4.<\/p>\n<p class=\"paragraph\">\u2013 T\u00e4m\u00e4 biisi poppasi esiin sellaisena, jossa olet ehk\u00e4 eri tavalla auki. Se on Autiomaa, Brotherus kertoo.<\/p>\n<p class=\"paragraph\">H\u00e4n siirtyy jo mikrofonin \u00e4\u00e4reen, kunnes paljastaa, ett\u00e4 aikookin esitt\u00e4\u00e4 dueton.<\/p>\n<p class=\"paragraph\">\u2013 Minulla oli alusta asti selv\u00e4\u00e4, ett\u00e4 t\u00e4m\u00e4 on duettokappale. Viel\u00e4kin selvemp\u00e4\u00e4 oli, ett\u00e4 kenen kanssa t\u00e4m\u00e4 t\u00e4ytyy esitt\u00e4\u00e4. Kyseess\u00e4 on meid\u00e4n yhteinen yst\u00e4v\u00e4, Brotherus lausuu.<\/p>\n<p class=\"paragraph\">Esiin saapuva henkil\u00f6 saa K\u00e4\u00e4rij\u00e4n parahtamaan. Lavalle astelee <a href=\"https:\/\/www.iltalehti.fi\/henkilot\/Rita Behm\" class=\"article-link-person-page\" rel=\"nofollow noopener\" target=\"_blank\">Rita Behm<\/a>. Koskettavan tulkinnan j\u00e4lkeen k\u00e4y ilmi, ett\u00e4 K\u00e4\u00e4rij\u00e4 on rikkonut Behmin ja h\u00e4nen yhteist\u00e4 sopimusta.<\/p>\n<p class=\"paragraph\">\u2013 Selvitell\u00e4\u00e4np\u00e4s n\u00e4m\u00e4 sotkut nyt, Brotherus naurahtaa vieress\u00e4.<\/p>\n<p>Johannes Brotherus kutsui Behmin vierailemaan Vain el\u00e4m\u00e4\u00e4 -ohjelmassa.  Petri Aho<\/p>\n<p class=\"paragraph\">Behm ja K\u00e4\u00e4rij\u00e4 kertovat puolen vuoden \u201dv\u00e4lirikostaan\u201d humoristiseen s\u00e4vyyn. Taustalla on ilmeisesti yhteydenottoihin vastaamattomuutta sek\u00e4 Vain el\u00e4m\u00e4\u00e4 -ohjelmaan liittynyt sopimus.<\/p>\n<p class=\"paragraph\">\u2013 Olemme istuneet samassa p\u00f6yd\u00e4ss\u00e4 neuvottelemassa t\u00e4st\u00e4 Vain el\u00e4m\u00e4\u00e4 -kaudesta. Sovimme erikseen Jeren kanssa, ett\u00e4 emme mene t\u00e4lle kaudelle, kun menemme yhdess\u00e4 sitten seuraavalle, Behm kertoo.<\/p>\n<p class=\"paragraph\">Kaksikko kertoi vaihtaneensa viel\u00e4 klassisen eleen valan vannomisen merkiksi eli ristineens\u00e4 pikkurillit yhteen.<\/p>\n<p class=\"paragraph\">\u2013 Olisimme kuin pakettitarjous. Olin siin\u00e4 uskossa, ett\u00e4 olemme Jeren kanssa menossa seuraavalle kaudelle, kunnes Johannes soittaa minulle ja kysyy, ett\u00e4 tulisitko vierailemaan Jeren p\u00e4iv\u00e4\u00e4n, Behm jatkaa.<\/p>\n<p class=\"paragraph\">\u2013 Luulin, ett\u00e4 olit kertonut, Brotherus taustoittaa.<\/p>\n<p class=\"paragraph\">\u2013 Min\u00e4 en tiennyt! Unohda vuosien yst\u00e4vyys, Behm uhkailee K\u00e4\u00e4rij\u00e4lle, mutta suostuu pian anteeksiantoon.<\/p>\n<p class=\"paragraph\">\u2013 En tied\u00e4, miten t\u00e4m\u00e4n kostaisin sitten, Behm kuitenkin myh\u00e4ilee.<\/p>\n<p class=\"paragraph\">Vain el\u00e4m\u00e4\u00e4: K\u00e4\u00e4rij\u00e4n p\u00e4iv\u00e4 Ruutu+ -palvelussa perjantaina 5. syyskuuta. Nelosella ja Ruudussa perjantaina 12.9. kello 20.00. <a href=\"https:\/\/www.iltalehti.fi\/telkku\" rel=\"nofollow noopener\" target=\"_blank\">Katso kaikki TV-ohjelmat ja l\u00e4hetysajat Telkun  TV-oppaasta<\/a>.<\/p>\n","protected":false},"excerpt":{"rendered":"Vain el\u00e4m\u00e4\u00e4 -ohjelmassa n\u00e4hd\u00e4\u00e4n heti alkuvaiheissa my\u00f6s vierailevia t\u00e4hti\u00e4. Vain el\u00e4m\u00e4\u00e4 -ohjelmassa ensimm\u00e4isten joukossa oman p\u00e4iv\u00e4ns\u00e4 saa K\u00e4\u00e4rij\u00e4.&hellip;\n","protected":false},"author":2,"featured_media":29724,"comment_status":"","ping_status":"","sticky":false,"template":"","format":"standard","meta":{"footnotes":""},"categories":[136],"tags":[35,138,407,137,33,31,30,408,47,1999,32,484,139,109],"class_list":{"0":"post-29723","1":"post","2":"type-post","3":"status-publish","4":"format-standard","5":"has-post-thumbnail","7":"category-julkkikset","8":"tag-24h","9":"tag-audio","10":"tag-celebrities","11":"tag-entertainment","12":"tag-fi","13":"tag-finland","14":"tag-finnish","15":"tag-julkkikset","16":"tag-musiikki","17":"tag-suomalaiset-tv-ohjelmat","18":"tag-suomi","19":"tag-taiteellinen-ilmaisu-ja-mediat","20":"tag-tv-ohjelmat","21":"tag-viihde"},"share_on_mastodon":{"url":"","error":""},"_links":{"self":[{"href":"https:\/\/www.europesays.com\/fi\/wp-json\/wp\/v2\/posts\/29723","targetHints":{"allow":["GET"]}}],"collection":[{"href":"https:\/\/www.europesays.com\/fi\/wp-json\/wp\/v2\/posts"}],"about":[{"href":"https:\/\/www.europesays.com\/fi\/wp-json\/wp\/v2\/types\/post"}],"author":[{"embeddable":true,"href":"https:\/\/www.europesays.com\/fi\/wp-json\/wp\/v2\/users\/2"}],"replies":[{"embeddable":true,"href":"https:\/\/www.europesays.com\/fi\/wp-json\/wp\/v2\/comments?post=29723"}],"version-history":[{"count":0,"href":"https:\/\/www.europesays.com\/fi\/wp-json\/wp\/v2\/posts\/29723\/revisions"}],"wp:featuredmedia":[{"embeddable":true,"href":"https:\/\/www.europesays.com\/fi\/wp-json\/wp\/v2\/media\/29724"}],"wp:attachment":[{"href":"https:\/\/www.europesays.com\/fi\/wp-json\/wp\/v2\/media?parent=29723"}],"wp:term":[{"taxonomy":"category","embeddable":true,"href":"https:\/\/www.europesays.com\/fi\/wp-json\/wp\/v2\/categories?post=29723"},{"taxonomy":"post_tag","embeddable":true,"href":"https:\/\/www.europesays.com\/fi\/wp-json\/wp\/v2\/tags?post=29723"}],"curies":[{"name":"wp","href":"https:\/\/api.w.org\/{rel}","templated":true}]}}