{"id":297249,"date":"2026-07-09T15:01:15","date_gmt":"2026-07-09T15:01:15","guid":{"rendered":"https:\/\/www.europesays.com\/fi\/297249\/"},"modified":"2026-07-09T15:01:15","modified_gmt":"2026-07-09T15:01:15","slug":"analyysi-nato-tuhlaa-energiaansa-trumpin-lepyttelyyn-politiikka","status":"publish","type":"post","link":"https:\/\/www.europesays.com\/fi\/297249\/","title":{"rendered":"Analyysi: Nato tuhlaa energiaansa Trumpin lepyttelyyn | Politiikka"},"content":{"rendered":"<p class=\"aw__sc-1qwuw0s-0 aw__sc-1vg2sqm-0 epAWpq ecELkD yle__article__paragraph\">Ankaran Nato-kokous onnistui vahvistamaan Euroopan ja Ukrainan puolustusta, kirjoittaa Ylen Nato-erikois\u00adtoimittaja Maria Stenroos<\/p>\n<p><img decoding=\"async\" alt=\"Suomen presidentti Alexander Stubb, Ranskan presidentti Emmanuel Macron, Yhdysvaltain presidentti Donald Trump ja Saksan liittokansleri Friedrich Merz kokoontuvat yhteiskuvaan Naton p\u00e4\u00e4miesten huippukokouksessa Turkin Ankarassa 8. hein\u00e4kuuta 2026.\" src=\"https:\/\/www.europesays.com\/fi\/wp-content\/uploads\/2026\/07\/1783515620.jpeg\" class=\"aw__sc-dklauk-0 LPzKX\"\/><\/p>\n<p>Avaa kuvien katselu<\/p>\n<p>Kuva: Emmi Korhonen \/ Lehtikuva<img decoding=\"async\" alt=\"Ylen Nato-kirjeenvaihtaja Maria Stenroos.\" src=\"https:\/\/www.europesays.com\/fi\/wp-content\/uploads\/2026\/07\/1685008781.jpeg\" class=\"aw__sc-dklauk-0 LPzKX\"\/><\/p>\n<p class=\"aw__sc-1qwuw0s-0 aw__sc-ngllmo-0 epAWpq fzYpjk yle__article__paragraph\">Taas kerran <strong class=\"aw__sc-ngllmo-2 gdRrun yle__article__strong\">Donald Trump<\/strong> teki sen: sai eurooppalaiset hermoilemaan, torjumaan katastrofia, pelk\u00e4\u00e4m\u00e4\u00e4n pahinta. Saapuessaan Trump roiski riitaa haastavia, k\u00e4rjekk\u00e4it\u00e4 lausuntoja eri suuntiin. Ja lopuksi Trump sanoi: oli tosi hyv\u00e4 kokous.<\/p>\n<p class=\"aw__sc-1qwuw0s-0 aw__sc-ngllmo-0 epAWpq fzYpjk yle__article__paragraph\">Turkin Ankarassa pidetty kokous muutti Natoa. Euroopan maat ovat nyt aiempaa valmiimpia puolustautumaan.<\/p>\n<p class=\"aw__sc-1qwuw0s-0 aw__sc-ngllmo-0 epAWpq fzYpjk yle__article__paragraph\">Kokouksen ensimm\u00e4isen p\u00e4iv\u00e4n oli tarkoitus olla vaikuttava: Trumpille piti n\u00e4ytt\u00e4\u00e4, mihin Eurooppa pystyy.<\/p>\n<p class=\"aw__sc-1qwuw0s-0 aw__sc-ngllmo-0 epAWpq fzYpjk yle__article__paragraph\">N\u00e4ytt\u00e4minen ei j\u00e4\u00e4nyt vain kehuskeluksi. Tiistaina julkistettiin suuri m\u00e4\u00e4r\u00e4 Euroopan maiden yhteisi\u00e4 puolustushankintoja. Puolustusostot ovat tarpeellisia, kun Eurooppa haluaa olla riippumattomampi Yhdysvalloista.<\/p>\n<p class=\"aw__sc-1qwuw0s-0 aw__sc-ngllmo-0 epAWpq fzYpjk yle__article__paragraph\">Isojen kuljetuskoneiden ja ilmatankkauskoneiden yhteisosto auttaa siirtelem\u00e4\u00e4n joukkoja ja pit\u00e4m\u00e4\u00e4n h\u00e4vitt\u00e4j\u00e4t pidemp\u00e4\u00e4n ilmassa. Uudet miehitt\u00e4m\u00e4tt\u00f6m\u00e4t tiedusteludroonit parantavat tiedustelun n\u00e4kym\u00e4\u00e4 it\u00e4rajalla ja arktisella alueella. Uudet tutkavalvontakoneet Nato-maat tilaavat Ruotsista.<\/p>\n<p class=\"aw__sc-1qwuw0s-0 aw__sc-ngllmo-0 epAWpq fzYpjk yle__article__paragraph\">My\u00f6s Suomi on mukana k\u00e4yt\u00e4nn\u00f6ss\u00e4 kaikissa keskeisiss\u00e4 suunnitelmissa, niin lentokaluston hankinnassa kuin ohjusten kehitt\u00e4misess\u00e4.<\/p>\n<p class=\"aw__sc-1qwuw0s-0 aw__sc-ngllmo-0 epAWpq fzYpjk yle__article__paragraph\">Maat aikovat kehitt\u00e4\u00e4 DPS-, deep precision strike-, kykyj\u00e4, joilla pystyt\u00e4\u00e4n iskem\u00e4\u00e4n syv\u00e4lle vihollisen alueelle. Se tarkoittaa k\u00e4yt\u00e4nn\u00f6ss\u00e4 ohjuksia. Ne selvittelev\u00e4t my\u00f6s Amraam-ohjusten valmistamista selvitet\u00e4\u00e4n.<\/p>\n<p class=\"aw__sc-1qwuw0s-0 aw__sc-ngllmo-0 epAWpq fzYpjk yle__article__paragraph\">Lis\u00e4ksi Nato kertoi tiistaina, ett\u00e4 maiden yhteenlasketut puolustusmenot kasvavat, ja se tarkoittaa vahvempaa Eurooppaa.<\/p>\n<p class=\"aw__sc-1qwuw0s-0 aw__sc-ngllmo-0 epAWpq fzYpjk yle__article__paragraph\">Mutta tiistai-illasta eteenp\u00e4in kokouksen k\u00e4sikirjoitus n\u00e4ytti olevan Trumpin k\u00e4siss\u00e4.<\/p>\n<p class=\"aw__sc-1qwuw0s-0 aw__sc-ngllmo-0 epAWpq fzYpjk yle__article__paragraph\"><strong class=\"aw__sc-ngllmo-2 gdRrun yle__article__strong\">Kokoukseen saapui pitelem\u00e4t\u00f6n Amerikan presidentti,<\/strong> joka lausui ennen kokousta haluavansa Gr\u00f6nlannin, oli pettynyt Eurooppaan ja lupasi katkaista kaupan Espanjan kanssa. Tiistain ja keskiviikon v\u00e4lisen\u00e4 y\u00f6n\u00e4 Yhdysvallat iski Iraniin.<\/p>\n<p class=\"aw__sc-1qwuw0s-0 aw__sc-ngllmo-0 epAWpq fzYpjk yle__article__paragraph\">Vaaran merkeist\u00e4 huolimatta johtajien varsinainen kokous sujui sopuisasti. Trump oli lopputulokseen tyytyv\u00e4inen ja piti sit\u00e4 pitk\u00e4lti omana ansionaan.<\/p>\n<p><img decoding=\"async\" alt=\"Donald Trump keltaisessa kravatissa puhuu puhujakorokkeella, taustalla Naton logo.\" src=\"https:\/\/www.europesays.com\/fi\/wp-content\/uploads\/2026\/07\/1783535473.jpeg\" loading=\"lazy\" class=\"aw__sc-dklauk-0 LPzKX\"\/><\/p>\n<p>Avaa kuvien katselu<\/p>\n<p>Trump esiintyi voitokkaana Naton kokouksessa. Taustalla seisovat puolustusministeri Pete Hegseth, ulkoministeri Marco Rubio ja valtiovarainministeri Scott Bessent. Kuva: Filip Singer \/ EPA<\/p>\n<p class=\"aw__sc-1qwuw0s-0 aw__sc-ngllmo-0 epAWpq fzYpjk yle__article__paragraph\">Yhdysvallat puskee ja repii Natoa haluamaansa suuntaan. On vaikea sanoa, kuinka paljon puolustusmenojen nostosta on Trumpin pelkoa \u2013 tuskin paljon, vaikka p\u00e4\u00e4sihteeri <strong class=\"aw__sc-ngllmo-2 gdRrun yle__article__strong\">Mark Rutte<\/strong> niin haluaakin Trumpin takia markkinoida. Maat reagoivat Ven\u00e4j\u00e4n uhkaan ja vaarallisemmaksi muuttuneeseen maailmantilanteeseen.<\/p>\n<p class=\"aw__sc-1qwuw0s-0 aw__sc-ngllmo-0 epAWpq fzYpjk yle__article__paragraph\">Rutten Trumpille osoittama mielistely on vaivaannuttavaa. Mutta taustalla Rutte on tehnyt taitavaa ty\u00f6t\u00e4. H\u00e4n on patistellut eurooppalaisia, lepytellyt Yhdysvaltoja ja saanut ohjattua Gr\u00f6nlanti-kiistan neuvotteluraiteille.<\/p>\n<p class=\"aw__sc-1qwuw0s-0 aw__sc-ngllmo-0 epAWpq fzYpjk yle__article__paragraph\">Gr\u00f6nlanti-asiassa Rutte my\u00f6s osoitti Trumpille, miss\u00e4 raja menee: meh\u00e4n teimme Davosissa diilin, h\u00e4n sanoi, Trumpin revitelless\u00e4 asialla ennen kokousta.<\/p>\n<p class=\"aw__sc-1qwuw0s-0 aw__sc-ngllmo-0 epAWpq fzYpjk yle__article__paragraph\">Natoa hajottava Gr\u00f6nlanti-asia ei noussut esiin itse kokouksessa.<\/p>\n<p class=\"aw__sc-1qwuw0s-0 aw__sc-ngllmo-0 epAWpq fzYpjk yle__article__paragraph\">Kokouksen suurimpia onnistumisia on Ukrainan vahvistaminen.<\/p>\n<p class=\"aw__sc-1qwuw0s-0 aw__sc-ngllmo-0 epAWpq fzYpjk yle__article__paragraph\">Nato-maat saivat sovittua kahden vuoden tuesta Ukrainalle, 70 miljardia vuosittain.<\/p>\n<p class=\"aw__sc-1qwuw0s-0 aw__sc-ngllmo-0 epAWpq fzYpjk yle__article__paragraph\">Diplomatia ja Ukrainan sotamenestys auttoivat <strong class=\"aw__sc-ngllmo-2 gdRrun yle__article__strong\">Volodymir Zelenskyi\u00e4<\/strong> neuvotteluissa: Trump lupasi antaa Ukrainan valmistaa ballististen ohjusten torjuntaan tarkoitettuja amerikkalaisia Patriot-ohjuksia.<\/p>\n<p class=\"aw__sc-1qwuw0s-0 aw__sc-ngllmo-0 epAWpq fzYpjk yle__article__paragraph\">Ankaran kokouksen j\u00e4lkeen tekemist\u00e4 riitt\u00e4\u00e4 yh\u00e4. Kolmannes Nato-maista k\u00e4ytt\u00e4\u00e4 puolustukseensa juuri ja juuri pakolliset pari prosenttia. Kolmannes on huolissaan turvallisuudestaan ja yritt\u00e4\u00e4 kaikkensa.<\/p>\n<p class=\"aw__sc-1qwuw0s-0 aw__sc-ngllmo-0 epAWpq fzYpjk yle__article__paragraph\">Liiton henkinen tilakaan ei ole kovin vakaa.<\/p>\n<p class=\"aw__sc-1qwuw0s-0 aw__sc-ngllmo-0 epAWpq fzYpjk yle__article__paragraph\">Maailman suurimman puolustusliiton energiaa kuluu turhan paljon Trumpin tyynnyttelyyn.<\/p>\n<p class=\"aw__sc-1qwuw0s-0 aw__sc-ngllmo-0 epAWpq fzYpjk yle__article__paragraph\">Trump on pitkin kev\u00e4tt\u00e4 arvostellut ja haukkunut useita eurooppalaisia johtajia, mutta samassa huoneessa oltuaan h\u00e4n tuntui sulaneen.<\/p>\n<p class=\"aw__sc-1qwuw0s-0 aw__sc-ngllmo-0 epAWpq fzYpjk yle__article__paragraph\">\u2013 Huoneessa oli paljon rakkautta, fiksuja ihmisi\u00e4, joilla on hyv\u00e4 syd\u00e4n, Donald Trump sanoi Nato-kokouksen j\u00e4lkeen.<\/p>\n<p class=\"aw__sc-1qwuw0s-0 aw__sc-ngllmo-0 epAWpq fzYpjk yle__article__paragraph\">Vaikka maiden johtajat sanovat Naton olevan yh\u00e4 vahvempi, se on saanut osumia. Yhdysvaltojen vet\u00e4ytyminen osasta vastuitaan ja jatkuva Trumpin puheiden selittely ei tee hyv\u00e4\u00e4 pelotteelle.<\/p>\n<p class=\"aw__sc-1qwuw0s-0 aw__sc-ngllmo-0 epAWpq fzYpjk yle__article__paragraph\">Presidentti Stubb kehotti kokouksessa pit\u00e4m\u00e4\u00e4n huomion olennaisessa, Euroopan vahvistamisessa. Oli hyv\u00e4 kuulla suoraan, ett\u00e4 Stubbin mielest\u00e4 kokouksen alla kuullut Trumpin Gr\u00f6nlanti-puheet olivat ep\u00e4mukavia.<\/p>\n","protected":false},"excerpt":{"rendered":"Ankaran Nato-kokous onnistui vahvistamaan Euroopan ja Ukrainan puolustusta, kirjoittaa Ylen Nato-erikois\u00adtoimittaja Maria Stenroos Avaa kuvien katselu Kuva: Emmi&hellip;\n","protected":false},"author":2,"featured_media":297250,"comment_status":"","ping_status":"","sticky":false,"template":"","format":"standard","meta":{"footnotes":"","_share_on_mastodon":"0"},"categories":[14],"tags":[22,23,26,27,33,31,30,17,24,25,28,29,2579,15,18,21,637,9052,32,19,20,546,56,16,59,60,61],"class_list":["post-297249","post","type-post","status-publish","format-standard","has-post-thumbnail","category-ulkomaat","tag-breaking-news","tag-breakingnews","tag-featured-news","tag-featurednews","tag-fi","tag-finland","tag-finnish","tag-headlines","tag-latest-news","tag-latestnews","tag-main-news","tag-mainnews","tag-nato","tag-news","tag-otsikot","tag-paauutiset","tag-politiikka","tag-puolustus","tag-suomi","tag-top-stories","tag-topstories","tag-turvallisuus","tag-ulkomaat","tag-uutiset","tag-world","tag-world-news","tag-worldnews"],"share_on_mastodon":{"url":"https:\/\/pubeurope.com\/@fi\/116890625122637122","error":""},"_links":{"self":[{"href":"https:\/\/www.europesays.com\/fi\/wp-json\/wp\/v2\/posts\/297249","targetHints":{"allow":["GET"]}}],"collection":[{"href":"https:\/\/www.europesays.com\/fi\/wp-json\/wp\/v2\/posts"}],"about":[{"href":"https:\/\/www.europesays.com\/fi\/wp-json\/wp\/v2\/types\/post"}],"author":[{"embeddable":true,"href":"https:\/\/www.europesays.com\/fi\/wp-json\/wp\/v2\/users\/2"}],"replies":[{"embeddable":true,"href":"https:\/\/www.europesays.com\/fi\/wp-json\/wp\/v2\/comments?post=297249"}],"version-history":[{"count":0,"href":"https:\/\/www.europesays.com\/fi\/wp-json\/wp\/v2\/posts\/297249\/revisions"}],"wp:featuredmedia":[{"embeddable":true,"href":"https:\/\/www.europesays.com\/fi\/wp-json\/wp\/v2\/media\/297250"}],"wp:attachment":[{"href":"https:\/\/www.europesays.com\/fi\/wp-json\/wp\/v2\/media?parent=297249"}],"wp:term":[{"taxonomy":"category","embeddable":true,"href":"https:\/\/www.europesays.com\/fi\/wp-json\/wp\/v2\/categories?post=297249"},{"taxonomy":"post_tag","embeddable":true,"href":"https:\/\/www.europesays.com\/fi\/wp-json\/wp\/v2\/tags?post=297249"}],"curies":[{"name":"wp","href":"https:\/\/api.w.org\/{rel}","templated":true}]}}