{"id":29725,"date":"2025-09-09T08:46:10","date_gmt":"2025-09-09T08:46:10","guid":{"rendered":"https:\/\/www.europesays.com\/fi\/29725\/"},"modified":"2025-09-09T08:46:10","modified_gmt":"2025-09-09T08:46:10","slug":"husin-taidetoimikunta-halutaan-lopettaa-keskittyi-liikaa-matkoihin-ja-kirjoihin","status":"publish","type":"post","link":"https:\/\/www.europesays.com\/fi\/29725\/","title":{"rendered":"Husin taidetoimikunta halutaan lopettaa: keskittyi liikaa matkoihin ja kirjoihin"},"content":{"rendered":"<p>S\u00e4\u00e4st\u00f6t|Toimikunta on koostunut Husissa vaikuttavista poliitikoista ja Husin henkil\u00f6kunnasta. Jatkossa taidehankinnat teht\u00e4isiin 100\u202f000 euron budjetista.<\/p>\n<p>8.9. 13:01<\/p>\n<p>Lue tiivistelm\u00e4<\/p>\n<p>Tiivistelm\u00e4 on teko\u00e4lyn tekem\u00e4 ja ihmisen tarkistama.<\/p>\n<p class=\"article-body margin-bottom-24 padding-x-16 sndp-summary-bullet-point-font\">Husin yhtym\u00e4hallitus aikoo lakkauttaa taidetoimikunnan nykyisess\u00e4 muodossaan.<\/p>\n<p class=\"article-body margin-bottom-24 padding-x-16 sndp-summary-bullet-point-font\">Selvityksen mukaan kymmenhenkisen toimikunnan ty\u00f6 on keskittynyt liikaa kirjojen julkaisuun ja matkoihin.<\/p>\n<p class=\"article-body margin-bottom-24 padding-x-16 sndp-summary-bullet-point-font\">Jatkossa taidehankinnoista vastaisi Husin palveluksessa oleva osa-aikainen taideasiantuntija 100 000 euron budjetilla.<\/p>\n<p class=\"article-body margin-bottom-24 padding-x-16\">Soten s\u00e4\u00e4st\u00f6kuurin my\u00f6t\u00e4 my\u00f6s Husin taidetoimikunta nykyisess\u00e4 muodossaan aiotaan lakkauttaa. Sen teht\u00e4v\u00e4n\u00e4 on ollut hankkia taidetta sairaaloihin.<\/p>\n<p class=\"article-body margin-bottom-24 padding-x-16\">Asiaa k\u00e4siteltiin Husin yhtym\u00e4hallituksessa maanantaina. Lopullinen ratkaisu siirrettiin seuraavaan kokoukseen.<\/p>\n<p class=\"article-body margin-bottom-24 padding-x-16\">Husin taidekokoelmaa kartuttava kymmenhenkinen toimikunta on perustettu vuonna 2013. Toimikunta on koostunut Husissa vaikuttavista poliitikoista sek\u00e4 Husin henkil\u00f6kunnasta, kuten sairaaloiden johdosta.<\/p>\n<p class=\"article-body margin-bottom-24 padding-x-16\">Edellisen taidetoimikunnan kausi on juuri p\u00e4\u00e4ttynyt, eik\u00e4 uutta ole asetettu.<\/p>\n<p class=\"article-body margin-bottom-24 padding-x-16\">Toimikunnan budjetti on ollut 2020-luvulla 150\u202f000\u2013250\u202f000 euroa vuodessa. Rahaa on k\u00e4ytetty sek\u00e4 taidehankintoihin ett\u00e4 esimerkiksi toimikunnan matkoihin, jotka ovat kohdistuneet muun muassa Baltian maihin.<\/p>\n<p class=\"article-body margin-bottom-24 padding-x-16\">Muutaman y\u00f6n mittaisten matkojen budjetti on ollut noin 10\u202f000\u201315\u202f000 euroa sis\u00e4lt\u00e4en taidehankinnat. Vierailuja on tehty my\u00f6s kotimaassa.<\/p>\n<p class=\"article-body margin-bottom-24 padding-x-16\">Toimikunta on my\u00f6s julkaissut taiteeseen liittyvi\u00e4 kirjoja.<\/p>\n<p class=\"article-body margin-bottom-24 padding-x-16\">Taidehankintojen joukossa on my\u00f6s toimikunnan puheenjohtajana alusta saakka toimineen <a class=\"article-personlink\" href=\"https:\/\/www.hs.fi\/haku\/?query=Ilkka%20Taipaleen\" rel=\"nofollow noopener\" target=\"_blank\">Ilkka Taipaleen<\/a> (sd) Vietnamista hankkimat teokset, jotka Hus lunasti Taipaleelta 367 eurolla.<\/p>\n<p class=\"article-body margin-bottom-24 padding-x-16\">Taidetoimikunnan ostamien teosten lis\u00e4ksi Husin investointiohjelmassa on erikseen ollut taiteelle varattua m\u00e4\u00e4r\u00e4rahaa uusien tilojen taidehankintoihin. Kyseess\u00e4 on prosentuaalinen osuus kaikista rakennuskustannuksista, 2020-luvulla noin 300\u202f000 euroa vuodessa.<\/p>\n<p class=\"article-body margin-bottom-24 padding-x-16\">Sen lis\u00e4ksi Husin eri yksik\u00f6t ovat omasta budjetistaan voineet hankkia taidetta.<\/p>\n<p class=\"article-body margin-bottom-24 padding-x-16\">Nyt taidetoimikunta halutaan lakkauttaa ja taidehankintoihin osoitettu budjetti rajoittaa 100\u202f000 euroon.<\/p>\n<p class=\"article-body margin-bottom-24 padding-x-16\">Yhtym\u00e4hallitukselle esitet\u00e4\u00e4n, ett\u00e4 jatkossa taidehankinnoista vastaisi Husin palveluksessa oleva osa-aikainen taideasiantuntija. My\u00f6s yhtym\u00e4hallituksen puheenjohtaja <a class=\"article-personlink\" href=\"https:\/\/www.hs.fi\/haku\/?query=Risto%20Rautava\" rel=\"nofollow noopener\" target=\"_blank\">Risto Rautava<\/a> (kok) tukee esityst\u00e4.<\/p>\n<p class=\"article-body margin-bottom-24 padding-x-16\">Aiheesta teetettiin vuonna 2023 selvitys. Siin\u00e4 todettiin, ett\u00e4 nykyisen mallisen taidetoimikunnan haasteita olivat muun muassa taidetoimikunnan j\u00e4senten valinta, toiminnan l\u00e4pin\u00e4kym\u00e4tt\u00f6myys, toimikunnan asiantuntijuus sek\u00e4 toiminnan fokus, joka selvityksen mukaan oli kirjoissa ja matkoissa.<\/p>\n<p class=\"article-body margin-bottom-24 padding-x-16\">Selvityksess\u00e4 suositellaan toisenlaiseen malliin siirtymist\u00e4. Toimikunnassa voisi olla enemm\u00e4n ty\u00f6ntekij\u00f6iden ja taiteilijoiden edustusta. Toinen vaihtoehto olisi malli, jossa taideasiantuntija tekisi suunnitelmat ja hyv\u00e4ksytt\u00e4isi ne ohjausryhm\u00e4ll\u00e4.<\/p>\n<p class=\"article-body margin-bottom-24 padding-x-16\">Taidetta hankitaan my\u00f6s muissa sairaaloissa ja julkisissa laitoksissa niin Suomessa kuin ulkomailla. Husilla taide on esill\u00e4 julkisissa tiloissa ja teoksia lainataan my\u00f6s n\u00e4yttelyihin. Taidekokoelmassa on yli 5\u202f500 taideteosta.<\/p>\n<p class=\"article-body margin-bottom-24 padding-x-16\">Osa Husin taidekokoelmasta on tullut lahjoituksina tai niin sanottuina deponointeina, jolloin omistus s\u00e4ilyy taiteen alkuper\u00e4isell\u00e4 omistajalla, mutta teos siirtyy esille Husin tiloihin.<\/p>\n<p class=\"article-body margin-bottom-24 padding-x-16\">Samanlainen kohtalo odottaa my\u00f6s Husin museotoimikuntaa, jonka m\u00e4\u00e4r\u00e4rahoja aiotaan supistaa 100\u202f000 euroon nykyisest\u00e4 150\u202f000 eurosta.<\/p>\n<p class=\"article-body margin-bottom-24 padding-x-16\">Museotoimikunta on muun muassa yll\u00e4pit\u00e4nyt Husin kokoelmien esineist\u00f6jen luettelointia ja suunnitellut esineist\u00f6n ja kokoelmien s\u00e4ilytt\u00e4mist\u00e4 ammatillisten museoiden kanssa.<\/p>\n<p class=\"article-body margin-bottom-24 padding-x-16\">My\u00f6s museotoimikuntaan on kuulunut kymmenen j\u00e4sent\u00e4. Toimikunta halutaan kutistaa nyt nelij\u00e4seniseksi.<\/p>\n","protected":false},"excerpt":{"rendered":"S\u00e4\u00e4st\u00f6t|Toimikunta on koostunut Husissa vaikuttavista poliitikoista ja Husin henkil\u00f6kunnasta. Jatkossa taidehankinnat teht\u00e4isiin 100\u202f000 euron budjetista. 8.9. 13:01 Lue&hellip;\n","protected":false},"author":2,"featured_media":29726,"comment_status":"","ping_status":"","sticky":false,"template":"","format":"standard","meta":{"footnotes":""},"categories":[135],"tags":[389,387,388,390,137,33,31,30,46,32,394,393,391,392,109],"class_list":{"0":"post-29725","1":"post","2":"type-post","3":"status-publish","4":"format-standard","5":"has-post-thumbnail","7":"category-taiteet-ja-suunnittelu","8":"tag-arts","9":"tag-arts-and-design","10":"tag-artsanddesign","11":"tag-design","12":"tag-entertainment","13":"tag-fi","14":"tag-finland","15":"tag-finnish","16":"tag-helsingin-sanomat","17":"tag-suomi","18":"tag-suunnittelu","19":"tag-taiteet","20":"tag-taiteet-ja-suunnittelu","21":"tag-taiteetsuunnittelu","22":"tag-viihde"},"share_on_mastodon":{"url":"","error":""},"_links":{"self":[{"href":"https:\/\/www.europesays.com\/fi\/wp-json\/wp\/v2\/posts\/29725","targetHints":{"allow":["GET"]}}],"collection":[{"href":"https:\/\/www.europesays.com\/fi\/wp-json\/wp\/v2\/posts"}],"about":[{"href":"https:\/\/www.europesays.com\/fi\/wp-json\/wp\/v2\/types\/post"}],"author":[{"embeddable":true,"href":"https:\/\/www.europesays.com\/fi\/wp-json\/wp\/v2\/users\/2"}],"replies":[{"embeddable":true,"href":"https:\/\/www.europesays.com\/fi\/wp-json\/wp\/v2\/comments?post=29725"}],"version-history":[{"count":0,"href":"https:\/\/www.europesays.com\/fi\/wp-json\/wp\/v2\/posts\/29725\/revisions"}],"wp:featuredmedia":[{"embeddable":true,"href":"https:\/\/www.europesays.com\/fi\/wp-json\/wp\/v2\/media\/29726"}],"wp:attachment":[{"href":"https:\/\/www.europesays.com\/fi\/wp-json\/wp\/v2\/media?parent=29725"}],"wp:term":[{"taxonomy":"category","embeddable":true,"href":"https:\/\/www.europesays.com\/fi\/wp-json\/wp\/v2\/categories?post=29725"},{"taxonomy":"post_tag","embeddable":true,"href":"https:\/\/www.europesays.com\/fi\/wp-json\/wp\/v2\/tags?post=29725"}],"curies":[{"name":"wp","href":"https:\/\/api.w.org\/{rel}","templated":true}]}}