{"id":297257,"date":"2026-07-09T15:23:13","date_gmt":"2026-07-09T15:23:13","guid":{"rendered":"https:\/\/www.europesays.com\/fi\/297257\/"},"modified":"2026-07-09T15:23:13","modified_gmt":"2026-07-09T15:23:13","slug":"salatut-elamat-tahti-teemu-lehtila-avautuu-vanhempiensa-menettamisesta","status":"publish","type":"post","link":"https:\/\/www.europesays.com\/fi\/297257\/","title":{"rendered":"Salatut el\u00e4m\u00e4t -t\u00e4hti Teemu Lehtil\u00e4 avautuu vanhempiensa menett\u00e4misest\u00e4"},"content":{"rendered":"<p>            Jani Korpela\n        <\/p>\n<p class=\"subtitle \">Teemu Lehtil\u00e4 joutui kohtaamaan el\u00e4m\u00e4n rajallisuuden karulla tavalla.<\/p>\n<p class=\"article-content article-content-width !bg-background\"> Salatut el\u00e4m\u00e4t\u00a0-sarjaa t\u00e4hditt\u00e4v\u00e4lle n\u00e4yttelij\u00e4  tulee loppuvuodesta t\u00e4yteen py\u00f6re\u00e4t 60 vuotta.\u00a0<\/p>\n<p class=\"article-content article-content-width !bg-background\">Katso video: Teemu Lehtil\u00e4 s\u00e4ilytt\u00e4\u00e4 erikoisessa paikassa valokuvia:<\/p>\n<p class=\"article-content article-content-width !bg-background\">H\u00e4nen mukaansa ik\u00e4 on tuonut h\u00e4nelle rauhaa.<\/p>\n<p class=\"article-content article-content-width !bg-background\">\u2013 Kyll\u00e4h\u00e4n hermot kest\u00e4v\u00e4t paremmin. Osaa suhtautua asioihin rennommin. Kaikki ei ole niin vakavaa, eik\u00e4 kierrokset nouse en\u00e4\u00e4 kaikesta pienest\u00e4, h\u00e4n tuumii Seiskan haastattelussa.<\/p>\n<p class=\"article-content article-content-width !bg-background\">El\u00e4m\u00e4n rajallisuutta ovat opettaneet etenkin omien vanhempien poismenot. \u00c4idin kuolemasta h\u00e4n sai tiedon kesken Salkkareiden kuvausp\u00e4iv\u00e4n koronakev\u00e4\u00e4n\u00e4 2021. \u00c4iti oli kuollessaan 85-vuotias, kun Teemun is\u00e4 menehtyi 78-vuotiaana traagisesti joulusaunaan vuonna 2011.<\/p>\n<p class=\"article-content article-content-width !bg-background\">\u2013 Molemmat olivat dramaattisia poistumisia. \u00c4kkin\u00e4isi\u00e4 poisl\u00e4ht\u00f6j\u00e4, joihin ei pystynyt varautumaan. Is\u00e4ll\u00e4 toki oli ollut krooninen keuhkoahtaumatauti. My\u00f6hemmin selvisi, ett\u00e4 se oli niin paha, ett\u00e4 h\u00e4n p\u00f6kertyi saunaan, Teemu hiljenee.<\/p>\n<p>        <a itemprop=\"url\" href=\"https:\/\/www.seiska.fi\/kotimaa\/tiesitko-salkkarit-tahti-teemu-lehtila-on-viiden-lapsen-isa\/1712647\" rel=\"nofollow noopener\" target=\"_blank\"><\/p>\n<p>\nSalkkarit-t\u00e4hti\n<\/p>\n<p class=\"section-date\">\n        <strong class=\"article-section\" data-section=\"kotimaa\"><br \/>\n            kotimaa<br \/>\n        <\/strong><br \/>\n        26.5.2025 10:31\n    <\/p>\n<p>Tiesitk\u00f6? Salkkarit-t\u00e4hti Teemu Lehtil\u00e4 on viiden lapsen is\u00e4\n    <\/p>\n<p itemprop=\"description\" class=\"subtitle \">\n    N\u00e4yttelij\u00e4n kuopuskin t\u00e4ytt\u00e4\u00e4 jo 18 vuotta.\n<\/p>\n<p>        <\/a><\/p>\n<p>                <img decoding=\"async\" src=\"https:\/\/www.europesays.com\/fi\/wp-content\/uploads\/2026\/07\/2180002.webp\" width=\"576\" height=\"720\" alt=\"Oman rantasaunan terassilla Lemp\u00e4\u00e4l\u00e4ss\u00e4 Teemun mieli lep\u00e4\u00e4.\" loading=\"lazy\" \/>            <\/p>\n<p>\n            Oman rantasaunan terassilla Lemp\u00e4\u00e4l\u00e4ss\u00e4 Teemun mieli lep\u00e4\u00e4.<br \/>\n            Timo Korhonen\n        <\/p>\n<p class=\"article-content article-content-width !bg-background\">Aatonaaton tragedia heitti mustan varjon koko tuolloiselle joululle.<\/p>\n<p class=\"article-content article-content-width !bg-background\">\u2013 Lapsemme olivat silloin pieni\u00e4\u2026 Oli pidett\u00e4v\u00e4 oma p\u00e4\u00e4 kasassa, eik\u00e4 saanut n\u00e4ytt\u00e4\u00e4 surua, murhetta ja huolta heille, mies my\u00f6nt\u00e4\u00e4.<\/p>\n<p>        <a itemprop=\"url\" href=\"https:\/\/www.seiska.fi\/kotimaa\/salkkarit-tahti-avautuu-rakkauselamastaan\/1614731\" rel=\"nofollow noopener\" target=\"_blank\"><\/p>\n<p>\nSalkkarit-t\u00e4hti\n<\/p>\n<p class=\"section-date\">\n        <strong class=\"article-section\" data-section=\"kotimaa\"><br \/>\n            kotimaa<br \/>\n        <\/strong><br \/>\n        17.2.2025 10:02\n    <\/p>\n<p>Salkkarit-t\u00e4hti avautuu rakkausel\u00e4m\u00e4st\u00e4\u00e4n\n    <\/p>\n<p itemprop=\"description\" class=\"subtitle \">\n    N\u00e4yttelij\u00e4 pelmahti H\u00e4jyt 2 -elokuvan kutsuvierasensi-iltaan aivan viime tipassa.\n<\/p>\n<p>        <\/a><\/p>\n<p>&#8221;Niin kauan kuin p\u00e4\u00e4 pelaa&#8230;&#8221;<\/p>\n<p class=\"article-content article-content-width !bg-background\">El\u00e4kep\u00e4ivist\u00e4 Teemu ei haaveile, vaan vuonna 2004 alkanut taival Salatuissa el\u00e4miss\u00e4kin on saamassa edelleen jatkoa. Teemu poistui sarjasta v\u00e4lill\u00e4, mutta palasi sarjaan ristiriitaisena hahmona tunnetun Aaron rooliin pysyv\u00e4sti vuonna 2017.<\/p>\n<p class=\"article-content article-content-width !bg-background\">\u2013 Jos terveytt\u00e4 riitt\u00e4\u00e4 ja k\u00e4sikirjoittajat keksiv\u00e4t tarinaa, menn\u00e4\u00e4n eteenp\u00e4in. Niin kauan kuin p\u00e4\u00e4 pelaa ja jalat liikkuvat, Teemu innostuu.<\/p>\n<p>                <img decoding=\"async\" src=\"https:\/\/www.europesays.com\/fi\/wp-content\/uploads\/2026\/07\/2180004.webp\" width=\"576\" height=\"274\" title=\"Teemun roolihahmo Aaro Vaalanne on Salkkareiden pitk\u00e4aikainen pahis. Kuvassa my\u00f6s Johanna Nurmimaa, joka n\u00e4ytteli Paula Sievist\u00e4.\" alt=\"Salatut el\u00e4m\u00e4t Teemu Lehtil\u00e4, Johanna Nurmimaa\" loading=\"lazy\" \/>            <\/p>\n<p>\n            Teemun roolihahmo Aaro Vaalanne on Salkkareiden pitk\u00e4aikainen pahis. Kuvassa my\u00f6s Johanna Nurmimaa, joka n\u00e4ytteli Paula Sievist\u00e4.<br \/>\n            MTV\n        <\/p>\n<p class=\"article-content article-content-width !bg-background\">Edes ty\u00f6matkat Helsingin ja Lemp\u00e4\u00e4l\u00e4n v\u00e4lill\u00e4 eiv\u00e4t ole vieneet n\u00e4yttelij\u00e4n intoa.<\/p>\n<p class=\"article-content article-content-width !bg-background\">\u2013 Tykk\u00e4\u00e4n siit\u00e4, kun saan ladattua p\u00e4\u00e4n menness\u00e4 ja nollattua takaisin tullessa. Menomatkalla pystyy keskittym\u00e4\u00e4n tuleviin seikkailuihin, kun tullessa p\u00e4iv\u00e4n p\u00f6lyt karisevat pois viimeist\u00e4\u00e4n Linnatuulen huoltoaseman kohdalla.<\/p>\n<p>        <a itemprop=\"url\" href=\"https:\/\/www.seiska.fi\/kotimaa\/tallaisena-et-ole-salkkarit-tahtia-nahnyt-sehan-repii-sulta-silmat-paasta\/1379424\" rel=\"nofollow noopener\" target=\"_blank\"><\/p>\n<p class=\"section-date\">\n        <strong class=\"article-section\" data-section=\"kotimaa\"><br \/>\n            kotimaa<br \/>\n        <\/strong><br \/>\n        12.6.2024 18:00\n    <\/p>\n<p>T\u00e4llaisena et ole Salkkarit-t\u00e4hti\u00e4 n\u00e4hnyt: \u201dSeh\u00e4n repii sulta silm\u00e4t p\u00e4\u00e4st\u00e4\u201d\n    <\/p>\n<p itemprop=\"description\" class=\"subtitle \">\n    Tunnetut tv-t\u00e4hdet n\u00e4hd\u00e4\u00e4n Kangasalan kes\u00e4teatterissa t\u00e4ysin toisenlaisissa tunnelmissa ranskalaisfarssissa Vaimoni Maurice.\n<\/p>\n<p>        <\/a><\/p>\n<p>Kaikki hoidetaan itse<\/p>\n<p class=\"article-content article-content-width !bg-background\">Kotona odottavat Nina-vaimo ja lapset. Perhe py\u00f6ritt\u00e4\u00e4 kes\u00e4teatteria, jota n\u00e4yttelij\u00e4konkari luotsaa tuottajan roolissa naapurikunta Kangasalalla nyt kolmatta kes\u00e4\u00e4.\u00a0<\/p>\n<p class=\"article-content article-content-width !bg-background\">T\u00e4m\u00e4n kes\u00e4n\u00a0Nelinpeli-n\u00e4ytelm\u00e4ss\u00e4 lavalla n\u00e4hd\u00e4\u00e4n liuta Teemun Salkkarit-kollegoita jotka kantavat oman kortensa kekoon kes\u00e4teatterissa. Teemun puoliso toimii kes\u00e4teatterissa toisena tuottajana.<\/p>\n<p class=\"article-content article-content-width !bg-background\">\u2013 Tehd\u00e4\u00e4n hommia rinta rinnan. Lapset ovat apuna liikenteenohjaajina sek\u00e4 makkaran- ja kahvinmyyjin\u00e4. Puuhaa riitt\u00e4\u00e4, kun kaikki hoidetaan pienell\u00e4 porukalla itse lipunmyynniss\u00e4 vessan siivoamiseen, Teemu viitoittaa.<\/p>\n","protected":false},"excerpt":{"rendered":"Jani Korpela Teemu Lehtil\u00e4 joutui kohtaamaan el\u00e4m\u00e4n rajallisuuden karulla tavalla. Salatut el\u00e4m\u00e4t\u00a0-sarjaa t\u00e4hditt\u00e4v\u00e4lle n\u00e4yttelij\u00e4 tulee loppuvuodesta t\u00e4yteen py\u00f6re\u00e4t&hellip;\n","protected":false},"author":2,"featured_media":297258,"comment_status":"","ping_status":"","sticky":false,"template":"","format":"standard","meta":{"footnotes":"","_share_on_mastodon":"0"},"categories":[130],"tags":[137,33,31,30,23926,683,98,209,4463,32,38977,39123,109],"class_list":["post-297257","post","type-post","status-publish","format-standard","has-post-thumbnail","category-viihde","tag-entertainment","tag-fi","tag-finland","tag-finnish","tag-kesateatteri","tag-kuolema","tag-perhe","tag-salatut-elamat","tag-salkkarit","tag-suomi","tag-teemu-lehtila","tag-vanhempien-kuolema","tag-viihde"],"share_on_mastodon":{"url":"https:\/\/pubeurope.com\/@fi\/116890711202575883","error":""},"_links":{"self":[{"href":"https:\/\/www.europesays.com\/fi\/wp-json\/wp\/v2\/posts\/297257","targetHints":{"allow":["GET"]}}],"collection":[{"href":"https:\/\/www.europesays.com\/fi\/wp-json\/wp\/v2\/posts"}],"about":[{"href":"https:\/\/www.europesays.com\/fi\/wp-json\/wp\/v2\/types\/post"}],"author":[{"embeddable":true,"href":"https:\/\/www.europesays.com\/fi\/wp-json\/wp\/v2\/users\/2"}],"replies":[{"embeddable":true,"href":"https:\/\/www.europesays.com\/fi\/wp-json\/wp\/v2\/comments?post=297257"}],"version-history":[{"count":0,"href":"https:\/\/www.europesays.com\/fi\/wp-json\/wp\/v2\/posts\/297257\/revisions"}],"wp:featuredmedia":[{"embeddable":true,"href":"https:\/\/www.europesays.com\/fi\/wp-json\/wp\/v2\/media\/297258"}],"wp:attachment":[{"href":"https:\/\/www.europesays.com\/fi\/wp-json\/wp\/v2\/media?parent=297257"}],"wp:term":[{"taxonomy":"category","embeddable":true,"href":"https:\/\/www.europesays.com\/fi\/wp-json\/wp\/v2\/categories?post=297257"},{"taxonomy":"post_tag","embeddable":true,"href":"https:\/\/www.europesays.com\/fi\/wp-json\/wp\/v2\/tags?post=297257"}],"curies":[{"name":"wp","href":"https:\/\/api.w.org\/{rel}","templated":true}]}}