{"id":29727,"date":"2025-09-09T08:48:07","date_gmt":"2025-09-09T08:48:07","guid":{"rendered":"https:\/\/www.europesays.com\/fi\/29727\/"},"modified":"2025-09-09T08:48:07","modified_gmt":"2025-09-09T08:48:07","slug":"vain-elamaa-kaarija-ja-behm-valit-poikki","status":"publish","type":"post","link":"https:\/\/www.europesays.com\/fi\/29727\/","title":{"rendered":"Vain el\u00e4m\u00e4\u00e4 -K\u00e4\u00e4rij\u00e4 ja Behm: V\u00e4lit poikki!"},"content":{"rendered":"<p>Vain el\u00e4m\u00e4\u00e4 -ohjelmassa n\u00e4hd\u00e4\u00e4n perjantaina K\u00e4\u00e4rij\u00e4n p\u00e4iv\u00e4. <\/p>\n<p>Jaksossa Johannes Brotheruksen esitt\u00e4m\u00e4ss\u00e4 kappaleessa vierailee artisti, jota K\u00e4\u00e4rij\u00e4 ei odottanut n\u00e4kev\u00e4ns\u00e4 Satulinnassa.<\/p>\n<p>Behmin saapuminen Satulinnaan on todella suuri yll\u00e4tys K\u00e4\u00e4rij\u00e4lle, sill\u00e4 h\u00e4n ei ollut n\u00e4hnyt t\u00e4t\u00e4 pitk\u00e4\u00e4n aikaan.<\/p>\n<p>Sotkut selvitell\u00e4\u00e4n<\/p>\n<p>Lue my\u00f6s: <a href=\"https:\/\/www.como.fi\/uutiset\/behm-kasasi-miljoonan-rahaa-taman-verran-siita-jai\/\" title=\"Behm kasasi miljoonan rahaa \u2013 t\u00e4m\u00e4n verran siit\u00e4 j\u00e4i\u2026\" class=\"underline-custom !font-montserrat !font-bold !underline-offset-4 !decoration-4 !decoration-red-600 !text-md\" rel=\"nofollow noopener\" target=\"_blank\">Behm kasasi miljoonan rahaa \u2013 t\u00e4m\u00e4n verran siit\u00e4 j\u00e4i\u2026<\/a><\/p>\n<p>Esityksen j\u00e4lkeen K\u00e4\u00e4rij\u00e4, Behm ja Johannes suuntaavat Satulinnan pihalle keskustelemaan esityksest\u00e4.<\/p>\n<p>\u2013 Selvitell\u00e4\u00e4s n\u00e4m\u00e4 sotkut, Johannes aloittaa keskustelun.<\/p>\n<p>K\u00e4\u00e4rij\u00e4 paljastaa katsojille, ett\u00e4 h\u00e4nell\u00e4 ja Behmill\u00e4 on ollut v\u00e4lirikko.<\/p>\n<p>\u2013 On ollut puoli vuotta, Behm my\u00f6nt\u00e4\u00e4 tapahtuneen.<\/p>\n<p>\u2013 Yritin soittaa sinulle, K\u00e4\u00e4rij\u00e4 jatkaa keskustelua.<\/p>\n<p>\u2013 Kerran! Behm huomauttaa.<\/p>\n<p>\u2013 Et vastannut, K\u00e4\u00e4rij\u00e4 muistuttaa.<\/p>\n<p>Behm haluaa lopulta avata kaksikon v\u00e4lirikon taustoja:<\/p>\n<p>\u2013 Olemme istuneet samassa p\u00f6yd\u00e4ss\u00e4 neuvottelemassa t\u00e4st\u00e4 Vain el\u00e4m\u00e4\u00e4 -kaudesta. Sovimme erikseen, ett\u00e4 emme mene t\u00e4lle kaudelle, vaan menemme yhdess\u00e4 seuraavalle kaudelle. Olin ihan sill\u00e4 tavalla, ett\u00e4 v\u00e4h\u00e4n siisti\u00e4, ett\u00e4 menemme Jeren kanssa seuraavalle kaudelle \u2013 kunnes Johannes soittaa minulle ja kysyy, tulisinko vierailemaan Jeren p\u00e4iv\u00e4\u00e4n.<\/p>\n<p>Jere olikin siis mennyt ohjelmaan sopimuksesta huolimatta.<\/p>\n<p>Johannes ei tiennyt K\u00e4\u00e4rij\u00e4n ja Behmin keskustelusta.<\/p>\n<p>Lue my\u00f6s: <a href=\"https:\/\/www.como.fi\/uutiset\/behm-taytti-30v-ja-julkaisi-passikuviaan-voiko-kukaan-nayttaa-passikuvissa-talta\/\" title=\"Behm t\u00e4ytti 30v ja julkaisi passikuviaan: \u201dVoiko kukaan n\u00e4ytt\u00e4\u00e4 passikuvissa t\u00e4lt\u00e4?\u201d\" class=\"underline-custom !font-montserrat !font-bold !underline-offset-4 !decoration-4 !decoration-red-600 !text-md\" rel=\"nofollow noopener\" target=\"_blank\">Behm t\u00e4ytti 30v ja julkaisi passikuviaan: \u201dVoiko kukaan n\u00e4ytt\u00e4\u00e4 passikuvissa t\u00e4lt\u00e4?\u201d<\/a><\/p>\n<p>\u2013 Luulin, ett\u00e4 olit kertonut h\u00e4nelle, Johannes huudahtaa K\u00e4\u00e4rij\u00e4lle.<\/p>\n<p>\u2013 En tiennyt! Unohda vuosien yst\u00e4vyys, Behm leiskauttaa K\u00e4\u00e4rij\u00e4lle, mutta my\u00f6ntyy lopulta:<\/p>\n<p>\u2013 Okei, saat anteeksi. Mutta en tied\u00e4 miten kostaisin t\u00e4m\u00e4n sinulle, Behm sanoo K\u00e4\u00e4rij\u00e4lle.<\/p>\n<p>V\u00e4lienselvittely p\u00e4\u00e4ttyy nauruun<\/p>\n<p>\u2013 Ai ett\u00e4, olipas t\u00e4m\u00e4 helppoa, K\u00e4\u00e4rij\u00e4 nauraa.<\/p>\n<p>Vain el\u00e4m\u00e4\u00e4 Ruudussa ja Nelosella perjantaisin kello 20. <\/p>\n<p>Lue my\u00f6s: <a href=\"https:\/\/www.como.fi\/uutiset\/kaarija-julkaisi-lomakuvan-huvijahdilta-eihan-miesta-ole-tunnistaa\/\" title=\"K\u00e4\u00e4rij\u00e4 julkaisi lomakuvan huvijahdilta \u2013 eih\u00e4n miest\u00e4 ole tunnistaa\" class=\"underline-custom !font-montserrat !font-bold !underline-offset-4 !decoration-4 !decoration-red-600 !text-md\" rel=\"nofollow noopener\" target=\"_blank\">K\u00e4\u00e4rij\u00e4 julkaisi lomakuvan huvijahdilta \u2013 eih\u00e4n miest\u00e4 ole tunnistaa<\/a><\/p>\n<p><img loading=\"lazy\" height=\"432\" width=\"648\" class=\"wp-image-98041 sp-no-webp perfmatters-lazy\" alt=\"Kuvassa K\u00e4\u00e4rij\u00e4 hapsutakissaan poseeraa vakavana\" decoding=\"async\" src=\"https:\/\/www.europesays.com\/fi\/wp-content\/uploads\/2025\/09\/kaarija_nelli_kentta-648x432.jpg\"  data-\/> <\/p>\n<p>Lue my\u00f6s: <a href=\"https:\/\/www.como.fi\/tilaa-comon-uutiskirje\/\" title=\"Tilaa Comon uutiskirje ja tied\u00e4t mist\u00e4 kahvitauolla puhutaan! Nappaa kotimaan tv-vinkit ja puheenaiheet suoraan s\u00e4hk\u00f6postiin t\u00e4st\u00e4.\" class=\"underline-custom !font-montserrat !font-bold !underline-offset-4 !decoration-4 !decoration-red-600 !text-md\" rel=\"nofollow noopener\" target=\"_blank\">Tilaa Comon uutiskirje ja tied\u00e4t mist\u00e4 kahvitauolla puhutaan! Nappaa kotimaan tv-vinkit ja puheenaiheet suoraan s\u00e4hk\u00f6postiin t\u00e4st\u00e4.<\/a><\/p>\n","protected":false},"excerpt":{"rendered":"Vain el\u00e4m\u00e4\u00e4 -ohjelmassa n\u00e4hd\u00e4\u00e4n perjantaina K\u00e4\u00e4rij\u00e4n p\u00e4iv\u00e4. Jaksossa Johannes Brotheruksen esitt\u00e4m\u00e4ss\u00e4 kappaleessa vierailee artisti, jota K\u00e4\u00e4rij\u00e4 ei odottanut&hellip;\n","protected":false},"author":2,"featured_media":29728,"comment_status":"","ping_status":"","sticky":false,"template":"","format":"standard","meta":{"footnotes":""},"categories":[133],"tags":[137,33,31,30,6428,1495,32,206,156,109],"class_list":{"0":"post-29727","1":"post","2":"type-post","3":"status-publish","4":"format-standard","5":"has-post-thumbnail","7":"category-televisiot","8":"tag-entertainment","9":"tag-fi","10":"tag-finland","11":"tag-finnish","12":"tag-ku00e4u00e4riju00e4","13":"tag-rita-behm","14":"tag-suomi","15":"tag-televisiot","16":"tag-tv","17":"tag-viihde"},"share_on_mastodon":{"url":"","error":""},"_links":{"self":[{"href":"https:\/\/www.europesays.com\/fi\/wp-json\/wp\/v2\/posts\/29727","targetHints":{"allow":["GET"]}}],"collection":[{"href":"https:\/\/www.europesays.com\/fi\/wp-json\/wp\/v2\/posts"}],"about":[{"href":"https:\/\/www.europesays.com\/fi\/wp-json\/wp\/v2\/types\/post"}],"author":[{"embeddable":true,"href":"https:\/\/www.europesays.com\/fi\/wp-json\/wp\/v2\/users\/2"}],"replies":[{"embeddable":true,"href":"https:\/\/www.europesays.com\/fi\/wp-json\/wp\/v2\/comments?post=29727"}],"version-history":[{"count":0,"href":"https:\/\/www.europesays.com\/fi\/wp-json\/wp\/v2\/posts\/29727\/revisions"}],"wp:featuredmedia":[{"embeddable":true,"href":"https:\/\/www.europesays.com\/fi\/wp-json\/wp\/v2\/media\/29728"}],"wp:attachment":[{"href":"https:\/\/www.europesays.com\/fi\/wp-json\/wp\/v2\/media?parent=29727"}],"wp:term":[{"taxonomy":"category","embeddable":true,"href":"https:\/\/www.europesays.com\/fi\/wp-json\/wp\/v2\/categories?post=29727"},{"taxonomy":"post_tag","embeddable":true,"href":"https:\/\/www.europesays.com\/fi\/wp-json\/wp\/v2\/tags?post=29727"}],"curies":[{"name":"wp","href":"https:\/\/api.w.org\/{rel}","templated":true}]}}