{"id":29731,"date":"2025-09-09T08:51:10","date_gmt":"2025-09-09T08:51:10","guid":{"rendered":"https:\/\/www.europesays.com\/fi\/29731\/"},"modified":"2025-09-09T08:51:10","modified_gmt":"2025-09-09T08:51:10","slug":"mia-kertoo-kamppailustaan-masennuksen-kanssa-mikko-puhuu-kainuun-huumetyosta-vertaistuki-on-esilla-avoimessa-tilaisuudessa-kajaanissa","status":"publish","type":"post","link":"https:\/\/www.europesays.com\/fi\/29731\/","title":{"rendered":"Mia kertoo kamppailustaan masennuksen kanssa, Mikko puhuu Kainuun huumety\u00f6st\u00e4 \u2013 vertaistuki on esill\u00e4 avoimessa tilaisuudessa Kajaanissa"},"content":{"rendered":"<p>                                  Paikallisuutiset<\/p>\n<p>                <img loading=\"lazy\" decoding=\"async\" itemprop=\"contentUrl\" class=\"figure-img img-fluid\"  src=\"https:\/\/www.europesays.com\/fi\/wp-content\/uploads\/2025\/09\/1757407869_752_imengine.public.prod.hil.infomaker.io\" width=\"1580\" height=\"889\"  alt=\"\"\/><\/p>\n<p>                                    Tapahtumassa Kajaanin p\u00e4\u00e4kirjastolla keskiviikkona jaetaan kokemuksia mielenterveyden, p\u00e4ihde- ja rikostaustan sek\u00e4 vertaisohjaajuuden n\u00e4k\u00f6kulmista.<br \/>\n                                                    Kuva:<br \/>\n                    Arkisto<\/p>\n<p class=\"ew-preamble\" itemprop=\"description\">Tapahtuma on keskiviikkona Kajaanin p\u00e4\u00e4kirjastolla.<\/p>\n<p>              Ti 9.9.2025 klo 10:10<br \/>\n                  | P\u00e4ivitetty: Ti 9.9.2025 klo 10:16<\/p>\n<p>      MAINOS &#8211; juttu jatkuu mainoksen j\u00e4lkeen<\/p>\n<p>      MAINOS &#8211; mainos p\u00e4\u00e4ttyy<\/p>\n<p class=\"ew-body\">Kajaanin kaupunginkirjastolla pohditaan keskiviikkona kokemusasiantuntijuuden ja vertaistuen merkityst\u00e4. Ne ovat mahdollisuuksia, joita ei aina osata hy\u00f6dynt\u00e4\u00e4.<\/p>\n<p class=\"ew-body\">Tapahtuman nimi on Ihmiselt\u00e4 ihmiselle &#8211; Kokemus\u00e4\u00e4ni kuuluviin! ja se j\u00e4rjestet\u00e4\u00e4n keskiviikkona 10.9. kello 12-15 Kajaanin kaupunginkirjast<\/p>\n<p>  <a class=\"btn btn-secondary btn-icon-left\" href=\"#coral_thread\"><br \/>\n    <img decoding=\"async\" src=\"https:\/\/www.kainuunsanomat.fi\/wp-content\/themes\/hilla-theme\/assets\/img\/icon_comments.svg\" alt=\"\"\/><br \/>\n    Kommentoi<br \/>\n  <\/a><\/p>\n<p>  <a class=\"btn btn-secondary btn-icon-left mailto_web\" href=\"mailto:toimitus@kainuunsanomat.fi?subject=Ilmoita%20asiavirheest%C3%A4&amp;body=Otsikko%3A%20Mia%20kertoo%20kamppailustaan%20masennuksen%20kanssa%2C%20Mikko%20puhuu%20Kainuun%20huumety%C3%B6st%C3%A4%20%E2%80%93%20vertaistuki%20on%20esill%C3%A4%20avoimessa%20tilaisuudessa%20Kajaanissa%20%0AUuid%3A%2025f80012-d8a7-471f-bde8-e25b295eb5f7%0AUrl%3A%20https%3A%2F%2Fwww.kainuunsanomat.fi%2Fartikkeli%2Fmia-kertoo-kamppailustaan-masennuksen-kanssa-mikko-puhuu-kainuun-huumetyosta-vertaistuki-on-esill\"><br \/>\n    <img decoding=\"async\" src=\"https:\/\/www.kainuunsanomat.fi\/wp-content\/themes\/hilla-theme\/assets\/img\/icon_feedback.svg\" alt=\"\"\/><br \/>\n    Ilmoita asiavirheest\u00e4<br \/>\n  <\/a><\/p>\n","protected":false},"excerpt":{"rendered":"Paikallisuutiset Tapahtumassa Kajaanin p\u00e4\u00e4kirjastolla keskiviikkona jaetaan kokemuksia mielenterveyden, p\u00e4ihde- ja rikostaustan sek\u00e4 vertaisohjaajuuden n\u00e4k\u00f6kulmista. Kuva: Arkisto Tapahtuma on&hellip;\n","protected":false},"author":2,"featured_media":29732,"comment_status":"","ping_status":"","sticky":false,"template":"","format":"standard","meta":{"footnotes":""},"categories":[165],"tags":[33,31,30,166,32,167],"class_list":{"0":"post-29731","1":"post","2":"type-post","3":"status-publish","4":"format-standard","5":"has-post-thumbnail","7":"category-terveys","8":"tag-fi","9":"tag-finland","10":"tag-finnish","11":"tag-health","12":"tag-suomi","13":"tag-terveys"},"share_on_mastodon":{"url":"","error":""},"_links":{"self":[{"href":"https:\/\/www.europesays.com\/fi\/wp-json\/wp\/v2\/posts\/29731","targetHints":{"allow":["GET"]}}],"collection":[{"href":"https:\/\/www.europesays.com\/fi\/wp-json\/wp\/v2\/posts"}],"about":[{"href":"https:\/\/www.europesays.com\/fi\/wp-json\/wp\/v2\/types\/post"}],"author":[{"embeddable":true,"href":"https:\/\/www.europesays.com\/fi\/wp-json\/wp\/v2\/users\/2"}],"replies":[{"embeddable":true,"href":"https:\/\/www.europesays.com\/fi\/wp-json\/wp\/v2\/comments?post=29731"}],"version-history":[{"count":0,"href":"https:\/\/www.europesays.com\/fi\/wp-json\/wp\/v2\/posts\/29731\/revisions"}],"wp:featuredmedia":[{"embeddable":true,"href":"https:\/\/www.europesays.com\/fi\/wp-json\/wp\/v2\/media\/29732"}],"wp:attachment":[{"href":"https:\/\/www.europesays.com\/fi\/wp-json\/wp\/v2\/media?parent=29731"}],"wp:term":[{"taxonomy":"category","embeddable":true,"href":"https:\/\/www.europesays.com\/fi\/wp-json\/wp\/v2\/categories?post=29731"},{"taxonomy":"post_tag","embeddable":true,"href":"https:\/\/www.europesays.com\/fi\/wp-json\/wp\/v2\/tags?post=29731"}],"curies":[{"name":"wp","href":"https:\/\/api.w.org\/{rel}","templated":true}]}}