{"id":297330,"date":"2026-07-09T17:31:12","date_gmt":"2026-07-09T17:31:12","guid":{"rendered":"https:\/\/www.europesays.com\/fi\/297330\/"},"modified":"2026-07-09T17:31:12","modified_gmt":"2026-07-09T17:31:12","slug":"eeppista-virolaiselokuvaa-kuvataan-parhaillaan-pohjois-karjalassa-paaosissa-tunnettuja-suomalaisia-kulttuuri","status":"publish","type":"post","link":"https:\/\/www.europesays.com\/fi\/297330\/","title":{"rendered":"Eeppist\u00e4 virolais\u00adelokuvaa kuvataan parhaillaan Pohjois-Karjalassa \u2013 p\u00e4\u00e4\u00adosissa tunnettuja suomalaisia | Kulttuuri"},"content":{"rendered":"<p class=\"aw__sc-1qwuw0s-0 aw__sc-1vg2sqm-0 epAWpq ecELkD yle__article__paragraph\">Silverwhite-elokuva kertoo suomalais-ugrilaisten perheiden tarinoita eri aikakausilta.<\/p>\n<p><img decoding=\"async\" alt=\"Paha-Kolin maisemaa.\" src=\"https:\/\/www.europesays.com\/fi\/wp-content\/uploads\/2026\/07\/1459850145.jpeg\" class=\"aw__sc-dklauk-0 LPzKX\"\/><\/p>\n<p>Avaa kuvien katselu<\/p>\n<p>Lieksan Kolin kuvauspaikka sijaitsee Pielisen rannassa, l\u00e4hell\u00e4 t\u00e4t\u00e4 Paha-Kolin maisemaa. Arkistokuva. Kuva: EPA\/ Miikka Niemi<\/p>\n<p class=\"aw__sc-1qwuw0s-0 aw__sc-ngllmo-0 epAWpq fzYpjk yle__article__paragraph\">Pohjois-Karjalassa kuvataan parhaillaan virolaista kokoillan elokuvaa.<\/p>\n<p class=\"aw__sc-1qwuw0s-0 aw__sc-ngllmo-0 epAWpq fzYpjk yle__article__paragraph\">Historiallinen draamaelokuva Silverwhite perustuu l\u00f6yh\u00e4sti <strong class=\"aw__sc-ngllmo-2 gdRrun yle__article__strong\">Lennart Meren<\/strong> kirjaan H\u00f5bevalge (suom. Hopeanvalkea). Elokuva koostuu nelj\u00e4st\u00e4 tarinasta, joista yksi kuvataan Nurmeksen Valtimolla ja Lieksan Kolilla.<\/p>\n<p class=\"aw__sc-1qwuw0s-0 aw__sc-ngllmo-0 epAWpq fzYpjk yle__article__paragraph\">Meri oli virolainen kirjailija, joka nousi maan itsen\u00e4istyess\u00e4 sen presidentiksi. H\u00e4n kirjoitti kymmenen kirjaa, joista vuonna 1976 ilmestynyt Hopeanvalkea on kuuluisin.<\/p>\n<p class=\"aw__sc-1qwuw0s-0 aw__sc-ngllmo-0 epAWpq fzYpjk yle__article__paragraph\">Osatuottaja <strong class=\"aw__sc-ngllmo-2 gdRrun yle__article__strong\">Klaus Heydemannin<\/strong> mukaan Pohjois-Karjalan kuvaukset ovat ainoat, jotka elokuvaan tehd\u00e4\u00e4n Suomessa. Kuvaukset alkoivat tiistaina ja p\u00e4\u00e4ttyv\u00e4t sunnuntaina.<\/p>\n<p class=\"aw__sc-1qwuw0s-0 aw__sc-ngllmo-0 epAWpq fzYpjk yle__article__paragraph\">\u2013 Valtimolla kuvauspaikkamme on Murtovaaran talomuseo, Kolilla puolestaan Mustanniityt. Kuvausryhm\u00e4ss\u00e4 on noin 60 henkil\u00f6\u00e4, Heydemann sanoo.<\/p>\n<p class=\"aw__sc-1qwuw0s-0 aw__sc-ngllmo-0 epAWpq fzYpjk yle__article__paragraph\">Heydemannin mukaan Pohjois-Karjalassa kuvattava tarina sijoittuu 1900-luvun alkuun. Tarinan n\u00e4yttelij\u00f6in\u00e4 ovat muiden muassa <strong class=\"aw__sc-ngllmo-2 gdRrun yle__article__strong\">Joonas Saartamo<\/strong>, <strong class=\"aw__sc-ngllmo-2 gdRrun yle__article__strong\">Tommi Korpela<\/strong> ja <strong class=\"aw__sc-ngllmo-2 gdRrun yle__article__strong\">Leena P\u00f6ysti<\/strong>.<\/p>\n<p class=\"aw__sc-1qwuw0s-0 aw__sc-ngllmo-0 epAWpq fzYpjk yle__article__paragraph\">\u2013 Tarinan kaikki dialogi k\u00e4yd\u00e4\u00e4n vanhalla karjalan kielell\u00e4. Olemme saaneet t\u00e4h\u00e4n apua It\u00e4-Suomen yliopiston Karjalan tutkimuslaitokselta, Heydemann kertoo.<\/p>\n<p class=\"aw__sc-1qwuw0s-0 aw__sc-ngllmo-0 epAWpq fzYpjk yle__article__paragraph\">Silverwhiten budjetti on runsaat kaksi miljoonaa euroa. Elokuvan on m\u00e4\u00e4r\u00e4 tulla ensi-iltaan Virossa, Suomessa, Latviassa ja Ruotsissa syksyll\u00e4 2027.<\/p>\n","protected":false},"excerpt":{"rendered":"Silverwhite-elokuva kertoo suomalais-ugrilaisten perheiden tarinoita eri aikakausilta. Avaa kuvien katselu Lieksan Kolin kuvauspaikka sijaitsee Pielisen rannassa, l\u00e4hell\u00e4 t\u00e4t\u00e4&hellip;\n","protected":false},"author":2,"featured_media":297331,"comment_status":"","ping_status":"","sticky":false,"template":"","format":"standard","meta":{"footnotes":"","_share_on_mastodon":"0"},"categories":[131],"tags":[2023,155,137,33,173,31,30,1254,71,108,1255,172,1360,1137,32,38980,109],"class_list":["post-297330","post","type-post","status-publish","format-standard","has-post-thumbnail","category-elokuvat","tag-draamaelokuvat","tag-elokuvat","tag-entertainment","tag-fi","tag-film","tag-finland","tag-finnish","tag-koli","tag-kotimaa","tag-kulttuuri","tag-lieksa","tag-movies","tag-nurmes","tag-pohjois-karjala","tag-suomi","tag-valtimo","tag-viihde"],"share_on_mastodon":{"url":"https:\/\/pubeurope.com\/@fi\/116891214817088414","error":""},"_links":{"self":[{"href":"https:\/\/www.europesays.com\/fi\/wp-json\/wp\/v2\/posts\/297330","targetHints":{"allow":["GET"]}}],"collection":[{"href":"https:\/\/www.europesays.com\/fi\/wp-json\/wp\/v2\/posts"}],"about":[{"href":"https:\/\/www.europesays.com\/fi\/wp-json\/wp\/v2\/types\/post"}],"author":[{"embeddable":true,"href":"https:\/\/www.europesays.com\/fi\/wp-json\/wp\/v2\/users\/2"}],"replies":[{"embeddable":true,"href":"https:\/\/www.europesays.com\/fi\/wp-json\/wp\/v2\/comments?post=297330"}],"version-history":[{"count":0,"href":"https:\/\/www.europesays.com\/fi\/wp-json\/wp\/v2\/posts\/297330\/revisions"}],"wp:featuredmedia":[{"embeddable":true,"href":"https:\/\/www.europesays.com\/fi\/wp-json\/wp\/v2\/media\/297331"}],"wp:attachment":[{"href":"https:\/\/www.europesays.com\/fi\/wp-json\/wp\/v2\/media?parent=297330"}],"wp:term":[{"taxonomy":"category","embeddable":true,"href":"https:\/\/www.europesays.com\/fi\/wp-json\/wp\/v2\/categories?post=297330"},{"taxonomy":"post_tag","embeddable":true,"href":"https:\/\/www.europesays.com\/fi\/wp-json\/wp\/v2\/tags?post=297330"}],"curies":[{"name":"wp","href":"https:\/\/api.w.org\/{rel}","templated":true}]}}