{"id":297407,"date":"2026-07-09T19:23:14","date_gmt":"2026-07-09T19:23:14","guid":{"rendered":"https:\/\/www.europesays.com\/fi\/297407\/"},"modified":"2026-07-09T19:23:14","modified_gmt":"2026-07-09T19:23:14","slug":"zelenskyi-ukraina-keskustelee-patriot-ohjusten-valmistukseen-liittyvista-yksityiskohdista-uutissuomalainen","status":"publish","type":"post","link":"https:\/\/www.europesays.com\/fi\/297407\/","title":{"rendered":"Zelenskyi: Ukraina keskustelee Patriot-ohjusten valmistukseen liittyvist\u00e4 yksityiskohdista | Uutissuomalainen"},"content":{"rendered":"<p>Ukrainan pit\u00e4\u00e4 sopia Patriot-ohjusten valmistukseen liittyvist\u00e4 teknisist\u00e4 yksityiskohdista Yhdysvaltojen kanssa.<\/p>\n<p>Vasta t\u00e4m\u00e4n j\u00e4lkeen Ukraina voi aloittaa Patriot-ohjusten valmistamisen Ukrainassa, sanoi Ukrainan presidentti Volodymyr Zelenskyi torstaina. Asiasta kysyttiin h\u00e4nelt\u00e4 WhatsApp-sovelluksen kautta l\u00e4hetetyss\u00e4 tiedotustilaisuudessa.<\/p>\n<p>Yhdysvaltain presidentti Donald Trump sanoi keskiviikkona Ankarassa tavattuaan Zelenskyin, ett\u00e4 Ukraina saa h\u00e4nelt\u00e4 luvan alkaa valmistaa amerikkalaisohjuksia.<\/p>\n<p>\u2013 Ja nyt, sovittuamme asiasta presidentti (Trumpin) kanssa, tiimimme on sovittava kaikista j\u00e4ljelle j\u00e4\u00e4neist\u00e4 teknisist\u00e4 seikoista, Zelenskyi sanoi torstaina.<\/p>\n<p>Ukraina on pyyt\u00e4nyt valmistuslisenssi\u00e4 useaan otteeseen, koska sill\u00e4 on kova pula Ven\u00e4j\u00e4n ballististen ohjusten torjumiseen kykenevist\u00e4 ohjuksista.<\/p>\n<p>Trump arvioi my\u00f6s, ett\u00e4 Ukrainan pitk\u00e4n kantaman iskut syv\u00e4lle Ven\u00e4j\u00e4lle voivat edesauttaa sodan p\u00e4\u00e4ttymist\u00e4.<\/p>\n","protected":false},"excerpt":{"rendered":"Ukrainan pit\u00e4\u00e4 sopia Patriot-ohjusten valmistukseen liittyvist\u00e4 teknisist\u00e4 yksityiskohdista Yhdysvaltojen kanssa. Vasta t\u00e4m\u00e4n j\u00e4lkeen Ukraina voi aloittaa Patriot-ohjusten valmistamisen&hellip;\n","protected":false},"author":2,"featured_media":297408,"comment_status":"","ping_status":"","sticky":false,"template":"","format":"standard","meta":{"footnotes":"","_share_on_mastodon":"0"},"categories":[14],"tags":[22,23,585,26,27,33,31,30,17,24,25,28,29,15,18,21,142,637,144,32,19,20,21377,56,16,2963,59,60,61,143],"class_list":["post-297407","post","type-post","status-publish","format-standard","has-post-thumbnail","category-ulkomaat","tag-breaking-news","tag-breakingnews","tag-donald-trump","tag-featured-news","tag-featurednews","tag-fi","tag-finland","tag-finnish","tag-headlines","tag-latest-news","tag-latestnews","tag-main-news","tag-mainnews","tag-news","tag-otsikot","tag-paauutiset","tag-poliitikot","tag-politiikka","tag-presidentti","tag-suomi","tag-top-stories","tag-topstories","tag-ukrainan-kriisi","tag-ulkomaat","tag-uutiset","tag-whatsapp","tag-world","tag-world-news","tag-worldnews","tag-yhdysvaltain-politiikka"],"share_on_mastodon":{"url":"https:\/\/pubeurope.com\/@fi\/116891654829845824","error":""},"_links":{"self":[{"href":"https:\/\/www.europesays.com\/fi\/wp-json\/wp\/v2\/posts\/297407","targetHints":{"allow":["GET"]}}],"collection":[{"href":"https:\/\/www.europesays.com\/fi\/wp-json\/wp\/v2\/posts"}],"about":[{"href":"https:\/\/www.europesays.com\/fi\/wp-json\/wp\/v2\/types\/post"}],"author":[{"embeddable":true,"href":"https:\/\/www.europesays.com\/fi\/wp-json\/wp\/v2\/users\/2"}],"replies":[{"embeddable":true,"href":"https:\/\/www.europesays.com\/fi\/wp-json\/wp\/v2\/comments?post=297407"}],"version-history":[{"count":0,"href":"https:\/\/www.europesays.com\/fi\/wp-json\/wp\/v2\/posts\/297407\/revisions"}],"wp:featuredmedia":[{"embeddable":true,"href":"https:\/\/www.europesays.com\/fi\/wp-json\/wp\/v2\/media\/297408"}],"wp:attachment":[{"href":"https:\/\/www.europesays.com\/fi\/wp-json\/wp\/v2\/media?parent=297407"}],"wp:term":[{"taxonomy":"category","embeddable":true,"href":"https:\/\/www.europesays.com\/fi\/wp-json\/wp\/v2\/categories?post=297407"},{"taxonomy":"post_tag","embeddable":true,"href":"https:\/\/www.europesays.com\/fi\/wp-json\/wp\/v2\/tags?post=297407"}],"curies":[{"name":"wp","href":"https:\/\/api.w.org\/{rel}","templated":true}]}}