{"id":297627,"date":"2026-07-10T02:42:24","date_gmt":"2026-07-10T02:42:24","guid":{"rendered":"https:\/\/www.europesays.com\/fi\/297627\/"},"modified":"2026-07-10T02:42:24","modified_gmt":"2026-07-10T02:42:24","slug":"pyhimys-perui-esiintymisensa-juuassa-teflon-brothers-esiintyy-ilman-kolmatta-jasentaan-perjantaina-karjalainen","status":"publish","type":"post","link":"https:\/\/www.europesays.com\/fi\/297627\/","title":{"rendered":"Pyhimys perui esiintymisens\u00e4 Juuassa \u2013 Teflon Brothers esiintyy ilman kolmatta j\u00e4sent\u00e4\u00e4n perjantaina &#8211; Karjalainen"},"content":{"rendered":"<ol>\n<li><a href=\"https:\/\/news.google.com\/rss\/articles\/CBMiWkFVX3lxTE40VUprRlVSMHdGb21XYmp3d1RId0EzR2FWWXpYN2hWSmRCN3BobS0zMVpvUW1hdmR2bUJLVUVLVk9tSmNnX1pFWEhhemp4VllVV1B0YUdTMHlYQQ?oc=5\" target=\"_blank\" rel=\"nofollow noopener\">Pyhimys perui esiintymisens\u00e4 Juuassa \u2013 Teflon Brothers esiintyy ilman kolmatta j\u00e4sent\u00e4\u00e4n perjantaina<\/a>&nbsp;&nbsp;Karjalainen<\/li>\n<li><a href=\"https:\/\/news.google.com\/rss\/articles\/CBMiW0FVX3lxTE5qY0RoNnRIdkRFNDg1SUdsWXB0dTQtdDY1UHgyS0NxN3pPUGFTTzJaWlhiVThjTnBuRlg1UXhRcDROZFAzSEpqX05lU3c1V0NzT0dwdlZrd3NULUk?oc=5\" target=\"_blank\" rel=\"nofollow noopener\">Teflon Brothers nousi lavalle ilman Pyhimyst\u00e4 \u2013 n\u00e4in poissaolo huomioitiin<\/a>&nbsp;&nbsp;Ilta-Sanomat<\/li>\n<li><a href=\"https:\/\/news.google.com\/rss\/articles\/CBMiY0FVX3lxTE11Sm5WaW9MTzhMRGMwUU1LaWtseHl1azNiTXFsdTJOVzFVLWYzM09LdkliVnlRWDVOZ3NyN1hqQlVmR0dtdGwySkRLZFNMQXM0bmpFcng1WFJXTWdIVGR3bnQ2QQ?oc=5\" target=\"_blank\" rel=\"nofollow noopener\">Musiikki | Pyhimys j\u00e4i sairauslomalle \u2013 keikat peruttu, ohjelmatoimisto poisti artistin tiedot sivuiltaan<\/a>&nbsp;&nbsp;HS.fi<\/li>\n<li><a href=\"https:\/\/news.google.com\/rss\/articles\/CBMigwFBVV95cUxPYmxhRDdvSHlmTnh4LTd5NDNfaHVBZlRLLW1IUnBFaGxWSGR3VzJRSEZheHM5S2lsMGdoeHF1TWdGa2RjQnNrTXZnUDFISXdaRnhGZEg2UXdsOElFUFU3eWhva2dNTnM3RTV4MFdocEhNQi1obTF6ZEFrOUE4RDlhdlBuMA?oc=5\" target=\"_blank\" rel=\"nofollow noopener\">Sairauslomalle j\u00e4\u00e4neen Pyhimyksen toinen puoli \u2013 Vaikeudet eiv\u00e4t ole koko totuus<\/a>&nbsp;&nbsp;Iltalehti<\/li>\n<li><a href=\"https:\/\/news.google.com\/rss\/articles\/CBMiQkFVX3lxTE5yX01LRmxNc1RTeDNMbDlXVFNfSW8wV1JqR25OMWJrWUcxSkxaVWt1NUhWTlh0aXFKRGMyODlGcmUyZw?oc=5\" target=\"_blank\" rel=\"nofollow noopener\">Pyhimys j\u00e4\u00e4 sairauslomalle, tulevat soolokeikat peruttu<\/a>&nbsp;&nbsp;Yle<\/li>\n<\/ol>\n","protected":false},"excerpt":{"rendered":"Pyhimys perui esiintymisens\u00e4 Juuassa \u2013 Teflon Brothers esiintyy ilman kolmatta j\u00e4sent\u00e4\u00e4n perjantaina&nbsp;&nbsp;Karjalainen Teflon Brothers nousi lavalle ilman Pyhimyst\u00e4&hellip;\n","protected":false},"author":2,"featured_media":297628,"comment_status":"","ping_status":"","sticky":false,"template":"","format":"standard","meta":{"footnotes":"","_share_on_mastodon":"0"},"categories":[130],"tags":[138,137,1752,33,31,30,104,2675,2947,108,47,32,109],"class_list":["post-297627","post","type-post","status-publish","format-standard","has-post-thumbnail","category-viihde","tag-audio","tag-entertainment","tag-facebook","tag-fi","tag-finland","tag-finnish","tag-helsinki","tag-instagram","tag-juuka","tag-kulttuuri","tag-musiikki","tag-suomi","tag-viihde"],"share_on_mastodon":{"url":"https:\/\/pubeurope.com\/@fi\/116893381208871213","error":""},"_links":{"self":[{"href":"https:\/\/www.europesays.com\/fi\/wp-json\/wp\/v2\/posts\/297627","targetHints":{"allow":["GET"]}}],"collection":[{"href":"https:\/\/www.europesays.com\/fi\/wp-json\/wp\/v2\/posts"}],"about":[{"href":"https:\/\/www.europesays.com\/fi\/wp-json\/wp\/v2\/types\/post"}],"author":[{"embeddable":true,"href":"https:\/\/www.europesays.com\/fi\/wp-json\/wp\/v2\/users\/2"}],"replies":[{"embeddable":true,"href":"https:\/\/www.europesays.com\/fi\/wp-json\/wp\/v2\/comments?post=297627"}],"version-history":[{"count":0,"href":"https:\/\/www.europesays.com\/fi\/wp-json\/wp\/v2\/posts\/297627\/revisions"}],"wp:featuredmedia":[{"embeddable":true,"href":"https:\/\/www.europesays.com\/fi\/wp-json\/wp\/v2\/media\/297628"}],"wp:attachment":[{"href":"https:\/\/www.europesays.com\/fi\/wp-json\/wp\/v2\/media?parent=297627"}],"wp:term":[{"taxonomy":"category","embeddable":true,"href":"https:\/\/www.europesays.com\/fi\/wp-json\/wp\/v2\/categories?post=297627"},{"taxonomy":"post_tag","embeddable":true,"href":"https:\/\/www.europesays.com\/fi\/wp-json\/wp\/v2\/tags?post=297627"}],"curies":[{"name":"wp","href":"https:\/\/api.w.org\/{rel}","templated":true}]}}