{"id":297895,"date":"2026-07-10T10:41:10","date_gmt":"2026-07-10T10:41:10","guid":{"rendered":"https:\/\/www.europesays.com\/fi\/297895\/"},"modified":"2026-07-10T10:41:10","modified_gmt":"2026-07-10T10:41:10","slug":"ukrainalainen-agentti-tunnusti-ampuneensa-monacon-rajayttajan-ja-perui-tunnustuksensa-uutisia-lyhyesti","status":"publish","type":"post","link":"https:\/\/www.europesays.com\/fi\/297895\/","title":{"rendered":"Ukrainalainen agentti tunnusti ampuneensa Monacon r\u00e4j\u00e4ytt\u00e4j\u00e4n \u2013 ja perui tunnustuksensa | Uutisia lyhyesti"},"content":{"rendered":"<p class=\"aw__sc-1qwuw0s-0 aw__sc-1vg2sqm-0 epAWpq ecELkD yle__article__paragraph\">Ukrainalainen oligarkki Vadim Jermolajev, h\u00e4nen vaimonsa ja heid\u00e4n 13-vuotias poikansa loukkaantuivat r\u00e4j\u00e4hdyksess\u00e4 kerrostalossa Monacossa 29. kes\u00e4kuuta.<\/p>\n<p><img decoding=\"async\" alt=\"Ett vitt skynke framf\u00f6r porten d\u00e4r bombd\u00e5det intr\u00e4ffade. Bakom syns blodfl\u00e4ckar och en bortsliten d\u00f6rr. Poliser unders\u00f6ker. \" src=\"https:\/\/www.europesays.com\/fi\/wp-content\/uploads\/2026\/07\/1783069416.jpeg\" class=\"aw__sc-dklauk-0 LPzKX\"\/><\/p>\n<p>Avaa kuvien katselu<\/p>\n<p>Pomminpurkuryhm\u00e4n j\u00e4senet ty\u00f6skenteliv\u00e4t Monacon r\u00e4j\u00e4hdyspaikalla 30. kes\u00e4kuuta 2026. Kuva: Valery HACHE \/ AFP<\/p>\n<p class=\"aw__sc-1qwuw0s-0 aw__sc-ngllmo-0 epAWpq fzYpjk yle__article__paragraph\">Ukrainalainen tuomioistuin m\u00e4\u00e4r\u00e4si eilen torstaina kaksi <strong class=\"aw__sc-ngllmo-2 gdRrun yle__article__strong\">Anastasiia Berezovska\u200bn<\/strong> murhaamisesta ep\u00e4ilty\u00e4 miest\u00e4 kahden kuukauden tutkintavankeuteen.<\/p>\n<p class=\"aw__sc-1qwuw0s-0 aw__sc-ngllmo-0 epAWpq fzYpjk yle__article__paragraph\">Berezovskaa <a class=\"aw__sc-ngllmo-1 bTDnwX yle__article__link\" href=\"https:\/\/yle.fi\/a\/74-20234722\" role=\"link\" rel=\"nofollow noopener\" target=\"_blank\">ep\u00e4iltiin ukrainalaisen oligarkin murhayrityksest\u00e4<\/a> Monacossa puolitoista viikkoa sitten. H\u00e4net <a class=\"aw__sc-ngllmo-1 bTDnwX yle__article__link\" href=\"https:\/\/yle.fi\/a\/74-20235232\" role=\"link\" rel=\"nofollow noopener\" target=\"_blank\">l\u00f6ydettiin kuolleena Kiovan l\u00e4hist\u00f6lt\u00e4<\/a> maanantaina.<\/p>\n<p class=\"aw__sc-1qwuw0s-0 aw__sc-ngllmo-0 epAWpq fzYpjk yle__article__paragraph\">Berezovskan murha on her\u00e4tt\u00e4nyt huomiota, sill\u00e4 ep\u00e4illyt ovat Ukrainan sotilastiedustelupalvelun (GUR) aktiivinen ja palkittu upseeri <strong class=\"aw__sc-ngllmo-2 gdRrun yle__article__strong\">Vladyslav Reut<\/strong> sek\u00e4 viel\u00e4 hiljattain Ukrainan turvallisuuspalvelussa (SBU) ty\u00f6skennellyt <strong class=\"aw__sc-ngllmo-2 gdRrun yle__article__strong\">Vitalii \u017dykovy\u010d<\/strong>, <a class=\"aw__sc-ngllmo-1 bTDnwX yle__article__link\" href=\"https:\/\/www.bbc.com\/news\/articles\/cpv3e8y39j7o\" role=\"link\" rel=\"nofollow noopener\" target=\"_blank\">yleisradioyhti\u00f6 BBC<\/a> kertoo.<\/p>\n<p class=\"aw__sc-1qwuw0s-0 aw__sc-ngllmo-0 epAWpq fzYpjk yle__article__paragraph\">Ep\u00e4illyt tuotiin torstaina oikeuteen k\u00e4det kahleissa, ja heit\u00e4 ymp\u00e4r\u00f6iv\u00e4t raskaasti aseistautuneet turvallisuusupseerit, joilla oli kommandopipot p\u00e4\u00e4ss\u00e4\u00e4n. Kumpikin ep\u00e4ilty oli peitt\u00e4nyt kasvonsa suurilla maskeilla, ja vain heid\u00e4n silm\u00e4ns\u00e4 olivat n\u00e4kyviss\u00e4, BBC kuvailee.<\/p>\n<p>Puhelintiedot johdattivat tutkijat j\u00e4ljille<\/p>\n<p class=\"aw__sc-1qwuw0s-0 aw__sc-ngllmo-0 epAWpq fzYpjk yle__article__paragraph\">Oikeudessa syytt\u00e4j\u00e4 selvensi, ett\u00e4 Anastasiia Berezovska oli saapunut Puolan kautta Ukrainaan 1. hein\u00e4kuuta, kaksi p\u00e4iv\u00e4\u00e4 Monacon r\u00e4j\u00e4hdyksen j\u00e4lkeen, ja ennen kuin Interpol antoi h\u00e4nest\u00e4 kansainv\u00e4lisen etsint\u00e4kuulutuksen, sanomalehti <a class=\"aw__sc-ngllmo-1 bTDnwX yle__article__link\" href=\"https:\/\/kyivindependent.com\/men-charged-in-killing-of-monaco-bombing-suspect-ordered-held-in-custody-without-bail\/\" role=\"link\" rel=\"nofollow noopener\" target=\"_blank\">Kyiv Independent<\/a> kertoo.<\/p>\n<p class=\"aw__sc-1qwuw0s-0 aw__sc-ngllmo-0 epAWpq fzYpjk yle__article__paragraph\">Kun ukrainalaiset tutkijat saivat tiedon Berezovskajaa vastaan esitetyist\u00e4 syyt\u00f6ksist\u00e4, he p\u00e4\u00e4siv\u00e4t puhelintietojen perusteella \u017dykovy\u010din, 50, ja Reutin, 34, j\u00e4ljille.<\/p>\n<p class=\"aw__sc-1qwuw0s-0 aw__sc-ngllmo-0 epAWpq fzYpjk yle__article__paragraph\">Miehet olivat toistuvasti siirt\u00e4neet rahaa Berezovskalle kryptovaluuttalompakoiden ja pankkitilien kautta, tutkijat kertoivat.<\/p>\n<p class=\"aw__sc-1qwuw0s-0 aw__sc-ngllmo-0 epAWpq fzYpjk yle__article__paragraph\">Reut johdatti tutkijat Berezovska\u200bn haudalle mets\u00e4ss\u00e4 Kiovan l\u00e4hist\u00f6ll\u00e4 ja tunnusti tiistaina, ett\u00e4 oli murhannut t\u00e4m\u00e4n, BBC ja Kyiv Independent kertovat.<\/p>\n<p>\u017dykovy\u010d syytt\u00e4\u00e4 nyt kumppaniaan<\/p>\n<p class=\"aw__sc-1qwuw0s-0 aw__sc-ngllmo-0 epAWpq fzYpjk yle__article__paragraph\">Oikeudessa torstaina Reut kuitenkin kiisti ampuneensa Berezovska\u200bn ja v\u00e4itti, ett\u00e4 ampuja oli \u017dykovy\u010d.<\/p>\n<p class=\"aw__sc-1qwuw0s-0 aw__sc-ngllmo-0 epAWpq fzYpjk yle__article__paragraph\">\u2013 Taistelin vihollistaistelijoita vastaan puolustaessani maatani, Reut sanoi oikeudessa BBC:n mukaan<\/p>\n<p class=\"aw__sc-1qwuw0s-0 aw__sc-ngllmo-0 epAWpq fzYpjk yle__article__paragraph\">\u2013 En koskaan tahallaan murhaa viatonta siviilinaista.<\/p>\n<p class=\"aw__sc-1qwuw0s-0 aw__sc-ngllmo-0 epAWpq fzYpjk yle__article__paragraph\">Kun Reutilta kysyttiin, miksi h\u00e4n oli tunnustanut murhan, h\u00e4n v\u00e4itti \u017dykovy\u010din uhanneen perhett\u00e4\u00e4n. \u017dykovy\u010d kiist\u00e4\u00e4 murhasyyt\u00f6kset.<\/p>\n<p class=\"aw__sc-1qwuw0s-0 aw__sc-ngllmo-0 epAWpq fzYpjk yle__article__paragraph\">Syytt\u00e4j\u00e4n mukaan miehet toimivat yhdess\u00e4, ja molempia syytet\u00e4\u00e4n murhasta. Jos heid\u00e4t todetaan syyllisiksi, he voivat saada elinkautisen vankeusrangaistuksen.<\/p>\n<p class=\"aw__sc-1qwuw0s-0 aw__sc-ngllmo-0 epAWpq fzYpjk yle__article__paragraph\">Ukrainalainen oligarkki <strong class=\"aw__sc-ngllmo-2 gdRrun yle__article__strong\">Vadim Jermolajev<\/strong>, h\u00e4nen vaimonsa ja heid\u00e4n 13-vuotias poikansa loukkaantuivat r\u00e4j\u00e4hdyksess\u00e4 kerrostalossa Monacossa 29. kes\u00e4kuuta.<\/p>\n","protected":false},"excerpt":{"rendered":"Ukrainalainen oligarkki Vadim Jermolajev, h\u00e4nen vaimonsa ja heid\u00e4n 13-vuotias poikansa loukkaantuivat r\u00e4j\u00e4hdyksess\u00e4 kerrostalossa Monacossa 29. kes\u00e4kuuta. Avaa kuvien&hellip;\n","protected":false},"author":2,"featured_media":297896,"comment_status":"","ping_status":"","sticky":false,"template":"","format":"standard","meta":{"footnotes":"","_share_on_mastodon":"0"},"categories":[14],"tags":[22,23,1284,26,27,33,31,30,17,24,25,28,29,2637,1252,15,18,21,1472,1263,32,19,20,1303,56,16,59,60,61],"class_list":["post-297895","post","type-post","status-publish","format-standard","has-post-thumbnail","category-ulkomaat","tag-breaking-news","tag-breakingnews","tag-epaillyt","tag-featured-news","tag-featurednews","tag-fi","tag-finland","tag-finnish","tag-headlines","tag-latest-news","tag-latestnews","tag-main-news","tag-mainnews","tag-monaco","tag-murha","tag-news","tag-otsikot","tag-paauutiset","tag-rajahdykset","tag-rikosepailyt","tag-suomi","tag-top-stories","tag-topstories","tag-ukraina","tag-ulkomaat","tag-uutiset","tag-world","tag-world-news","tag-worldnews"],"share_on_mastodon":{"url":"https:\/\/pubeurope.com\/@fi\/116895265191467511","error":""},"_links":{"self":[{"href":"https:\/\/www.europesays.com\/fi\/wp-json\/wp\/v2\/posts\/297895","targetHints":{"allow":["GET"]}}],"collection":[{"href":"https:\/\/www.europesays.com\/fi\/wp-json\/wp\/v2\/posts"}],"about":[{"href":"https:\/\/www.europesays.com\/fi\/wp-json\/wp\/v2\/types\/post"}],"author":[{"embeddable":true,"href":"https:\/\/www.europesays.com\/fi\/wp-json\/wp\/v2\/users\/2"}],"replies":[{"embeddable":true,"href":"https:\/\/www.europesays.com\/fi\/wp-json\/wp\/v2\/comments?post=297895"}],"version-history":[{"count":0,"href":"https:\/\/www.europesays.com\/fi\/wp-json\/wp\/v2\/posts\/297895\/revisions"}],"wp:featuredmedia":[{"embeddable":true,"href":"https:\/\/www.europesays.com\/fi\/wp-json\/wp\/v2\/media\/297896"}],"wp:attachment":[{"href":"https:\/\/www.europesays.com\/fi\/wp-json\/wp\/v2\/media?parent=297895"}],"wp:term":[{"taxonomy":"category","embeddable":true,"href":"https:\/\/www.europesays.com\/fi\/wp-json\/wp\/v2\/categories?post=297895"},{"taxonomy":"post_tag","embeddable":true,"href":"https:\/\/www.europesays.com\/fi\/wp-json\/wp\/v2\/tags?post=297895"}],"curies":[{"name":"wp","href":"https:\/\/api.w.org\/{rel}","templated":true}]}}