{"id":298022,"date":"2026-07-10T14:38:11","date_gmt":"2026-07-10T14:38:11","guid":{"rendered":"https:\/\/www.europesays.com\/fi\/298022\/"},"modified":"2026-07-10T14:38:11","modified_gmt":"2026-07-10T14:38:11","slug":"venalaisiin-iski-paniikki-pelkaavat-matkustaa-moskovaan-iltalehti","status":"publish","type":"post","link":"https:\/\/www.europesays.com\/fi\/298022\/","title":{"rendered":"Ven\u00e4l\u00e4isiin iski paniikki \u2013 \u201dPelk\u00e4\u00e4v\u00e4t matkustaa Moskovaan\u201d &#8211; Iltalehti"},"content":{"rendered":"<ol>\n<li><a href=\"https:\/\/news.google.com\/rss\/articles\/CBMifEFVX3lxTFBCNzFLZDk1NjlfXzNmaWRONGNvcWRqQ1d1LXRDSi1XRW9RUTBnSHlCRTJlZG1WY0FNWnFKdTBEUGdUdzBLVGkwX0ZfVENfZW5aY3ZKbzBvMjh6RjJxT3ptWGdabzhIMERod01vb3NXVWI4MEtLQkIwcmNnU18?oc=5\" target=\"_blank\" rel=\"nofollow noopener\">Ven\u00e4l\u00e4isiin iski paniikki \u2013 \u201dPelk\u00e4\u00e4v\u00e4t matkustaa Moskovaan\u201d<\/a>&nbsp;&nbsp;Iltalehti<\/li>\n<li><a href=\"https:\/\/news.google.com\/rss\/articles\/CBMiQkFVX3lxTE13QW53S0ZWSURXNEljekJLZEQzcTlPMklQUmpoVEF2X201VExEUXg1dFFHdm1URHFpWmNtSVRFU2x2QQ?oc=5\" target=\"_blank\" rel=\"nofollow noopener\">Ven\u00e4l\u00e4iset koettavat selvit\u00e4 bensapulasta neuvostoaikaisilla kikoilla \u2013 n\u00e4in kekseli\u00e4\u00e4sti harmaat markkinat toimivat<\/a>&nbsp;&nbsp;Yle<\/li>\n<li><a href=\"https:\/\/news.google.com\/rss\/articles\/CBMijAFBVV95cUxObFRrY0Q4N0hDa3lkRVN3MVhZZ28wbG9SLU1PZFVYRTZOU2gySi1yLW1EQ05RUzBwOG5NX1RneWs1b2ZXb1hHdGxkUUJNMmJ3UTJyTm1XYVFjYTBkRnB5Z0htci1CcVlnelZDMVB1amNPYi1BMnlkaDJEeVBYdmtZQjcxUjhEQXQ0VFVwbg?oc=5\" target=\"_blank\" rel=\"nofollow noopener\">Ven\u00e4j\u00e4n naapurimaa pys\u00e4ytti bensiiniturismin rajalle<\/a>&nbsp;&nbsp;Verkkouutiset<\/li>\n<li><a href=\"https:\/\/news.google.com\/rss\/articles\/CBMie0FVX3lxTFA3bWphQmpsbXI2Z1VTYkhiNWlnbGVGckhJa3NPLUNfTEM5V0N6U2JtZkhvbmVEWndTOXNwa0tCcVBxM05xZlFYVFFXczdOQjNxckpDWFJaa3ZnY3hJR3ItLUJNRkRXYzdpQXB5NFhLZGh1Mmh1eDc3UV9zVQ?oc=5\" target=\"_blank\" rel=\"nofollow noopener\">Lehti: Ven\u00e4l\u00e4isviranomaiset s\u00f6ssiv\u00e4t \u2013 Polttoainekurimus r\u00e4j\u00e4hti k\u00e4siin uudella alueella<\/a>&nbsp;&nbsp;Uusi Suomi<\/li>\n<li><a href=\"https:\/\/news.google.com\/rss\/articles\/CBMifkFVX3lxTE9KWHJlblUwbmVjakJQaEpnR1FBZW1tVnVvc05UcHJ6MWViYVVvZk5YaTRpRnlmeWMxdllnZ3VfWmQxXzl1VWg3eUZ4dDBpVFZqS0lKVHpPRVQ1cnlDRVlzT1NvbmxoVlEyV05qOVU4RmJkR0daWjFRRnlJZndmZw?oc=5\" target=\"_blank\" rel=\"nofollow noopener\">Polttoainepulassa k\u00e4rvistelev\u00e4t ven\u00e4l\u00e4iset muuttavat autojaan k\u00e4ym\u00e4\u00e4n nestekaasulla<\/a>&nbsp;&nbsp;Kauppalehti<\/li>\n<\/ol>\n","protected":false},"excerpt":{"rendered":"Ven\u00e4l\u00e4isiin iski paniikki \u2013 \u201dPelk\u00e4\u00e4v\u00e4t matkustaa Moskovaan\u201d&nbsp;&nbsp;Iltalehti Ven\u00e4l\u00e4iset koettavat selvit\u00e4 bensapulasta neuvostoaikaisilla kikoilla \u2013 n\u00e4in kekseli\u00e4\u00e4sti harmaat markkinat&hellip;\n","protected":false},"author":2,"featured_media":298023,"comment_status":"","ping_status":"","sticky":false,"template":"","format":"standard","meta":{"footnotes":"","_share_on_mastodon":"0"},"categories":[5],"tags":[35,4362,4565,22,23,26,27,33,31,30,17,5129,24,25,121,28,29,923,15,18,21,32,19,20,16],"class_list":["post-298022","post","type-post","status-publish","format-standard","has-post-thumbnail","category-otsikot","tag-24h","tag-baltia","tag-baltian-maat","tag-breaking-news","tag-breakingnews","tag-featured-news","tag-featurednews","tag-fi","tag-finland","tag-finnish","tag-headlines","tag-kansainvaliset-pakotteet","tag-latest-news","tag-latestnews","tag-liikenne-ja-kuljetus","tag-main-news","tag-mainnews","tag-matkustaminen","tag-news","tag-otsikot","tag-paauutiset","tag-suomi","tag-top-stories","tag-topstories","tag-uutiset"],"share_on_mastodon":{"url":"https:\/\/pubeurope.com\/@fi\/116896196546656985","error":""},"_links":{"self":[{"href":"https:\/\/www.europesays.com\/fi\/wp-json\/wp\/v2\/posts\/298022","targetHints":{"allow":["GET"]}}],"collection":[{"href":"https:\/\/www.europesays.com\/fi\/wp-json\/wp\/v2\/posts"}],"about":[{"href":"https:\/\/www.europesays.com\/fi\/wp-json\/wp\/v2\/types\/post"}],"author":[{"embeddable":true,"href":"https:\/\/www.europesays.com\/fi\/wp-json\/wp\/v2\/users\/2"}],"replies":[{"embeddable":true,"href":"https:\/\/www.europesays.com\/fi\/wp-json\/wp\/v2\/comments?post=298022"}],"version-history":[{"count":0,"href":"https:\/\/www.europesays.com\/fi\/wp-json\/wp\/v2\/posts\/298022\/revisions"}],"wp:featuredmedia":[{"embeddable":true,"href":"https:\/\/www.europesays.com\/fi\/wp-json\/wp\/v2\/media\/298023"}],"wp:attachment":[{"href":"https:\/\/www.europesays.com\/fi\/wp-json\/wp\/v2\/media?parent=298022"}],"wp:term":[{"taxonomy":"category","embeddable":true,"href":"https:\/\/www.europesays.com\/fi\/wp-json\/wp\/v2\/categories?post=298022"},{"taxonomy":"post_tag","embeddable":true,"href":"https:\/\/www.europesays.com\/fi\/wp-json\/wp\/v2\/tags?post=298022"}],"curies":[{"name":"wp","href":"https:\/\/api.w.org\/{rel}","templated":true}]}}