{"id":298163,"date":"2026-07-10T18:44:11","date_gmt":"2026-07-10T18:44:11","guid":{"rendered":"https:\/\/www.europesays.com\/fi\/298163\/"},"modified":"2026-07-10T18:44:11","modified_gmt":"2026-07-10T18:44:11","slug":"hmd-skyline-2n-kuvat-ja-tekniset-tiedot-vuotivat","status":"publish","type":"post","link":"https:\/\/www.europesays.com\/fi\/298163\/","title":{"rendered":"HMD Skyline 2:n kuvat ja tekniset tiedot vuotivat"},"content":{"rendered":"<p>HMD:lta n\u00e4ytt\u00e4\u00e4 olevan luvassa uusi Skyline-malli.<\/p>\n<p><a href=\"https:\/\/muropaketti.com\/avainsana\/hmd\" rel=\"nofollow noopener\" target=\"_blank\">HMD:n<\/a> seuraavasta Skyline 2 -\u00e4lypuhelimesta on vuotanut kuvia ja teknisi\u00e4 tietoja. <a href=\"https:\/\/www.gsmarena.com\/hmd_skyline_2_images_and_specs_leak-news-73657.php\" target=\"_blank\" rel=\"noreferrer noopener nofollow\">GSMArenan mukaan<\/a> uutuus s\u00e4ilytt\u00e4\u00e4 pitk\u00e4lti alkuper\u00e4isen Skyline-mallin muotoilun, mutta saa p\u00e4ivitetyn laitteiston.<\/p>\n<p>Skyline 2:n kerrotaan hy\u00f6dynt\u00e4v\u00e4n Qualcomm Snapdragon 7s Gen 4 -j\u00e4rjestelm\u00e4piiri\u00e4, jonka rinnalla on 8 tai 12 gigatavua RAM-muistia ja 256 gigatavua laajennettavaa tallennustilaa. N\u00e4ytt\u00f6n\u00e4 toimii 144 hertsin OLED-paneeli, jonka huippukirkkaus ylt\u00e4\u00e4 2 000 nitiin.<\/p>\n<p>Kamerapuolella puhelimeen odotetaan 108 megapikselin p\u00e4\u00e4kameraa optisella kuvanvakaimella, 50 megapikselin telekameraa sek\u00e4 50 megapikselin ultralaajakulmakameraa. Etukameran tarkkuudeksi mainitaan niin ik\u00e4\u00e4n 50 megapikseli\u00e4.<\/p>\n<p>Lataus onnistuu tietojen mukaan 40 watin teholla, ja puhelin tukee edelleen magneeteilla kiinnittyv\u00e4\u00e4 langatonta latausta.<\/p>\n<p>Skyline 2:n odotetaan saapuvan markkinoille sinisen\u00e4, mustana ja keltaisena. HMD ei ole viel\u00e4 vahvistanut laitteen olemassaoloa, joten kaikki tiedot perustuvat toistaiseksi vuotoihin.<\/p>\n","protected":false},"excerpt":{"rendered":"HMD:lta n\u00e4ytt\u00e4\u00e4 olevan luvassa uusi Skyline-malli. HMD:n seuraavasta Skyline 2 -\u00e4lypuhelimesta on vuotanut kuvia ja teknisi\u00e4 tietoja. GSMArenan&hellip;\n","protected":false},"author":2,"featured_media":23410,"comment_status":"","ping_status":"","sticky":false,"template":"","format":"standard","meta":{"footnotes":"","_share_on_mastodon":"0"},"categories":[85],"tags":[33,31,30,1139,419,418,32,91,92],"class_list":["post-298163","post","type-post","status-publish","format-standard","has-post-thumbnail","category-mobiili","tag-fi","tag-finland","tag-finnish","tag-hmd","tag-mobiili","tag-mobile","tag-suomi","tag-technology","tag-teknologia"],"share_on_mastodon":{"url":"https:\/\/pubeurope.com\/@fi\/116897163694332812","error":""},"_links":{"self":[{"href":"https:\/\/www.europesays.com\/fi\/wp-json\/wp\/v2\/posts\/298163","targetHints":{"allow":["GET"]}}],"collection":[{"href":"https:\/\/www.europesays.com\/fi\/wp-json\/wp\/v2\/posts"}],"about":[{"href":"https:\/\/www.europesays.com\/fi\/wp-json\/wp\/v2\/types\/post"}],"author":[{"embeddable":true,"href":"https:\/\/www.europesays.com\/fi\/wp-json\/wp\/v2\/users\/2"}],"replies":[{"embeddable":true,"href":"https:\/\/www.europesays.com\/fi\/wp-json\/wp\/v2\/comments?post=298163"}],"version-history":[{"count":0,"href":"https:\/\/www.europesays.com\/fi\/wp-json\/wp\/v2\/posts\/298163\/revisions"}],"wp:featuredmedia":[{"embeddable":true,"href":"https:\/\/www.europesays.com\/fi\/wp-json\/wp\/v2\/media\/23410"}],"wp:attachment":[{"href":"https:\/\/www.europesays.com\/fi\/wp-json\/wp\/v2\/media?parent=298163"}],"wp:term":[{"taxonomy":"category","embeddable":true,"href":"https:\/\/www.europesays.com\/fi\/wp-json\/wp\/v2\/categories?post=298163"},{"taxonomy":"post_tag","embeddable":true,"href":"https:\/\/www.europesays.com\/fi\/wp-json\/wp\/v2\/tags?post=298163"}],"curies":[{"name":"wp","href":"https:\/\/api.w.org\/{rel}","templated":true}]}}