{"id":298323,"date":"2026-07-11T00:04:13","date_gmt":"2026-07-11T00:04:13","guid":{"rendered":"https:\/\/www.europesays.com\/fi\/298323\/"},"modified":"2026-07-11T00:04:13","modified_gmt":"2026-07-11T00:04:13","slug":"wilma-heltelan-em-mitaliosakkeet-nousevat-kohisten-pahan-kilpakumppanin-syoksykierre-jatkui-timanttiliigassa-urheilu","status":"publish","type":"post","link":"https:\/\/www.europesays.com\/fi\/298323\/","title":{"rendered":"Wilma Heltel\u00e4n EM-mitaliosakkeet nousevat kohisten \u2013 pahan kilpa\u00adkumppanin sy\u00f6ksy\u00adkierre jatkui Timantti\u00adliigassa | Urheilu"},"content":{"rendered":"<p class=\"aw__sc-1qwuw0s-0 aw__sc-1vg2sqm-0 epAWpq ecELkD yle__article__paragraph\">Wilma Heltel\u00e4 saattaa taistella Birminghamissa uransa toisesta ulkoratojen Euroopan mestaruudesta. Kilpa\u00adsiskojen vaikeudet satavat suomalais\u00adkonkarin laariin.<\/p>\n<p><img decoding=\"async\" alt=\"Marie-Julie Bonnin on suurissa vaikeuksissa hyppyns\u00e4 kanssa.\" src=\"https:\/\/www.europesays.com\/fi\/wp-content\/uploads\/2026\/07\/1783705952.jpeg\" class=\"aw__sc-dklauk-0 LPzKX\"\/><\/p>\n<p>Avaa kuvien katselu<\/p>\n<p>Marie-Julie Bonnin on potentiaalisimpia eurooppalaishypp\u00e4\u00e4ji\u00e4 maailmassa. Nyt t\u00f6kkii. Kuva: NurPhoto via Getty Images<\/p>\n<p class=\"aw__sc-1qwuw0s-0 aw__sc-ngllmo-0 epAWpq fzYpjk yle__article__paragraph\">Seiv\u00e4shypp\u00e4\u00e4j\u00e4 <strong class=\"aw__sc-ngllmo-2 gdRrun yle__article__strong\">Wilma Heltel\u00e4n<\/strong> EM-osakkeet ovat nousseet viime aikoina kohisten. Kolminkertainen arvokisamitalisti taivutti viime sunnuntaina Unkarissa huipputuloksen 481, jolla h\u00e4n on Birminghamin EM-rankingin ykk\u00f6snimi.<\/p>\n<p class=\"aw__sc-1qwuw0s-0 aw__sc-ngllmo-0 epAWpq fzYpjk yle__article__paragraph\">Ven\u00e4l\u00e4inen <strong class=\"aw__sc-ngllmo-2 gdRrun yle__article__strong\">Polina Kronoz<\/strong> on hyp\u00e4nnyt 491, mutta h\u00e4nt\u00e4 ei oteta EM-kisoihin mukaan.<\/p>\n<p class=\"aw__sc-1qwuw0s-0 aw__sc-ngllmo-0 epAWpq fzYpjk yle__article__paragraph\">Heltel\u00e4 on itse kovassa kunnossa, vaikka toki vuoden 2022 Euroopan mestaruuden uusimistaan varten h\u00e4nen perustasonsa t\u00e4ytyy olla hyv\u00e4ll\u00e4 tasolla Birminghamiin ment\u00e4ess\u00e4.<\/p>\n<p class=\"aw__sc-1qwuw0s-0 aw__sc-ngllmo-0 epAWpq fzYpjk yle__article__paragraph\">Heltel\u00e4n mitalin\u00e4kym\u00e4 on joka tapauksessa kirkas, sill\u00e4 eurooppalaisittain naisten seip\u00e4\u00e4n taso ei ole vakuuttanut t\u00e4n\u00e4 kes\u00e4n\u00e4. Britti <strong class=\"aw__sc-ngllmo-2 gdRrun yle__article__strong\">Molly Caudery<\/strong> on pystynyt viime vuosina parhaimpiin hyppyihin, mutta h\u00e4nelt\u00e4 koti-EM-kisat j\u00e4\u00e4v\u00e4t loukkaantumisen takia v\u00e4liin.<\/p>\n<p class=\"aw__sc-1qwuw0s-0 aw__sc-ngllmo-0 epAWpq fzYpjk yle__article__paragraph\">Heltel\u00e4n muista viime vuosien pahimmista kilpakumppaneista slovenialaiskonkari <strong class=\"aw__sc-ngllmo-2 gdRrun yle__article__strong\">Tina Sutej<\/strong> ja Ranskan <strong class=\"aw__sc-ngllmo-2 gdRrun yle__article__strong\">Marie-Julie Bonnin<\/strong> ovat tuskailleet hyppyns\u00e4 kanssa. Erityisen suurissa vaikeuksissa on ollut ranskalainen Bonnin, jonka sy\u00f6ksykierre jatkui perjantaina Monacon Timanttiliigassa.<\/p>\n<p class=\"aw__sc-1qwuw0s-0 aw__sc-ngllmo-0 epAWpq fzYpjk yle__article__paragraph\">Tokion MM-kisojen kahdeksas ja viime vuoden MM-hallien voittaja ylitti Monacossa ainoastaan 437. H\u00e4n ep\u00e4onnistui kolmesti korkeudesta 452.<\/p>\n<p><img decoding=\"async\" alt=\"Tina Sutej jahtaa edelleen ensimm\u00e4ist\u00e4 arvokisavoittoaan.\" src=\"https:\/\/www.europesays.com\/fi\/wp-content\/uploads\/2026\/07\/1783706129.jpeg\" loading=\"lazy\" class=\"aw__sc-dklauk-0 LPzKX\"\/><\/p>\n<p>Avaa kuvien katselu<\/p>\n<p>Kahdeksankertainen arvokisamitalisti Tina Sutej, 37, jahtaa yh\u00e4 edelleen ensimm\u00e4ist\u00e4 suurvoittoaan. Kuva: Insidefoto\/LightRocket via Getty<\/p>\n<p class=\"aw__sc-1qwuw0s-0 aw__sc-ngllmo-0 epAWpq fzYpjk yle__article__paragraph\">25-vuotias ranskalainen ylitti talvella 470 ja oli tasaisen varmassa kunnossa. Kes\u00e4ll\u00e4 h\u00e4nen parasta antiaan on ollut ainoastaan 450.<\/p>\n<p class=\"aw__sc-1qwuw0s-0 aw__sc-ngllmo-0 epAWpq fzYpjk yle__article__paragraph\">Sutej sent\u00e4\u00e4n hypp\u00e4si kes\u00e4kuussa 475, mutta h\u00e4nen tasonsa on hieman ailahdellut. Eurooppalaisista seiv\u00e4snaisista varmimmassa kunnossa on 470\u2013480-korkeuksia hyp\u00e4nnyt Sveitsin <strong class=\"aw__sc-ngllmo-2 gdRrun yle__article__strong\">Angelica Moser<\/strong>.<\/p>\n<p class=\"aw__sc-1qwuw0s-0 aw__sc-ngllmo-0 epAWpq fzYpjk yle__article__paragraph\">Monacossa Moser ja Sutej saivat tuloksen 462. Moser jakoi kolmannen sijan ja slovenialainen oli kuudes.<\/p>\n<p class=\"aw__sc-1qwuw0s-0 aw__sc-ngllmo-0 epAWpq fzYpjk yle__article__paragraph\">Timanttiliigakisan voitti australialainen olympiavoittaja ja maailmanmestari <strong class=\"aw__sc-ngllmo-2 gdRrun yle__article__strong\">Nina Kennedy<\/strong> huipputuloksella ja enn\u00e4tyksell\u00e4\u00e4n 495. H\u00e4n kohensi aiempaa enn\u00e4tyst\u00e4\u00e4n nelj\u00e4 sentti\u00e4. Yhdysvaltalainen <strong class=\"aw__sc-ngllmo-2 gdRrun yle__article__strong\">Amanda Moll<\/strong> oli toinen, 472.<\/p>\n","protected":false},"excerpt":{"rendered":"Wilma Heltel\u00e4 saattaa taistella Birminghamissa uransa toisesta ulkoratojen Euroopan mestaruudesta. Kilpa\u00adsiskojen vaikeudet satavat suomalais\u00adkonkarin laariin. Avaa kuvien katselu&hellip;\n","protected":false},"author":2,"featured_media":298324,"comment_status":"","ping_status":"","sticky":false,"template":"","format":"standard","meta":{"footnotes":"","_share_on_mastodon":"0"},"categories":[158],"tags":[33,31,30,39201,2637,159,32,4181,39202,160,38287,162],"class_list":["post-298323","post","type-post","status-publish","format-standard","has-post-thumbnail","category-urheilu","tag-fi","tag-finland","tag-finnish","tag-marie-julie-bonnin","tag-monaco","tag-sports","tag-suomi","tag-timanttiliiga","tag-tina-sutej","tag-urheilu","tag-wilma-heltela","tag-yleisurheilu"],"share_on_mastodon":{"url":"https:\/\/pubeurope.com\/@fi\/116898422747314906","error":""},"_links":{"self":[{"href":"https:\/\/www.europesays.com\/fi\/wp-json\/wp\/v2\/posts\/298323","targetHints":{"allow":["GET"]}}],"collection":[{"href":"https:\/\/www.europesays.com\/fi\/wp-json\/wp\/v2\/posts"}],"about":[{"href":"https:\/\/www.europesays.com\/fi\/wp-json\/wp\/v2\/types\/post"}],"author":[{"embeddable":true,"href":"https:\/\/www.europesays.com\/fi\/wp-json\/wp\/v2\/users\/2"}],"replies":[{"embeddable":true,"href":"https:\/\/www.europesays.com\/fi\/wp-json\/wp\/v2\/comments?post=298323"}],"version-history":[{"count":0,"href":"https:\/\/www.europesays.com\/fi\/wp-json\/wp\/v2\/posts\/298323\/revisions"}],"wp:featuredmedia":[{"embeddable":true,"href":"https:\/\/www.europesays.com\/fi\/wp-json\/wp\/v2\/media\/298324"}],"wp:attachment":[{"href":"https:\/\/www.europesays.com\/fi\/wp-json\/wp\/v2\/media?parent=298323"}],"wp:term":[{"taxonomy":"category","embeddable":true,"href":"https:\/\/www.europesays.com\/fi\/wp-json\/wp\/v2\/categories?post=298323"},{"taxonomy":"post_tag","embeddable":true,"href":"https:\/\/www.europesays.com\/fi\/wp-json\/wp\/v2\/tags?post=298323"}],"curies":[{"name":"wp","href":"https:\/\/api.w.org\/{rel}","templated":true}]}}