{"id":29849,"date":"2025-09-09T10:59:08","date_gmt":"2025-09-09T10:59:08","guid":{"rendered":"https:\/\/www.europesays.com\/fi\/29849\/"},"modified":"2025-09-09T10:59:08","modified_gmt":"2025-09-09T10:59:08","slug":"mikko-silvennoinen-on-voittanut-tanssikilpailun","status":"publish","type":"post","link":"https:\/\/www.europesays.com\/fi\/29849\/","title":{"rendered":"Mikko Silvennoinen on voittanut tanssikilpailun"},"content":{"rendered":"<p><strong class=\"typography-bold\">Mikko Silvennoinen unohti itsekin, ett\u00e4 on kunnostautunut takavuosina tanssin saralla.<\/strong><\/p>\n<p><a class=\"underline\" data-testid=\"internal-link\" role=\"link\" data-sentry-element=\"Link\" data-sentry-component=\"InternalLink\" data-sentry-source-file=\"InternalLink.tsx\" href=\"https:\/\/www.mtvuutiset.fi\/aihe\/tanssii-tahtien-kanssa\/2839810\" rel=\"nofollow noopener\" target=\"_blank\">Tanssii T\u00e4htien Kanssa<\/a> -ohjelman suorat l\u00e4hetykset p\u00e4r\u00e4htiv\u00e4t k\u00e4yntiin sunnuntaina 7. syyskuuta.<\/p>\n<p>Yksi kauden t\u00e4htioppilaista on euroviisuselostajana tunnettu <a class=\"underline\" data-testid=\"internal-link\" role=\"link\" data-sentry-element=\"Link\" data-sentry-component=\"InternalLink\" data-sentry-source-file=\"InternalLink.tsx\" href=\"https:\/\/www.mtvuutiset.fi\/aihe\/mikko-silvennoinen\/9150638\" rel=\"nofollow noopener\" target=\"_blank\"><strong class=\"typography-bold\">Mikko Silvennoinen<\/strong><\/a>, opettajanaan <a class=\"underline\" data-testid=\"internal-link\" role=\"link\" data-sentry-element=\"Link\" data-sentry-component=\"InternalLink\" data-sentry-source-file=\"InternalLink.tsx\" href=\"https:\/\/www.mtvuutiset.fi\/aihe\/matti-puro\/8482150\" rel=\"nofollow noopener\" target=\"_blank\"><strong class=\"typography-bold\">Matti Puro<\/strong><\/a>.\u00a0<\/p>\n<p>Tuotannon alkumetreill\u00e4 Silvennoinen painotti voimakkaasti olevansa sit\u00e4 mielt\u00e4, ettei h\u00e4nell\u00e4 ole entuudestaan mink\u00e4\u00e4nlaisia tanssitaitoja. H\u00e4n kertoi kuitenkin hakeutuvansa my\u00f6s tietoisesti asioiden pariin, joita h\u00e4n ei entuudestaan hallitse.\u00a0<\/p>\n<p>\u2013 Olen t\u00e4\u00e4ll\u00e4, koska haluan aina altistaa itse\u00e4ni jollekin asialle, mit\u00e4 en osaa, koska on liian helppoa vaan tehd\u00e4 asioita, joissa on hyv\u00e4. Haluan l\u00f6yt\u00e4\u00e4 jonkun ep\u00e4mukavuusalueen joka vuosi. Yleens\u00e4 se on tosin ollut joku ruotsinkurssi ty\u00f6v\u00e4enopistolla, mutta t\u00e4n\u00e4 vuonna se on v\u00e4h\u00e4n isompi, kun se on TTK.\u00a0<\/p>\n<p>Silvennoinen kertoi v\u00e4ltelleens\u00e4 el\u00e4m\u00e4ss\u00e4\u00e4n aktiivisesti tilanteita, joissa h\u00e4nen mahdollisesti olisi itse pit\u00e4nyt tanssia. H\u00e4n oli sit\u00e4 mielt\u00e4, ettei h\u00e4nell\u00e4 ole viel\u00e4 positiivisia muistoja tilanteista, joissa h\u00e4n olisi itse tanssinut.\u00a0<\/p>\n<p>Kunnes yht\u00e4kki\u00e4 muistikin sellaisen: h\u00e4n on aikanaan jo voittanut kertaalleen tanssikilpailun.\u00a0<\/p>\n<p>\u2013 Kun olin noin seiska-kasiluokkalainen, oli lasketteluretki Leville, jossa on sellainen ravintola siell\u00e4 (tunturin) p\u00e4\u00e4ll\u00e4. Siell\u00e4 oli limudisko, jossa voitin hiihtopussin, tanssissa, Silvennoinen hihkui.\u00a0<\/p>\n<p>\u2013 T\u00e4m\u00e4 on siis se salainen tanssitausta, Puro puolestaan mietti vierell\u00e4.\u00a0<\/p>\n<p>Silvennoinen ja Puro ovat Suomen TTK-historian ensimm\u00e4inen miest\u00e4htipari. Puro kertoi toivovansa, ett\u00e4 kaksikon yhteisest\u00e4 matkasta tulee upea ja he p\u00e4\u00e4sev\u00e4t luomaan yhdess\u00e4 hienoja tanssinumeroita TTK-parketille.\u00a0<\/p>\n<p>Puro on kunnostautunut tosin ennenkin ikimuistoisten same sex- tanssiesityksien parissa TTK:ssa. Aiemmilla vuosilla parinvaihtoviikoilla Puro on saanut kahdesti parikseen miest\u00e4htioppilaan: <a class=\"underline\" data-testid=\"internal-link\" role=\"link\" data-sentry-element=\"Link\" data-sentry-component=\"InternalLink\" data-sentry-source-file=\"InternalLink.tsx\" href=\"https:\/\/www.mtvuutiset.fi\/aihe\/christoffer-strandberg\/7159130\" rel=\"nofollow noopener\" target=\"_blank\"><strong class=\"typography-bold\">Christoffer Strandbergin<\/strong><\/a><strong class=\"typography-bold\"> <\/strong>vuonna 2019 ja <a class=\"underline\" data-testid=\"internal-link\" role=\"link\" data-sentry-element=\"Link\" data-sentry-component=\"InternalLink\" data-sentry-source-file=\"InternalLink.tsx\" href=\"https:\/\/www.mtvuutiset.fi\/aihe\/shawn-huff\/8753446\" rel=\"nofollow noopener\" target=\"_blank\"><strong class=\"typography-bold\">Shawn Huffin<\/strong><\/a> vuonna 2023.<\/p>\n<p>Strandbergin ja Puron yhteinen tanssi on nostettu monissa yhteyksiss\u00e4 yhdeksi Suomen TTK:n ikimuistoisimmista esityksist\u00e4. Siit\u00e4 my\u00f6s Puro saa yh\u00e4 kuulla.\u00a0<\/p>\n<p>\u2013 Siit\u00e4 Christofferin kanssa tehdyst\u00e4 tanssista tulee aina tasaisin v\u00e4liajoin jonkinn\u00e4k\u00f6isi\u00e4 palautteita. Tietenkin, kun se oli ensimm\u00e4inen kerta ohjelmassa, kun kaksi miest\u00e4 tanssi, ja onnistuttiin tekem\u00e4\u00e4n hieno numero, se oli varmasti sellainen hetki, joka on j\u00e4\u00e4nyt ihmisille mieleen.\u00a0<\/p>\n<p>Lue my\u00f6s: <a class=\"underline\" data-testid=\"internal-link\" role=\"link\" data-sentry-element=\"Link\" data-sentry-component=\"InternalLink\" data-sentry-source-file=\"InternalLink.tsx\" href=\"https:\/\/www.mtvuutiset.fi\/artikkeli\/vappu-pimia-kertoo-mtv-uutisille-miksi-vetaytyy-ttk-sta-haluan-lahtea-ennen-kuin-se-tapahtuu\/9212088\" rel=\"nofollow noopener\" target=\"_blank\">Vappu Pimi\u00e4 kertoo MTV Uutisille, miksi vet\u00e4ytyy TTK:sta: &#8221;Haluan l\u00e4hte\u00e4 ennen kuin se tapahtuu&#8221;<\/a>Tanssii T\u00e4htien Kanssa <a class=\"underline\" data-testid=\"external-link\" href=\"https:\/\/www.mtv.fi\/ohjelma\/5d872b916e7968c4206a\/tanssii-tahtien-kanssa\" rel=\"noopener noreferrer nofollow\" target=\"_blank\" data-sentry-component=\"ExternalLink\" data-sentry-source-file=\"ExternalLink.tsx\">MTV Katsomossa<\/a> ja MTV3-kanavalla sunnuntaisin klo 19.30.<\/p>\n","protected":false},"excerpt":{"rendered":"Mikko Silvennoinen unohti itsekin, ett\u00e4 on kunnostautunut takavuosina tanssin saralla. Tanssii T\u00e4htien Kanssa -ohjelman suorat l\u00e4hetykset p\u00e4r\u00e4htiv\u00e4t k\u00e4yntiin&hellip;\n","protected":false},"author":2,"featured_media":29850,"comment_status":"","ping_status":"","sticky":false,"template":"","format":"standard","meta":{"footnotes":""},"categories":[133],"tags":[137,33,31,30,32,206,156,109],"class_list":{"0":"post-29849","1":"post","2":"type-post","3":"status-publish","4":"format-standard","5":"has-post-thumbnail","7":"category-televisiot","8":"tag-entertainment","9":"tag-fi","10":"tag-finland","11":"tag-finnish","12":"tag-suomi","13":"tag-televisiot","14":"tag-tv","15":"tag-viihde"},"share_on_mastodon":{"url":"","error":""},"_links":{"self":[{"href":"https:\/\/www.europesays.com\/fi\/wp-json\/wp\/v2\/posts\/29849","targetHints":{"allow":["GET"]}}],"collection":[{"href":"https:\/\/www.europesays.com\/fi\/wp-json\/wp\/v2\/posts"}],"about":[{"href":"https:\/\/www.europesays.com\/fi\/wp-json\/wp\/v2\/types\/post"}],"author":[{"embeddable":true,"href":"https:\/\/www.europesays.com\/fi\/wp-json\/wp\/v2\/users\/2"}],"replies":[{"embeddable":true,"href":"https:\/\/www.europesays.com\/fi\/wp-json\/wp\/v2\/comments?post=29849"}],"version-history":[{"count":0,"href":"https:\/\/www.europesays.com\/fi\/wp-json\/wp\/v2\/posts\/29849\/revisions"}],"wp:featuredmedia":[{"embeddable":true,"href":"https:\/\/www.europesays.com\/fi\/wp-json\/wp\/v2\/media\/29850"}],"wp:attachment":[{"href":"https:\/\/www.europesays.com\/fi\/wp-json\/wp\/v2\/media?parent=29849"}],"wp:term":[{"taxonomy":"category","embeddable":true,"href":"https:\/\/www.europesays.com\/fi\/wp-json\/wp\/v2\/categories?post=29849"},{"taxonomy":"post_tag","embeddable":true,"href":"https:\/\/www.europesays.com\/fi\/wp-json\/wp\/v2\/tags?post=29849"}],"curies":[{"name":"wp","href":"https:\/\/api.w.org\/{rel}","templated":true}]}}