{"id":29851,"date":"2025-09-09T11:00:10","date_gmt":"2025-09-09T11:00:10","guid":{"rendered":"https:\/\/www.europesays.com\/fi\/29851\/"},"modified":"2025-09-09T11:00:10","modified_gmt":"2025-09-09T11:00:10","slug":"kun-black-sabbath-ja-tuomari-nurmio-kohtaavat-treenikampalla-kuolemankello-esittelee-debyyttiaan-haaskalintu-singlella","status":"publish","type":"post","link":"https:\/\/www.europesays.com\/fi\/29851\/","title":{"rendered":"Kun Black Sabbath ja Tuomari Nurmio kohtaavat treenik\u00e4mp\u00e4ll\u00e4 &#8211; Kuolemankello esittelee debyytti\u00e4\u00e4n Haaskalintu-singlell\u00e4"},"content":{"rendered":"<p>Omintakeista protoheavya ja noiserockia takova <strong>Kuolemankello <\/strong>julkaisee Perkeet-esikoispitk\u00e4soittonsa Svart Recordsin kautta lokakuun 31. p\u00e4iv\u00e4. Levy\u00e4 esitell\u00e4\u00e4n nyt tuoreella Haaskalintu-singlell\u00e4, jonka kylkeen on tehty maailmanlopun tunnelmaa henkiv\u00e4 video. Videosta vastaa animaatiotaiteilija <strong>Malakias<\/strong>.<\/p>\n<p>\u201d<strong>Eemeli Lehtosen<\/strong>, <strong>Tomi Helomaan<\/strong> ja <strong>Matti Kallion<\/strong> muodostaman trion l\u00e4ht\u00f6kohtana on soittaa \u00e4\u00e4nek\u00e4st\u00e4 rokkia vanhan heavyn hengess\u00e4, ik\u00e4\u00e4n kuin <strong>Black Sabbath<\/strong> ja <strong>Tuomari Nurmio<\/strong> kohtaisivat treenik\u00e4mp\u00e4ll\u00e4. Kirskuvien riffien ymp\u00e4rille leivotaan luonnosmaisia biisej\u00e4, jotka kaulitaan kokovartalokompein ja marinoidaan betonibunkkerissa\u201d, kerrotaan toimitukseen l\u00e4hetetyss\u00e4 tiedotteessa.<\/p>\n<p><img loading=\"lazy\" decoding=\"async\" alt=\"YouTube video\" width=\"480\" height=\"360\" data-pin-nopin=\"true\" nopin=\"nopin\" class=\"perfmatters-lazy\" src=\"https:\/\/www.europesays.com\/fi\/wp-content\/uploads\/2025\/09\/1757415610_625_hqdefault.jpg\"\/><\/p>\n","protected":false},"excerpt":{"rendered":"Omintakeista protoheavya ja noiserockia takova Kuolemankello julkaisee Perkeet-esikoispitk\u00e4soittonsa Svart Recordsin kautta lokakuun 31. p\u00e4iv\u00e4. Levy\u00e4 esitell\u00e4\u00e4n nyt tuoreella&hellip;\n","protected":false},"author":2,"featured_media":29852,"comment_status":"","ping_status":"","sticky":false,"template":"","format":"standard","meta":{"footnotes":""},"categories":[132],"tags":[137,33,31,30,195,47,1243,1244,32,1245,109],"class_list":{"0":"post-29851","1":"post","2":"type-post","3":"status-publish","4":"format-standard","5":"has-post-thumbnail","7":"category-musiikki","8":"tag-entertainment","9":"tag-fi","10":"tag-finland","11":"tag-finnish","12":"tag-music","13":"tag-musiikki","14":"tag-musiikkivideo","15":"tag-single","16":"tag-suomi","17":"tag-tuleva-levy","18":"tag-viihde"},"share_on_mastodon":{"url":"","error":""},"_links":{"self":[{"href":"https:\/\/www.europesays.com\/fi\/wp-json\/wp\/v2\/posts\/29851","targetHints":{"allow":["GET"]}}],"collection":[{"href":"https:\/\/www.europesays.com\/fi\/wp-json\/wp\/v2\/posts"}],"about":[{"href":"https:\/\/www.europesays.com\/fi\/wp-json\/wp\/v2\/types\/post"}],"author":[{"embeddable":true,"href":"https:\/\/www.europesays.com\/fi\/wp-json\/wp\/v2\/users\/2"}],"replies":[{"embeddable":true,"href":"https:\/\/www.europesays.com\/fi\/wp-json\/wp\/v2\/comments?post=29851"}],"version-history":[{"count":0,"href":"https:\/\/www.europesays.com\/fi\/wp-json\/wp\/v2\/posts\/29851\/revisions"}],"wp:featuredmedia":[{"embeddable":true,"href":"https:\/\/www.europesays.com\/fi\/wp-json\/wp\/v2\/media\/29852"}],"wp:attachment":[{"href":"https:\/\/www.europesays.com\/fi\/wp-json\/wp\/v2\/media?parent=29851"}],"wp:term":[{"taxonomy":"category","embeddable":true,"href":"https:\/\/www.europesays.com\/fi\/wp-json\/wp\/v2\/categories?post=29851"},{"taxonomy":"post_tag","embeddable":true,"href":"https:\/\/www.europesays.com\/fi\/wp-json\/wp\/v2\/tags?post=29851"}],"curies":[{"name":"wp","href":"https:\/\/api.w.org\/{rel}","templated":true}]}}