{"id":298556,"date":"2026-07-11T07:54:11","date_gmt":"2026-07-11T07:54:11","guid":{"rendered":"https:\/\/www.europesays.com\/fi\/298556\/"},"modified":"2026-07-11T07:54:11","modified_gmt":"2026-07-11T07:54:11","slug":"wrc-kuski-heitti-piikin-tulevasta-saantouudistuksesta-rallit-fi","status":"publish","type":"post","link":"https:\/\/www.europesays.com\/fi\/298556\/","title":{"rendered":"WRC-kuski heitti piikin tulevasta s\u00e4\u00e4nt\u00f6uudistuksesta &#8211; Rallit.fi"},"content":{"rendered":"<ol>\n<li><a href=\"https:\/\/news.google.com\/rss\/articles\/CBMiggFBVV95cUxNV09tVFlUTjNHSlg5UGFqRDFPY093UHdKUFZ5d09WQm9leUZHODZXbFE2SWdiaUd1UG10UzFXQkxjTTB5VVV4bU9IeXZPbkdiYUhwX0d1RzVWQTA3Nkw1NWFkN1BmdkM2WmpxNElpdDJnUnVPd01qRXpZS2lGclIxajd3?oc=5\" target=\"_blank\" rel=\"nofollow noopener\">WRC-kuski heitti piikin tulevasta s\u00e4\u00e4nt\u00f6uudistuksesta<\/a>&nbsp;&nbsp;Rallit.fi<\/li>\n<li><a href=\"https:\/\/news.google.com\/rss\/articles\/CBMiXEFVX3lxTE9qV1d6SlBiUWRCYWdoYVd3UFE0cHFBTTFOZDNsWGRUNjVEcWVoLW1BcHc5ekhsYkRFTThyRm5ldXFFVlVtcWZfYnJpZ3U0bDFBWjNjRHU1VDliSUVR?oc=5\" target=\"_blank\" rel=\"nofollow noopener\">Tommi M\u00e4kiselt\u00e4 rajua kritiikki\u00e4 rallin MM-sarjalle \u2013 t\u00e4t\u00e4 asiaa ei sulateta: \u201dK\u00e4sitt\u00e4m\u00e4t\u00f6nt\u00e4\u201d<\/a>&nbsp;&nbsp;Ilta-Sanomat<\/li>\n<li><a href=\"https:\/\/news.google.com\/rss\/articles\/CBMixwFBVV95cUxOWl9yTVdyQ0lhVjNlalFBeWNrRnBKX3dTRWVlRTJFT1p2Z3RHSkI3Z0JOUG9sdU9mdjR2bG0yUTMyZm1vZHotREE0WDVuQzM5ellqckJXSHJTdkRnUW9nOERiWTgxcEthako0Vmcyd0JLSjh4ZVFwNTExU1ExSXVMOUxvNlNhWHUzNFNQVFo5eXlQWTBPWDdvaDJCYTE3djZjV2VDbFFmcVd0OUgzcktOTkxJeWdEbWJHbFRwWk1HZVRJTU9YZDJZ?oc=5\" target=\"_blank\" rel=\"nofollow noopener\">Thierry Neuville paljasti, mit\u00e4 h\u00e4n ehdotti Toyotalle \u2013 halusi tasoittaa l\u00e4ht\u00f6asetelmia<\/a>&nbsp;&nbsp;mtvuutiset.fi<\/li>\n<li><a href=\"https:\/\/news.google.com\/rss\/articles\/CBMibkFVX3lxTE1sMjk3V2MtQUFkOFJFazgwXzd1QXY3M21Qdk5wZmJieFR5V1BSTWlobDUwTi0tZ2N1OXNrQmhEbHRpRmJmREZmVVdfOVBEMzVTbVNqOHJfNi1XWFB4V2Y3SFJ5NTQwcmNCSGVFeEZB?oc=5\" target=\"_blank\" rel=\"nofollow noopener\">Kommentti | Rallin MM-sarja on sekasorrossa<\/a>&nbsp;&nbsp;Satakunnan Kansa<\/li>\n<li><a href=\"https:\/\/news.google.com\/rss\/articles\/CBMimwFBVV95cUxQcHcwMnNhT19tOXptTXNYMnEydjhxZU5VSWN2WGFfMmtNX0NfYVVVdHVRSnQ3cDB0N05ubEQ5NnJqdFNqaXQ3eVpSVWM3Z2lDQzA2UXBGR3RsNURMRTM3WXlnRE4tRHo4V3dOZldGd0JtQjZ0UWtockdzdlRBUG5mQmtKcTF0T2FjSURMYUUtUUFLMXpvYTBCRG5zNA?oc=5\" target=\"_blank\" rel=\"nofollow noopener\">MM-rallikonkari latasi tylyn arvion ensi kaudesta \u2013 \u201dSe on t\u00e4ysi katastrofi\u201d<\/a>&nbsp;&nbsp;Rallit.fi<\/li>\n<\/ol>\n","protected":false},"excerpt":{"rendered":"WRC-kuski heitti piikin tulevasta s\u00e4\u00e4nt\u00f6uudistuksesta&nbsp;&nbsp;Rallit.fi Tommi M\u00e4kiselt\u00e4 rajua kritiikki\u00e4 rallin MM-sarjalle \u2013 t\u00e4t\u00e4 asiaa ei sulateta: \u201dK\u00e4sitt\u00e4m\u00e4t\u00f6nt\u00e4\u201d&nbsp;&nbsp;Ilta-Sanomat Thierry&hellip;\n","protected":false},"author":2,"featured_media":298557,"comment_status":"","ping_status":"","sticky":false,"template":"","format":"standard","meta":{"footnotes":"","_share_on_mastodon":"0"},"categories":[158],"tags":[33,31,30,4319,9503,3540,9504,159,32,160],"class_list":["post-298556","post","type-post","status-publish","format-standard","has-post-thumbnail","category-urheilu","tag-fi","tag-finland","tag-finnish","tag-jon-armstrong","tag-m-sport-ford","tag-rallin-mm-sarja","tag-richard-millener","tag-sports","tag-suomi","tag-urheilu"],"share_on_mastodon":{"url":"https:\/\/pubeurope.com\/@fi\/116900270421885650","error":""},"_links":{"self":[{"href":"https:\/\/www.europesays.com\/fi\/wp-json\/wp\/v2\/posts\/298556","targetHints":{"allow":["GET"]}}],"collection":[{"href":"https:\/\/www.europesays.com\/fi\/wp-json\/wp\/v2\/posts"}],"about":[{"href":"https:\/\/www.europesays.com\/fi\/wp-json\/wp\/v2\/types\/post"}],"author":[{"embeddable":true,"href":"https:\/\/www.europesays.com\/fi\/wp-json\/wp\/v2\/users\/2"}],"replies":[{"embeddable":true,"href":"https:\/\/www.europesays.com\/fi\/wp-json\/wp\/v2\/comments?post=298556"}],"version-history":[{"count":0,"href":"https:\/\/www.europesays.com\/fi\/wp-json\/wp\/v2\/posts\/298556\/revisions"}],"wp:featuredmedia":[{"embeddable":true,"href":"https:\/\/www.europesays.com\/fi\/wp-json\/wp\/v2\/media\/298557"}],"wp:attachment":[{"href":"https:\/\/www.europesays.com\/fi\/wp-json\/wp\/v2\/media?parent=298556"}],"wp:term":[{"taxonomy":"category","embeddable":true,"href":"https:\/\/www.europesays.com\/fi\/wp-json\/wp\/v2\/categories?post=298556"},{"taxonomy":"post_tag","embeddable":true,"href":"https:\/\/www.europesays.com\/fi\/wp-json\/wp\/v2\/tags?post=298556"}],"curies":[{"name":"wp","href":"https:\/\/api.w.org\/{rel}","templated":true}]}}