{"id":29875,"date":"2025-09-09T11:29:07","date_gmt":"2025-09-09T11:29:07","guid":{"rendered":"https:\/\/www.europesays.com\/fi\/29875\/"},"modified":"2025-09-09T11:29:07","modified_gmt":"2025-09-09T11:29:07","slug":"sm-liigaseura-oli-konkurssin-partaalla-sitten-taloon-astui-mies-antti-tuiskun-taustalta","status":"publish","type":"post","link":"https:\/\/www.europesays.com\/fi\/29875\/","title":{"rendered":"SM-liigaseura oli konkurssin partaalla \u2013 Sitten taloon astui mies Antti Tuiskun taustalta"},"content":{"rendered":"<p>Jonne Kemppainen on ottanut homman haltuun Sportissa. Talousvaikeuksien kanssa painineen seuran tilanne on parantunut merkitt\u00e4v\u00e4sti.<\/p>\n<p class=\"paragraph\">\u2013 Vaasan Sport kohtaa t\u00e4ll\u00e4 hetkell\u00e4 merkitt\u00e4vi\u00e4 taloudellisia haasteita, jotka voivat vaikuttaa sen mahdollisuuksiin jatkaa Liigassa.<\/p>\n<p class=\"paragraph\">N\u00e4in Sport ilmoitti verkkosivuillaan julkaistussa <a href=\"http:\/\/vaasansport.fi\/fi-fi\/article\/uutinen\/kiitorata-uhkaa-paattya-lupaava-alku-tarvitsee-terveemman-pohjan\/7975\/\" rel=\"noopener nofollow\" target=\"_blank\">tiedotteessa<\/a> lokakuun lopussa 2024. SM-liigakautta oli ehtinyt kulua joukkueen osalta vain 16 ottelun verran.<\/p>\n<p class=\"paragraph\">Viel\u00e4 joulukuun puoliv\u00e4liss\u00e4kin Kotkasyd\u00e4n oy:n hallituksen puheenjohtaja ja Hockey-Team Vaasan Sport oy:n hallituksen j\u00e4sen <strong>Tuomas Saikkonen<\/strong> ilmoitti sosiaalisen median julkaisussaan, ett\u00e4 seura tarvitsee vuoden loppuun menness\u00e4 100\u00a0000 euroa.<\/p>\n<p class=\"paragraph\">Sportin lento n\u00e4ytti tulleen tiens\u00e4 p\u00e4\u00e4h\u00e4n. Edellisen tilikauden tilinp\u00e4\u00e4t\u00f6s oli reilut puoli miljoonaa euroa tappiollinen.<\/p>\n<p class=\"paragraph\">Sitten helmikuussa 2025 kotkapaitojen tilanteessa sattui jopa elokuvamainen k\u00e4\u00e4nne: kaikki k\u00e4\u00e4ntyi yht\u00e4kki\u00e4 paremmaksi.<\/p>\n<p>Kemppainen pelasti<\/p>\n<p class=\"paragraph\">Sport avasi osakeannin helmikuussa 2023. Sill\u00e4 on ollut merkitt\u00e4vi\u00e4 vaikutuksia talousongelmien kanssa painivalle seuralle.<\/p>\n<p class=\"paragraph\">Peliliike on tuottanut Vaasan kiekkoylpeydelle noin 900\u00a0000 euroa. Lis\u00e4ksi Sport sai helmikuussa neuvoteltua anteeksi<strong> <\/strong>noin 1,8 miljoonan euron suuruiset pitk\u00e4aikaiset velat, Kemppainen vahvistaa.<\/p>\n<p class=\"paragraph\">Sportin j\u00e4ttivelat koostuivat yksityishenkil\u00f6iden veloista ja kuntayhtym\u00e4n halliveloista. Kun halliremonttiin tehdyt investoinnit siirtyiv\u00e4t kuntayhtym\u00e4lle, lainat kuitattiin.<\/p>\n<p class=\"paragraph\">\u2013 N\u00e4ill\u00e4 toimenpiteill\u00e4 vahvistamme merkitt\u00e4v\u00e4sti meid\u00e4n p\u00e4\u00e4omaamme ja tasetta. Seura on nyt talousluvuiltaan paremmassa kunnossa kuin vuosikausiin, Sportin toimitusjohtaja <strong>Jonne Kemppainen<\/strong> kommentoi <a href=\"https:\/\/www.hs.fi\/urheilu\/art-2000011011163.html\" rel=\"noopener nofollow\" target=\"_blank\">Helsingin Sanomille<\/a> helmikuussa.<\/p>\n<p>Viime kausi oli menestys Vaasassa. Pasi Suokko \/ AOP<\/p>\n<p class=\"paragraph\">Vaikka Sport ei viel\u00e4k\u00e4\u00e4n ole \u201dkuivilla\u201d, nyt sill\u00e4 on tilaa hengitt\u00e4\u00e4.<\/p>\n<p class=\"paragraph\">Kemppainen on ollut t\u00e4ysty\u00f6llistetty siit\u00e4 l\u00e4htien, kun h\u00e4n saapui Sportin toimitusjohtajaksi. Mies ei kuitenkaan tullut kylmilt\u00e4\u00e4n kotkaparven aurayksil\u00f6ksi, vaan h\u00e4n ty\u00f6skenteli seurassa kuukausia markkinointijohtajana ennen astumistaan toimitusjohtajan saappaisiin.<\/p>\n<p class=\"paragraph\">Kemppainen on ty\u00f6skennellyt Sportin toimitusjohtajana vain puolitoista vuotta, mutta h\u00e4n on muuttanut seuran suunnan l\u00e4hes t\u00e4ysin.<\/p>\n<p>Kohun keskell\u00e4<\/p>\n<p class=\"paragraph\">Vaikka Kemppainen on tuonut vaasalaisseuraan aimo annoksen positiivista energiaa ja uusia tuulia, ei h\u00e4nen johtamansa kotkaparvi ole v\u00e4lttynyt turbulenssilta.<\/p>\n<p class=\"paragraph\">Sport julkaisi 12. huhtikuuta pelaajasopimuksen, jota h\u00e4mm\u00e4steltiin. Seura tiedotti tehneens\u00e4 raiskauksesta tuomitun <strong>Topi R\u00f6nnin<\/strong>, 21, kanssa kaksivuotisen sopimuksen.<\/p>\n<p class=\"paragraph\">Helsingin k\u00e4r\u00e4j\u00e4oikeus tuomitsi maaliskuussa 2024 R\u00f6nnin yhden vuoden ehdolliseen vankeusrangaistukseen nuorena henkil\u00f6n\u00e4 tehdyst\u00e4 raiskauksesta.<\/p>\n<p class=\"paragraph\">Palkkaus ja sit\u00e4 seurannut mediamylly toivat arvokasta kokemusta yh\u00e4 tuoreelle SM-liigapomolle.<\/p>\n<p class=\"paragraph\">\u2013 Kokemus oli opettavainen ja tietyll\u00e4 tavalla laajensi ymm\u00e4rryst\u00e4 asioista. Tuli t\u00e4llainen puheenaihe, joka selv\u00e4sti puhutti muitakin kuin vain meid\u00e4n faneja ja faniyhteis\u00f6\u00e4. Tiivist\u00e4isin t\u00e4m\u00e4n niin, ett\u00e4 matka on ollut opettavainen.<\/p>\n<p>Tuiskun taustalla<\/p>\n<p class=\"paragraph\">Sport-pesti l\u00e4v\u00e4hti kuopiolaistaustaisen miehen eteen yll\u00e4tt\u00e4en.<\/p>\n<p class=\"paragraph\">\u2013 Sain Vaasasta silloiselta puheenjohtajalta <strong>Heikki Hiltuselta<\/strong> puhelun, jossa h\u00e4n kysyi minua t\u00e4nne. Toimin tuolloin Warner Musicilla, jossa vastasin livetapahtumien kaupallisesta toiminnasta, Kemppainen kertoi kev\u00e4\u00e4ll\u00e4.<\/p>\n<p class=\"paragraph\">Kemppainen vastasi muun muassa <strong>Antti Tuiskun<\/strong> kiertue- ja stadionkonserttien kaupallisista kumppanuuksista. Hiltusen puhelu tuli oivaan saumaan, sill\u00e4 Tuisku oli siirtym\u00e4ss\u00e4 artistiurallaan m\u00e4\u00e4rittelem\u00e4tt\u00f6m\u00e4lle tauolle.<\/p>\n<p class=\"paragraph\">Kemppainen mietti p\u00e4\u00e4t\u00f6st\u00e4 nelisen p\u00e4iv\u00e4\u00e4. T\u00e4m\u00e4n j\u00e4lkeen h\u00e4n ilmoitti ottavansa paikan vastaan.<\/p>\n<p class=\"paragraph\">\u2013 Se oli minulle hyppy tuntemattomaan. Tunsin Vaasasta yhden ihmisen ennen t\u00e4nne muuttoa.<\/p>\n<p class=\"paragraph\">Kun Kemppainen saapui Vaasaan ja otti organisaation komentoonsa, h\u00e4n selvitti ensi t\u00f6ikseen, mit\u00e4 Sport merkitsee alueellisesti.<\/p>\n<p class=\"paragraph\">L\u00e4ht\u00f6kohta ei ollut helppo, sill\u00e4 urheilullinen menestys on karttanut vaasalaisia.<\/p>\n<p class=\"paragraph\">\u2013 Alla oli raskas kausi, kun pelaajia myytiin s\u00e4\u00e4st\u00f6toimenpiteen\u00e4. Bisneksen n\u00e4k\u00f6kulmasta myynnit olivat ainoa oikea p\u00e4\u00e4t\u00f6s. Kannattajille se on ep\u00e4luottamuslause. K\u00e4vin t\u00e4h\u00e4n aiheeseen liittyv\u00e4\u00e4 keskustelua fanien, yhteisty\u00f6kumppanien ja ulkopuolistenkin kanssa.<\/p>\n<p>Atro Lepp\u00e4sen myymisell\u00e4 spekuloitiin pitk\u00e4\u00e4n. Sport piti kuitenkin kiinni t\u00e4hdest\u00e4\u00e4n. Puolustaja voitti lopulta koko pistep\u00f6rssin. Pasi Suokko \/ AOP<\/p>\n<p class=\"paragraph\">Viime kausi oli Sportille hieno onnistuminen my\u00f6s urheilullisesti, kun joukkue eteni historiallisesti kahdeksan parhaan joukkoon.<\/p>\n<p class=\"paragraph\">Kemppainen on eritt\u00e4in tyytyv\u00e4inen, ett\u00e4 seura teki kaukalossakin ryhtiliikkeen.<\/p>\n<p class=\"paragraph\">\u2013 Olen todella onnellinen yhteis\u00f6n puolesta. T\u00e4\u00e4ll\u00e4 on ihmisi\u00e4, jotka odottivat kymmenen vuotta n\u00e4it\u00e4 pelej\u00e4. T\u00e4m\u00e4 ei isossa kuvassa ollut Suomen mestaruus, mutta pudotuspelisarjan voittoa oli odotettu pitk\u00e4\u00e4n. Koska seuraa on vuosien saatossa kritisoitu paljon menestym\u00e4tt\u00f6myydest\u00e4, huomasi, ett\u00e4 t\u00e4m\u00e4 oli organisaatiolle henkisesti iso juttu.<\/p>\n<p>Valoisa tulevaisuus<\/p>\n<p class=\"paragraph\">Sport-pamppu n\u00e4kee, ett\u00e4 Vaasassa ja Pohjanmaalla on varaa kasvaa.<\/p>\n<p class=\"paragraph\">\u2013 Pohjanmaa on alueena aika vauras. T\u00e4\u00e4ll\u00e4 on hyv\u00e4t mahdollisuudet kannattavan urheilutoiminnan py\u00f6ritt\u00e4miseen.<\/p>\n<p class=\"paragraph\">Nyt seuran tilanne n\u00e4ytt\u00e4\u00e4 paremmalta kuin kenties koskaan.<\/p>\n<p class=\"paragraph\">Sport <a href=\"https:\/\/vaasansport.fi\/fi-fi\/article\/uutinen\/vaasan-sport-teki-huiman-tulosparannuksen-liikevaihto-kasvoi-yli-18-miljoonaa-euroa\/8401\/\" rel=\"noopener nofollow\" target=\"_blank\">tiedotti<\/a> elokuun puoliv\u00e4liss\u00e4, ett\u00e4 liikevaihto kasvoi yli 1,8 miljoonaa euroa. Kasvu on merkitt\u00e4v\u00e4.<\/p>\n<p class=\"paragraph\">Liiketoiminnan tulos oli 81\u00a0836 euroa voitollinen. Kaudella 2023\u201324 se oli yli puoli miljoonaa euroa tappiollinen.<\/p>\n<p class=\"paragraph\">Sportin tulevaisuudenn\u00e4kym\u00e4t n\u00e4yttiv\u00e4t hyvilt\u00e4 jo viime kauden lopussa.<\/p>\n<p class=\"paragraph\">\u2013 Tilanne on parempi kuin vuosi sitten. Olemme ottaneet edistysaskelia kauden mittaan. Kuitenkin kassan kanssa painimme edelleen. Ei kurssia t\u00e4ysin vuodessa k\u00e4\u00e4nnet\u00e4. Kehityksen kanssa on oltava k\u00e4rsiv\u00e4llinen. Suunta on kuitenkin hyv\u00e4, Kemppainen sanoi viime kauden pudotuspelien aikana.<\/p>\n<p class=\"paragraph\">Kemppaisen johtamistyyli\u00e4 ohjaa asenne, jonka mukaan h\u00e4n pyrkii rakentamaan seurasta paikan, jollaisessa itse unelmoisi pelaavansa.<\/p>\n<p class=\"paragraph\">Mies osaa asettua urheilijan asemaan, sill\u00e4 h\u00e4nell\u00e4 on itsekin huippu-urheilutausta. Kemppainen voitti pes\u00e4pallon Suomen mestaruuden syksyll\u00e4 2018 Joensuun Mailassa.<\/p>\n<p class=\"paragraph\">\u2013 Urheilijan sielunmaisema on kutakuinkin sama \u2013 lainalaisuudet ovat samat lajista riippumatta ja yhteis\u00f6ss\u00e4 ymm\u00e4rt\u00e4\u00e4 my\u00f6s seuran hierarkian. Kun on urheilu-ura taustalla, ehk\u00e4 huomaa my\u00f6s paremmin, mit\u00e4 urheilijat itse arvostavat.<\/p>\n<p class=\"paragraph\">Kemppainen toimi my\u00f6hemmin my\u00f6s Joensuun Mailan taustayhti\u00f6n Super-Joma oy:n toimitusjohtajana.<\/p>\n<p class=\"paragraph\">J\u00e4\u00e4kiekkokausi 2024\u201325 oli Sportille j\u00e4\u00e4n tason toiminnassa menestys tuskaisiin edelliskausiin suhteutettuna.<\/p>\n<p class=\"paragraph\">Sport ylsi ensimm\u00e4ist\u00e4 kertaa seuran historiassa puoliv\u00e4lier\u00e4vaiheeseen, kun se kaatoi uusitun pudotuspelij\u00e4rjestelm\u00e4n ensimm\u00e4isell\u00e4 kierroksella tulikuuman KooKoon voitoin 3\u20131.<\/p>\n<p class=\"paragraph\">J\u00e4\u00e4n ulkopuolellakin tilanne on parempi kuin kenties koskaan.<\/p>\n<p class=\"paragraph\">\u2013 T\u00e4m\u00e4 on yksi v\u00e4lietappi, ei miss\u00e4\u00e4n nimess\u00e4 p\u00e4\u00e4tepys\u00e4kki. Meill\u00e4 on pitk\u00e4n aikav\u00e4lin suunnitelmat, joita toteutamme. Matka on kesken ja katse tiukasti tulevassa, Kemppainen p\u00e4\u00e4tt\u00e4\u00e4.<\/p>\n<p>Jonne Kemppainen on ollut arvokas lis\u00e4 Sport-perheeseen. Aki-Petteri Pulkkinen<\/p>\n","protected":false},"excerpt":{"rendered":"Jonne Kemppainen on ottanut homman haltuun Sportissa. Talousvaikeuksien kanssa painineen seuran tilanne on parantunut merkitt\u00e4v\u00e4sti. \u2013 Vaasan Sport&hellip;\n","protected":false},"author":2,"featured_media":29876,"comment_status":"","ping_status":"","sticky":false,"template":"","format":"standard","meta":{"footnotes":""},"categories":[158],"tags":[35,33,31,30,1143,5435,41,159,4686,32,160,161],"class_list":{"0":"post-29875","1":"post","2":"type-post","3":"status-publish","4":"format-standard","5":"has-post-thumbnail","7":"category-urheilu","8":"tag-24h","9":"tag-fi","10":"tag-finland","11":"tag-finnish","12":"tag-jaakiekko","13":"tag-jaakiekon-miesten-sm-liiga","14":"tag-liikunta-ja-urheilu","15":"tag-sports","16":"tag-suomen-jaakiekko","17":"tag-suomi","18":"tag-urheilu","19":"tag-urheilutapahtumat"},"share_on_mastodon":{"url":"","error":""},"_links":{"self":[{"href":"https:\/\/www.europesays.com\/fi\/wp-json\/wp\/v2\/posts\/29875","targetHints":{"allow":["GET"]}}],"collection":[{"href":"https:\/\/www.europesays.com\/fi\/wp-json\/wp\/v2\/posts"}],"about":[{"href":"https:\/\/www.europesays.com\/fi\/wp-json\/wp\/v2\/types\/post"}],"author":[{"embeddable":true,"href":"https:\/\/www.europesays.com\/fi\/wp-json\/wp\/v2\/users\/2"}],"replies":[{"embeddable":true,"href":"https:\/\/www.europesays.com\/fi\/wp-json\/wp\/v2\/comments?post=29875"}],"version-history":[{"count":0,"href":"https:\/\/www.europesays.com\/fi\/wp-json\/wp\/v2\/posts\/29875\/revisions"}],"wp:featuredmedia":[{"embeddable":true,"href":"https:\/\/www.europesays.com\/fi\/wp-json\/wp\/v2\/media\/29876"}],"wp:attachment":[{"href":"https:\/\/www.europesays.com\/fi\/wp-json\/wp\/v2\/media?parent=29875"}],"wp:term":[{"taxonomy":"category","embeddable":true,"href":"https:\/\/www.europesays.com\/fi\/wp-json\/wp\/v2\/categories?post=29875"},{"taxonomy":"post_tag","embeddable":true,"href":"https:\/\/www.europesays.com\/fi\/wp-json\/wp\/v2\/tags?post=29875"}],"curies":[{"name":"wp","href":"https:\/\/api.w.org\/{rel}","templated":true}]}}