{"id":298813,"date":"2026-07-11T16:16:12","date_gmt":"2026-07-11T16:16:12","guid":{"rendered":"https:\/\/www.europesays.com\/fi\/298813\/"},"modified":"2026-07-11T16:16:12","modified_gmt":"2026-07-11T16:16:12","slug":"elimakelaismiehet-ovat-tehneet-tuulihaukan-rengastuksia-kymmenia-vuosia-paikalliset","status":"publish","type":"post","link":"https:\/\/www.europesays.com\/fi\/298813\/","title":{"rendered":"Elim\u00e4kel\u00e4ismiehet ovat tehneet tuulihaukan rengastuksia kymmeni\u00e4 vuosia | Paikalliset"},"content":{"rendered":"<p>Peltojen pieni petolintu oli jo katoamassa, mutta nyt Elim\u00e4en pesiss\u00e4 on enn\u00e4tysm\u00e4\u00e4r\u00e4 tuulihaukan poikasia.<\/p>\n<p>Just otit kuvan, kun t\u00e4m\u00e4 puraisi mua, naurahtaa tikkailla <strong>Jouni Sihvonen<\/strong>, joka on rengastamassa tuulihaukan poikasia Elim\u00e4en Huitilassa kes\u00e4kuun lopulla. H\u00e4n mittaa samalla linnun ja kertoo numerot maassa muistiinpanoja tekev\u00e4lle <strong>Jouni Revolle<\/strong>.<\/p>\n","protected":false},"excerpt":{"rendered":"Peltojen pieni petolintu oli jo katoamassa, mutta nyt Elim\u00e4en pesiss\u00e4 on enn\u00e4tysm\u00e4\u00e4r\u00e4 tuulihaukan poikasia. Just otit kuvan, kun&hellip;\n","protected":false},"author":2,"featured_media":298814,"comment_status":"","ping_status":"","sticky":false,"template":"","format":"standard","meta":{"footnotes":"","_share_on_mastodon":"0"},"categories":[117],"tags":[404,33,31,30,72,3200,476,785,118,591,32,119,477,534],"class_list":["post-298813","post","type-post","status-publish","format-standard","has-post-thumbnail","category-luonto","tag-elaimet","tag-fi","tag-finland","tag-finnish","tag-luonto","tag-metsa","tag-nature","tag-nisakkaat","tag-science","tag-selkarankaiset","tag-suomi","tag-tiede","tag-wildlife","tag-ymparisto-ja-luonto"],"share_on_mastodon":{"url":"https:\/\/pubeurope.com\/@fi\/116902244053883382","error":""},"_links":{"self":[{"href":"https:\/\/www.europesays.com\/fi\/wp-json\/wp\/v2\/posts\/298813","targetHints":{"allow":["GET"]}}],"collection":[{"href":"https:\/\/www.europesays.com\/fi\/wp-json\/wp\/v2\/posts"}],"about":[{"href":"https:\/\/www.europesays.com\/fi\/wp-json\/wp\/v2\/types\/post"}],"author":[{"embeddable":true,"href":"https:\/\/www.europesays.com\/fi\/wp-json\/wp\/v2\/users\/2"}],"replies":[{"embeddable":true,"href":"https:\/\/www.europesays.com\/fi\/wp-json\/wp\/v2\/comments?post=298813"}],"version-history":[{"count":0,"href":"https:\/\/www.europesays.com\/fi\/wp-json\/wp\/v2\/posts\/298813\/revisions"}],"wp:featuredmedia":[{"embeddable":true,"href":"https:\/\/www.europesays.com\/fi\/wp-json\/wp\/v2\/media\/298814"}],"wp:attachment":[{"href":"https:\/\/www.europesays.com\/fi\/wp-json\/wp\/v2\/media?parent=298813"}],"wp:term":[{"taxonomy":"category","embeddable":true,"href":"https:\/\/www.europesays.com\/fi\/wp-json\/wp\/v2\/categories?post=298813"},{"taxonomy":"post_tag","embeddable":true,"href":"https:\/\/www.europesays.com\/fi\/wp-json\/wp\/v2\/tags?post=298813"}],"curies":[{"name":"wp","href":"https:\/\/api.w.org\/{rel}","templated":true}]}}