{"id":298839,"date":"2026-07-11T17:07:17","date_gmt":"2026-07-11T17:07:17","guid":{"rendered":"https:\/\/www.europesays.com\/fi\/298839\/"},"modified":"2026-07-11T17:07:17","modified_gmt":"2026-07-11T17:07:17","slug":"conor-mcgregorista-jysahti-hurja-steroidivaite-kiusallinen-tilanne-paluuottelun-alla","status":"publish","type":"post","link":"https:\/\/www.europesays.com\/fi\/298839\/","title":{"rendered":"Conor McGregorista jys\u00e4hti hurja steroidiv\u00e4ite \u2013 Kiusallinen tilanne paluuottelun alla"},"content":{"rendered":"<p>Conor McGregor palaa vapaaotteluh\u00e4kkiin. Sit\u00e4 on monen vaikea uskoa.<\/p>\n<p><img decoding=\"async\" class=\"image image-show image-preview\" src=\"https:\/\/www.europesays.com\/fi\/wp-content\/uploads\/2026\/07\/1aff5b77d6847d7f92bfcd2ec072c7ec0f32c3bc80690522e672da9efa725961.jpg\" alt=\"\"\/><img decoding=\"async\" class=\"image image-show\" src=\"https:\/\/www.europesays.com\/fi\/wp-content\/uploads\/2026\/07\/1783789637_301_1aff5b77d6847d7f92bfcd2ec072c7ec0f32c3bc80690522e672da9efa725961.jpg\" alt=\"\"\/><\/p>\n<p>Conor McGregor vaatii huomiota, mutta UFC ei ole vastannut huutoon. ZumaWire \/ MVPHOTOS<\/p>\n<p class=\"paragraph\"><strong>Conor McGregorin<\/strong>, 37, pit\u00e4isi otella viikonloppuna <strong>Max Hollowayta<\/strong>, 34, vastaan UFC:n illassa. Monikaan ei silti usko McGregorin paluuseen ennen kuin miehet on oikeasti saatu oktagoniin ja h\u00e4kin ovi on suljettu.<\/p>\n<p class=\"paragraph\">Miksi? Koska McGregorista on tullut t\u00e4ysin ennalta-arvaamaton julkisuuden henkil\u00f6.<\/p>\n<p class=\"paragraph\">Koko Las Vegasin otteluilta vaikuttaa UFC:nkin n\u00e4k\u00f6kulmasta kiusalliselta juuri McGregorin takia.<\/p>\n<p class=\"paragraph\">\u2013\u2009Ennakkohype on ollut yll\u00e4tt\u00e4v\u00e4n laimeaa. T\u00e4ss\u00e4 paistaa sellainen molemminpuolinen luottamuspula. UFC on varmasti kypsynyt McGregorin t\u00f6pp\u00e4ilyihin ja McGregor puolestaan haluaa lis\u00e4\u00e4 julkisuutta ja rahaa, Iltalehden asiantuntija <strong>Jaakko Dahlbacka<\/strong> sanoo.<\/p>\n<p class=\"paragraph\">Jopa UFC itse tuntuu tiedostavan, ett\u00e4 on turha yritt\u00e4\u00e4 myyd\u00e4 parhaat p\u00e4iv\u00e4ns\u00e4 n\u00e4hnytt\u00e4 dieselmaasturia s\u00e4hk\u00f6autoista vieh\u00e4ttyneille kuluttajille.<\/p>\n<p class=\"paragraph\">Viaplay myy \u2013 tai joutuu myym\u00e4\u00e4n \u2013 UFC-iltaa 60 euron PPV-hinnalla.<\/p>\n<p class=\"paragraph\">Koko homma tuntuu ved\u00e4tykselt\u00e4.<\/p>\n<p class=\"paragraph\">Miten t\u00e4h\u00e4n ollaan p\u00e4\u00e4dytty?<\/p>\n<p>K\u00e4yttik\u00f6 vai ei?<\/p>\n<p>N\u00e4in Conor McGregor poistui areenalta viime kerralla, tasan viisi vuotta sitten. AOP<\/p>\n<p class=\"paragraph\">McGregor on kiistatta UFC-historian merkitt\u00e4vin yksitt\u00e4inen urheilija. H\u00e4nen ansiostaan The Ultimate Fighting Championship -vapaaottelupromootiosta tuli toden teolla globaali urheilubisnes.<\/p>\n<p class=\"paragraph\">Sittemmin irlantilainen n\u00e4ytt\u00e4\u00e4 menett\u00e4neen el\u00e4m\u00e4nhallintansa. Maasturi on ajautunut tielt\u00e4 ulos, t\u00f6rm\u00e4nnyt puusta toiseen ja mennyt nurinkin. Harva uskoo, ett\u00e4 siit\u00e4 saa en\u00e4\u00e4 toimivaa peli\u00e4.<\/p>\n<p class=\"paragraph\">Viime p\u00e4ivien uutiset l\u00f6iv\u00e4t viel\u00e4 synkemm\u00e4n varjon irlantilaisen vapaaottelijan ylle. <a href=\"https:\/\/www.nytimes.com\/2026\/07\/08\/sports\/conor-mcgregor-banned-drugs-injury.html\" target=\"_blank\" rel=\"noopener nofollow\">New York Times<\/a> (NYT) julkaisi jo toisen pitk\u00e4n artikkelin, jossa McGregorin v\u00e4itettiin k\u00e4ytt\u00e4neen kiellettyj\u00e4 aineita. Alkuvuodesta julkaistussa jutussa NYT kertoi l\u00e4hteidens\u00e4 pohjalta, ett\u00e4 McGregor kuntoutti jalkaansa aiemmin anabolisten steroidien ja kasvuhormonin avulla.<\/p>\n<p class=\"paragraph\">McGregor mursi jalkansa <strong>Dustin Poirieria<\/strong> vastaan k\u00e4ydyss\u00e4 ottelussa kes\u00e4ll\u00e4 2021. Tuo viiden vuoden takainen ottelu on viimeisin kerta, kun McGregor on n\u00e4hty h\u00e4kiss\u00e4.<\/p>\n<p class=\"paragraph\">Pari p\u00e4iv\u00e4\u00e4 sitten NYT julkaisi jatkojutun. Uusien tietojen mukaan McGregor olisi jatkanut kiellettyjen aineiden k\u00e4ytt\u00f6\u00e4 jopa kaksi vuotta jalkansa kuntouttamisen j\u00e4lkeen, \u201dkoska ne antoivat hyv\u00e4\u00e4 energiaa tekemiseen\u201d.<\/p>\n<p class=\"paragraph\">Samaan aikaan McGregor ei kuulunut UFC:n testausohjelmaan.<\/p>\n<p class=\"paragraph\">McGregor ja h\u00e4nen tiimins\u00e4 ovat kiist\u00e4neet jyrk\u00e4sti NYT:n v\u00e4itteet. Viime lokakuussa McGregor kuitenkin tuomittiin 18 kuukauden kilpailukieltoon dopingrikkomuksesta. H\u00e4n v\u00e4ltteli testiin joutumista kolmesti vuoden 2024 aikana.<\/p>\n<p>Synkk\u00e4 vuosi<\/p>\n<p class=\"paragraph\">Vuosi 2024 oli McGregorinkin mittapuulla poikkeuksellisen tapahtumarikas.<\/p>\n<p class=\"paragraph\">H\u00e4net n\u00e4htiin hieman yll\u00e4tt\u00e4en The Ultimate Fighter -ohjelman toisena valmentajana. Kauden piti huipentua h\u00e4nen ja <strong>Michael Chandlerin<\/strong> kohtaamiseen kes\u00e4kuun lopussa 2024.<\/p>\n<p class=\"paragraph\">Kolme viikkoa ennen ottelua McGregor perui ensin mediatilaisuutensa ja ilmoitti sitten vet\u00e4ytyv\u00e4ns\u00e4 ottelusta varvasvamman takia.<\/p>\n<p class=\"paragraph\">Saman vuoden marraskuussa <a href=\"https:\/\/www.iltalehti.fi\/kamppailulajit\/04f51353-08cd-4d21-a066-ddc8a20bb72e\" rel=\"nofollow noopener\" target=\"_blank\">McGregor tuomittiin Dublinin siviilioikeudessa<\/a> <strong>Nikita Handin<\/strong> raiskauksesta. Ihaillun supert\u00e4hden aura alkoi sen my\u00f6t\u00e4 tuhoutua lopullisesti jopa h\u00e4nen kotimaassaan.<\/p>\n<p class=\"paragraph\">McGregor my\u00f6nsi harrastaneensa seksi\u00e4 Handin kanssa joulukuussa 2018, mutta kiisti raiskaussyytteen loppuun asti. Uhriksi joutunut Hand otti ison riskin, koska syyte oli ehtinyt jo kaatua Irlannin rikostuomioistuimessa, mutta h\u00e4n p\u00e4\u00e4tti silti vied\u00e4 asian siviilioikeuteen.<\/p>\n<p>N\u00e4in pit\u00e4isi k\u00e4yd\u00e4<\/p>\n<p>Max Holloway on ottelun hyvis, McGregor puolestaan pahis. ZumaWire \/ MVPHOTOS<\/p>\n<p class=\"paragraph\">Holloway ja McGregor kohtasivat toisensa ensimm\u00e4isen kerran vuonna 2013. Silloin molemmat olivat vasta nousemassa kohti suuruudenp\u00e4ivi\u00e4\u00e4n.<\/p>\n<p class=\"paragraph\">Havaijilaisen, erinomaisena ly\u00f6j\u00e4n\u00e4 tunnetun Hollowayn maine on kunnossa ja h\u00e4n nauttii hyv\u00e4n j\u00e4tk\u00e4n mainetta. Siksi moni toivoo McGregorille kivuliasta tappiota.<\/p>\n<p class=\"paragraph\">Ottelun erikoisuus on kuitenkin se, ett\u00e4 tietojen mukaan McGregor sai sanella painoluokan. Matsi k\u00e4yd\u00e4\u00e4n 77,1-kiloisissa eli yhden sarjan ylemp\u00e4n\u00e4 kuin Holloway on tottunut matsaamaan.<\/p>\n<p class=\"paragraph\">\u2013\u2009Painoluokan vaikutus on ehk\u00e4 t\u00e4m\u00e4n ottelun ainoa urheilullinen kuriositeetti, jota voidaan spekuloida etuk\u00e4teen. McGregor on kuitenkin otellut t\u00e4ss\u00e4 sarjassa aiemmin. Hollowaykaan ei pieni j\u00e4tk\u00e4 ole, Dahlbacka pohtii.<\/p>\n<p class=\"paragraph\">\u2013\u2009Mutta Conor on aina yli-itsevarma, nopea ja freesi heti alussa. Varmasti h\u00e4n my\u00f6s aikoo hy\u00f6dynt\u00e4\u00e4 sit\u00e4.<\/p>\n<p class=\"paragraph\">McGregorin ennalta-arvaamattomuus voikin luoda matsista \u201dtylsemm\u00e4n\u201d kuin jotkut toivoisivat.<\/p>\n<p class=\"paragraph\">\u2013\u2009Hollowayn kannattaa nimenomaan l\u00e4hte\u00e4 ottelemaan t\u00e4yden otteluajan ajatuksella. Pit\u00e4isi yritt\u00e4\u00e4 v\u00e4sytt\u00e4\u00e4 McGregoria ja odottaa, ett\u00e4 h\u00e4nen tasonsa tippuu matsin aikana.<\/p>\n<p class=\"paragraph\">Dahlbacka ei usko McGregorin voittoon, vaikka kulunut vuosi on tarjonnut isoja yll\u00e4tyksi\u00e4 UFC:n puolella.<\/p>\n<p class=\"paragraph\">\u2013\u2009Tilastollisesti UFC:ss\u00e4 altavastaaja voittaa kerran kolmesta. Olisi silti \u00e4lyllisesti laiskaa romantisoida t\u00e4st\u00e4 McGregorin voittoa, kun pit\u00e4\u00e4 k\u00e4sitell\u00e4 t\u00e4t\u00e4 urheilullisten ja todistettavissa olevien n\u00e4ytt\u00f6jen pohjalta. Kaikki puhuu McGregoria vastaan.<\/p>\n","protected":false},"excerpt":{"rendered":"Conor McGregor palaa vapaaotteluh\u00e4kkiin. Sit\u00e4 on monen vaikea uskoa. Conor McGregor vaatii huomiota, mutta UFC ei ole vastannut&hellip;\n","protected":false},"author":2,"featured_media":298840,"comment_status":"","ping_status":"","sticky":false,"template":"","format":"standard","meta":{"footnotes":"","_share_on_mastodon":"0"},"categories":[5],"tags":[35,22,23,26,27,33,31,30,17,3844,24,25,41,28,29,15,4775,18,21,32,19,20,8503,16,4455],"class_list":["post-298839","post","type-post","status-publish","format-standard","has-post-thumbnail","category-otsikot","tag-24h","tag-breaking-news","tag-breakingnews","tag-featured-news","tag-featurednews","tag-fi","tag-finland","tag-finnish","tag-headlines","tag-kamppailu-urheilu","tag-latest-news","tag-latestnews","tag-liikunta-ja-urheilu","tag-main-news","tag-mainnews","tag-news","tag-nyrkkeilijat","tag-otsikot","tag-paauutiset","tag-suomi","tag-top-stories","tag-topstories","tag-ultimate-fighting-championship","tag-uutiset","tag-vapaaottelu"],"share_on_mastodon":{"url":"https:\/\/pubeurope.com\/@fi\/116902444829542069","error":""},"_links":{"self":[{"href":"https:\/\/www.europesays.com\/fi\/wp-json\/wp\/v2\/posts\/298839","targetHints":{"allow":["GET"]}}],"collection":[{"href":"https:\/\/www.europesays.com\/fi\/wp-json\/wp\/v2\/posts"}],"about":[{"href":"https:\/\/www.europesays.com\/fi\/wp-json\/wp\/v2\/types\/post"}],"author":[{"embeddable":true,"href":"https:\/\/www.europesays.com\/fi\/wp-json\/wp\/v2\/users\/2"}],"replies":[{"embeddable":true,"href":"https:\/\/www.europesays.com\/fi\/wp-json\/wp\/v2\/comments?post=298839"}],"version-history":[{"count":0,"href":"https:\/\/www.europesays.com\/fi\/wp-json\/wp\/v2\/posts\/298839\/revisions"}],"wp:featuredmedia":[{"embeddable":true,"href":"https:\/\/www.europesays.com\/fi\/wp-json\/wp\/v2\/media\/298840"}],"wp:attachment":[{"href":"https:\/\/www.europesays.com\/fi\/wp-json\/wp\/v2\/media?parent=298839"}],"wp:term":[{"taxonomy":"category","embeddable":true,"href":"https:\/\/www.europesays.com\/fi\/wp-json\/wp\/v2\/categories?post=298839"},{"taxonomy":"post_tag","embeddable":true,"href":"https:\/\/www.europesays.com\/fi\/wp-json\/wp\/v2\/tags?post=298839"}],"curies":[{"name":"wp","href":"https:\/\/api.w.org\/{rel}","templated":true}]}}