{"id":299009,"date":"2026-07-11T22:21:16","date_gmt":"2026-07-11T22:21:16","guid":{"rendered":"https:\/\/www.europesays.com\/fi\/299009\/"},"modified":"2026-07-11T22:21:16","modified_gmt":"2026-07-11T22:21:16","slug":"nigeriassa-pelastettiin-40-siepattua-lasta-koululaiset-olivat-vankeina-lahes-kaksi-kuukautta-uutisia-lyhyesti","status":"publish","type":"post","link":"https:\/\/www.europesays.com\/fi\/299009\/","title":{"rendered":"Nigeriassa pelastettiin 40 siepattua lasta, koululaiset olivat vankeina l\u00e4hes kaksi kuukautta | Uutisia lyhyesti"},"content":{"rendered":"<p class=\"aw__sc-1qwuw0s-0 aw__sc-ngllmo-0 epAWpq fzYpjk yle__article__paragraph\">Turvallisuusjoukot ovat pelastaneet vankeudesta 40 koululaista Oyon osavaltiossa lounaisessa Nigeriassa.<\/p>\n<p class=\"aw__sc-1qwuw0s-0 aw__sc-ngllmo-0 epAWpq fzYpjk yle__article__paragraph\">Lapset olivat olleet vankeudessa l\u00e4hes kaksi kuukautta. Heid\u00e4t siepattiin kolmesta eri koulusta.<\/p>\n<p class=\"aw__sc-1qwuw0s-0 aw__sc-ngllmo-0 epAWpq fzYpjk yle__article__paragraph\">My\u00f6s koulujen henkil\u00f6kuntaa otettiin vangeiksi.<\/p>\n<p class=\"aw__sc-1qwuw0s-0 aw__sc-ngllmo-0 epAWpq fzYpjk yle__article__paragraph\">Toistaiseksi on ep\u00e4selv\u00e4\u00e4, keit\u00e4 sieppaajat olivat. Joukkion ep\u00e4ill\u00e4\u00e4n kuuluvan \u00e4\u00e4ri-islamilaisiin ryhmiin. Sieppaajien oli ilmeisesti tarkoitus vaihtaa koululaisia Nigerian armeijan vankeina pit\u00e4miin sotap\u00e4\u00e4llik\u00f6ihin,<\/p>\n<p class=\"aw__sc-1qwuw0s-0 aw__sc-ngllmo-0 epAWpq fzYpjk yle__article__paragraph\">Oyon osavaltio on yksi Nigerian v\u00e4kirikkaimpia alueita. Osavaltion keskus Ibadan on t\u00e4rke\u00e4 koulukaupunki.<\/p>\n<p class=\"aw__sc-1qwuw0s-0 aw__sc-ngllmo-0 epAWpq fzYpjk yle__article__paragraph\">Eniten julkisuutta sai vuonna 2014 tapahtunut sieppaus Bornon osavaltiossa koillisessa Nigeriassa. \u00c4\u00e4ri-islamistinen Boko Haram sieppasi 276 tytt\u00f6\u00e4 lukion asuntolasta. Viitisenkymment\u00e4 tytt\u00f6\u00e4 onnistui pakenemaan heti. Yli sata tytt\u00f6\u00e4 on edelleen kateissa. Siepattuja on tiett\u00e4v\u00e4sti pakotettu naimisiin tai orjaty\u00f6h\u00f6n Boko Haramin j\u00e4senten kanssa.<\/p>\n<p class=\"aw__sc-1qwuw0s-0 aw__sc-ngllmo-0 epAWpq fzYpjk yle__article__paragraph\">Reuters<\/p>\n","protected":false},"excerpt":{"rendered":"Turvallisuusjoukot ovat pelastaneet vankeudesta 40 koululaista Oyon osavaltiossa lounaisessa Nigeriassa. Lapset olivat olleet vankeudessa l\u00e4hes kaksi kuukautta. Heid\u00e4t&hellip;\n","protected":false},"author":2,"featured_media":299010,"comment_status":"","ping_status":"","sticky":false,"template":"","format":"standard","meta":{"footnotes":"","_share_on_mastodon":"0"},"categories":[14],"tags":[19045,22,23,26,27,33,31,30,17,24,25,28,29,15,8578,18,21,581,4715,32,19,20,56,16,59,60,61],"class_list":["post-299009","post","type-post","status-publish","format-standard","has-post-thumbnail","category-ulkomaat","tag-boko-haram","tag-breaking-news","tag-breakingnews","tag-featured-news","tag-featurednews","tag-fi","tag-finland","tag-finnish","tag-headlines","tag-latest-news","tag-latestnews","tag-main-news","tag-mainnews","tag-news","tag-nigeria","tag-otsikot","tag-paauutiset","tag-rikokset","tag-siepatut-lapset","tag-suomi","tag-top-stories","tag-topstories","tag-ulkomaat","tag-uutiset","tag-world","tag-world-news","tag-worldnews"],"share_on_mastodon":{"url":"https:\/\/pubeurope.com\/@fi\/116903679506234617","error":""},"_links":{"self":[{"href":"https:\/\/www.europesays.com\/fi\/wp-json\/wp\/v2\/posts\/299009","targetHints":{"allow":["GET"]}}],"collection":[{"href":"https:\/\/www.europesays.com\/fi\/wp-json\/wp\/v2\/posts"}],"about":[{"href":"https:\/\/www.europesays.com\/fi\/wp-json\/wp\/v2\/types\/post"}],"author":[{"embeddable":true,"href":"https:\/\/www.europesays.com\/fi\/wp-json\/wp\/v2\/users\/2"}],"replies":[{"embeddable":true,"href":"https:\/\/www.europesays.com\/fi\/wp-json\/wp\/v2\/comments?post=299009"}],"version-history":[{"count":0,"href":"https:\/\/www.europesays.com\/fi\/wp-json\/wp\/v2\/posts\/299009\/revisions"}],"wp:featuredmedia":[{"embeddable":true,"href":"https:\/\/www.europesays.com\/fi\/wp-json\/wp\/v2\/media\/299010"}],"wp:attachment":[{"href":"https:\/\/www.europesays.com\/fi\/wp-json\/wp\/v2\/media?parent=299009"}],"wp:term":[{"taxonomy":"category","embeddable":true,"href":"https:\/\/www.europesays.com\/fi\/wp-json\/wp\/v2\/categories?post=299009"},{"taxonomy":"post_tag","embeddable":true,"href":"https:\/\/www.europesays.com\/fi\/wp-json\/wp\/v2\/tags?post=299009"}],"curies":[{"name":"wp","href":"https:\/\/api.w.org\/{rel}","templated":true}]}}