{"id":299194,"date":"2026-07-12T04:53:11","date_gmt":"2026-07-12T04:53:11","guid":{"rendered":"https:\/\/www.europesays.com\/fi\/299194\/"},"modified":"2026-07-12T04:53:11","modified_gmt":"2026-07-12T04:53:11","slug":"iakas-mies-hukkunut-lempaalassa-uutisia-lyhyesti","status":"publish","type":"post","link":"https:\/\/www.europesays.com\/fi\/299194\/","title":{"rendered":"I\u00e4k\u00e4s mies hukkunut Lemp\u00e4\u00e4l\u00e4ss\u00e4 | Uutisia lyhyesti"},"content":{"rendered":"<p class=\"aw__sc-1qwuw0s-0 aw__sc-ngllmo-0 epAWpq fzYpjk yle__article__paragraph\">I\u00e4k\u00e4s mies on hukkunut Lemp\u00e4\u00e4l\u00e4n H\u00f6yt\u00e4m\u00f6nj\u00e4rvell\u00e4 lauantai-iltana, kertoo Sis\u00e4-Suomen poliisi.<\/p>\n<p class=\"aw__sc-1qwuw0s-0 aw__sc-ngllmo-0 epAWpq fzYpjk yle__article__paragraph\">H\u00e4t\u00e4keskus sai noin kello yhdeks\u00e4n illalla ilmoituksen vedess\u00e4 kelluneesta ihmisest\u00e4. Pelastuslaitos l\u00f6ysi paikalta miehen menehtyneen\u00e4, poliisi kertoo tiedotteessaan.<\/p>\n<p class=\"aw__sc-1qwuw0s-0 aw__sc-ngllmo-0 epAWpq fzYpjk yle__article__paragraph\">Poliisi kertoo tutkivansa asiaa kuolemansyyn selvitt\u00e4misen\u00e4 eik\u00e4 tiedota asiasta enemp\u00e4\u00e4.<\/p>\n","protected":false},"excerpt":{"rendered":"I\u00e4k\u00e4s mies on hukkunut Lemp\u00e4\u00e4l\u00e4n H\u00f6yt\u00e4m\u00f6nj\u00e4rvell\u00e4 lauantai-iltana, kertoo Sis\u00e4-Suomen poliisi. H\u00e4t\u00e4keskus sai noin kello yhdeks\u00e4n illalla ilmoituksen vedess\u00e4&hellip;\n","protected":false},"author":2,"featured_media":299195,"comment_status":"","ping_status":"","sticky":false,"template":"","format":"standard","meta":{"footnotes":"","_share_on_mastodon":"0"},"categories":[12],"tags":[22,23,26,27,33,31,30,17,840,71,683,24,25,4386,28,29,15,837,18,21,553,32,712,19,20,16],"class_list":["post-299194","post","type-post","status-publish","format-standard","has-post-thumbnail","category-suomi","tag-breaking-news","tag-breakingnews","tag-featured-news","tag-featurednews","tag-fi","tag-finland","tag-finnish","tag-headlines","tag-hukkuminen","tag-kotimaa","tag-kuolema","tag-latest-news","tag-latestnews","tag-lempaala","tag-main-news","tag-mainnews","tag-news","tag-onnettomuudet","tag-otsikot","tag-paauutiset","tag-pirkanmaa","tag-suomi","tag-tampereen-seutukunta","tag-top-stories","tag-topstories","tag-uutiset"],"share_on_mastodon":{"url":"https:\/\/pubeurope.com\/@fi\/116905220898262258","error":""},"_links":{"self":[{"href":"https:\/\/www.europesays.com\/fi\/wp-json\/wp\/v2\/posts\/299194","targetHints":{"allow":["GET"]}}],"collection":[{"href":"https:\/\/www.europesays.com\/fi\/wp-json\/wp\/v2\/posts"}],"about":[{"href":"https:\/\/www.europesays.com\/fi\/wp-json\/wp\/v2\/types\/post"}],"author":[{"embeddable":true,"href":"https:\/\/www.europesays.com\/fi\/wp-json\/wp\/v2\/users\/2"}],"replies":[{"embeddable":true,"href":"https:\/\/www.europesays.com\/fi\/wp-json\/wp\/v2\/comments?post=299194"}],"version-history":[{"count":0,"href":"https:\/\/www.europesays.com\/fi\/wp-json\/wp\/v2\/posts\/299194\/revisions"}],"wp:featuredmedia":[{"embeddable":true,"href":"https:\/\/www.europesays.com\/fi\/wp-json\/wp\/v2\/media\/299195"}],"wp:attachment":[{"href":"https:\/\/www.europesays.com\/fi\/wp-json\/wp\/v2\/media?parent=299194"}],"wp:term":[{"taxonomy":"category","embeddable":true,"href":"https:\/\/www.europesays.com\/fi\/wp-json\/wp\/v2\/categories?post=299194"},{"taxonomy":"post_tag","embeddable":true,"href":"https:\/\/www.europesays.com\/fi\/wp-json\/wp\/v2\/tags?post=299194"}],"curies":[{"name":"wp","href":"https:\/\/api.w.org\/{rel}","templated":true}]}}