{"id":299400,"date":"2026-07-12T11:25:11","date_gmt":"2026-07-12T11:25:11","guid":{"rendered":"https:\/\/www.europesays.com\/fi\/299400\/"},"modified":"2026-07-12T11:25:11","modified_gmt":"2026-07-12T11:25:11","slug":"etela-korea-antoi-ensimmaisen-saavaroituksen-tukahduttavan-kuumuuden-vuoksi-uutisia-lyhyesti","status":"publish","type":"post","link":"https:\/\/www.europesays.com\/fi\/299400\/","title":{"rendered":"Etel\u00e4-Korea antoi ensimm\u00e4isen s\u00e4\u00e4varoituksen tukahduttavan kuumuuden vuoksi | Uutisia lyhyesti"},"content":{"rendered":"<p class=\"aw__sc-1qwuw0s-0 aw__sc-ngllmo-0 epAWpq fzYpjk yle__article__paragraph\">Etel\u00e4-Koreassa yritet\u00e4\u00e4n tehostaa varautumista yh\u00e4 piteneviin hellejaksoihin.<\/p>\n<p class=\"aw__sc-1qwuw0s-0 aw__sc-ngllmo-0 epAWpq fzYpjk yle__article__paragraph\">Viranomaiset kehottivat ensimm\u00e4ist\u00e4 kertaa ihmisi\u00e4 v\u00e4ltt\u00e4m\u00e4\u00e4n ulkoliikuntaa ja pysyttelem\u00e4\u00e4n varjossa. Etel\u00e4-Korea otti k\u00e4ytt\u00f6\u00f6n uuden l\u00e4mp\u00f6varoitusj\u00e4rjestelm\u00e4n aiemmin t\u00e4n\u00e4 vuonna.<\/p>\n<p class=\"aw__sc-1qwuw0s-0 aw__sc-ngllmo-0 epAWpq fzYpjk yle__article__paragraph\">Varoitus annetaan, kun l\u00e4mp\u00f6tila nousee ulkona 38 asteeseen.<\/p>\n<p class=\"aw__sc-1qwuw0s-0 aw__sc-ngllmo-0 epAWpq fzYpjk yle__article__paragraph\">Sunnuntain varoitus annettiin kahteen kaupunkiin, Gyeongsaniin ja Pohangiin Pohjois-Gyeongsangin maakunnassa.<\/p>\n<p class=\"aw__sc-1qwuw0s-0 aw__sc-ngllmo-0 epAWpq fzYpjk yle__article__paragraph\">Viranomaisten mukaan varoitus annetaan, kun s\u00e4\u00e4tilan arvioidaan saattavan aiheuttaa vakavaa haittaa terveydelle. Ihmisi\u00e4 tai lemmikkej\u00e4 ei saa j\u00e4tt\u00e4\u00e4 autoihin.<\/p>\n<p class=\"aw__sc-1qwuw0s-0 aw__sc-ngllmo-0 epAWpq fzYpjk yle__article__paragraph\">Valtaosassa maata varoitusta ei ole annettu, l\u00e4mp\u00f6tilan arvioidaan pysyv\u00e4n noin 35 asteessa.<\/p>\n<p class=\"aw__sc-1qwuw0s-0 aw__sc-ngllmo-0 epAWpq fzYpjk yle__article__paragraph\">Etel\u00e4-Koreassa vaaralliseksi luokiteltua hellett\u00e4 on ollut vuoden aikana 19 p\u00e4iv\u00e4n\u00e4. Luku on yli kaksinkertaistunut viidess\u00e4 vuodessa.<\/p>\n<p class=\"aw__sc-1qwuw0s-0 aw__sc-ngllmo-0 epAWpq fzYpjk yle__article__paragraph\">My\u00f6s trooppisten \u00f6iden m\u00e4\u00e4r\u00e4 on lis\u00e4\u00e4ntynyt nelj\u00e4st\u00e4 nelj\u00e4\u00e4ntoista samalla tarkastelujaksolla.<\/p>\n<p class=\"aw__sc-1qwuw0s-0 aw__sc-ngllmo-0 epAWpq fzYpjk yle__article__paragraph\">AFP<\/p>\n","protected":false},"excerpt":{"rendered":"Etel\u00e4-Koreassa yritet\u00e4\u00e4n tehostaa varautumista yh\u00e4 piteneviin hellejaksoihin. Viranomaiset kehottivat ensimm\u00e4ist\u00e4 kertaa ihmisi\u00e4 v\u00e4ltt\u00e4m\u00e4\u00e4n ulkoliikuntaa ja pysyttelem\u00e4\u00e4n varjossa. Etel\u00e4-Korea&hellip;\n","protected":false},"author":2,"featured_media":299401,"comment_status":"","ping_status":"","sticky":false,"template":"","format":"standard","meta":{"footnotes":"","_share_on_mastodon":"0"},"categories":[14],"tags":[22,23,1420,26,27,33,31,30,17,1709,24,25,28,29,15,18,21,710,39267,32,19,20,56,16,59,60,61],"class_list":["post-299400","post","type-post","status-publish","format-standard","has-post-thumbnail","category-ulkomaat","tag-breaking-news","tag-breakingnews","tag-etela-korea","tag-featured-news","tag-featurednews","tag-fi","tag-finland","tag-finnish","tag-headlines","tag-helle","tag-latest-news","tag-latestnews","tag-main-news","tag-mainnews","tag-news","tag-otsikot","tag-paauutiset","tag-saa","tag-saavaroitukset","tag-suomi","tag-top-stories","tag-topstories","tag-ulkomaat","tag-uutiset","tag-world","tag-world-news","tag-worldnews"],"share_on_mastodon":{"url":"https:\/\/pubeurope.com\/@fi\/116906762283189868","error":""},"_links":{"self":[{"href":"https:\/\/www.europesays.com\/fi\/wp-json\/wp\/v2\/posts\/299400","targetHints":{"allow":["GET"]}}],"collection":[{"href":"https:\/\/www.europesays.com\/fi\/wp-json\/wp\/v2\/posts"}],"about":[{"href":"https:\/\/www.europesays.com\/fi\/wp-json\/wp\/v2\/types\/post"}],"author":[{"embeddable":true,"href":"https:\/\/www.europesays.com\/fi\/wp-json\/wp\/v2\/users\/2"}],"replies":[{"embeddable":true,"href":"https:\/\/www.europesays.com\/fi\/wp-json\/wp\/v2\/comments?post=299400"}],"version-history":[{"count":0,"href":"https:\/\/www.europesays.com\/fi\/wp-json\/wp\/v2\/posts\/299400\/revisions"}],"wp:featuredmedia":[{"embeddable":true,"href":"https:\/\/www.europesays.com\/fi\/wp-json\/wp\/v2\/media\/299401"}],"wp:attachment":[{"href":"https:\/\/www.europesays.com\/fi\/wp-json\/wp\/v2\/media?parent=299400"}],"wp:term":[{"taxonomy":"category","embeddable":true,"href":"https:\/\/www.europesays.com\/fi\/wp-json\/wp\/v2\/categories?post=299400"},{"taxonomy":"post_tag","embeddable":true,"href":"https:\/\/www.europesays.com\/fi\/wp-json\/wp\/v2\/tags?post=299400"}],"curies":[{"name":"wp","href":"https:\/\/api.w.org\/{rel}","templated":true}]}}