{"id":299461,"date":"2026-07-12T13:34:21","date_gmt":"2026-07-12T13:34:21","guid":{"rendered":"https:\/\/www.europesays.com\/fi\/299461\/"},"modified":"2026-07-12T13:34:21","modified_gmt":"2026-07-12T13:34:21","slug":"melkein-kuolleen-kauppakeskuksen-kurssi-saatiin-kaannettya-itarajalla-tallaista-siella-on-nyt-etela-karjala","status":"publish","type":"post","link":"https:\/\/www.europesays.com\/fi\/299461\/","title":{"rendered":"Melkein kuolleen kauppakeskuksen kurssi saatiin k\u00e4\u00e4nnetty\u00e4 it\u00e4rajalla \u2013 t\u00e4llaista siell\u00e4 on nyt | Etel\u00e4-Karjala"},"content":{"rendered":"<p class=\"aw__sc-1qwuw0s-0 aw__sc-1vg2sqm-0 epAWpq ecELkD yle__article__paragraph\">Imatralla sijaitseva kauppakeskus Mansikkapaikka on kahdessa vuodessa saanut noin 30 uutta vuokralaista.<\/p>\n<p>Imatralainen yritt\u00e4j\u00e4 Tuomas Rautio kannustaa yritt\u00e4ji\u00e4 rohkeuteen ja riskinottoon.<\/p>\n<ul class=\"aw__sc-1yb43iq-0 gFXHv yle__article__list yle__article__list--ul\">\n<li class=\"aw__sc-1yb43iq-1 gVAzbt\">Imatralainen kauppakeskus Mansikkapaikka on saanut k\u00e4\u00e4nnetty\u00e4 toimintansa nousuun kahdessa vuodessa.<\/li>\n<li class=\"aw__sc-1yb43iq-1 gVAzbt\">Liikevaihto on kaksinkertaistunut ja kuluja karsittu yli 100 000 euroa vuodessa. Omistajat ovat tehneet 30 uutta vuokrasopimusta.<\/li>\n<li class=\"aw__sc-1yb43iq-1 gVAzbt\">Menestyksen taustalla on esimerkiksi kova kulukuri.<\/li>\n<\/ul>\n<p class=\"aw__sc-1qwuw0s-0 aw__sc-ngllmo-0 epAWpq fzYpjk yle__article__paragraph\">Imatralaisen kauppakeskus Mansikkapaikan tilanne oli kaksi vuotta sitten ankea. 1990-luvun alussa avajaisiaan viett\u00e4nyt ostospaikka kaipasi remonttia ja lis\u00e4\u00e4 asiakkaita.<\/p>\n<p class=\"aw__sc-1qwuw0s-0 aw__sc-ngllmo-0 epAWpq fzYpjk yle__article__paragraph\">It\u00e4rajan sulkeutuminen kuritti Etel\u00e4-Karjalassa valtaosaa yrityksist\u00e4. Ven\u00e4l\u00e4isi\u00e4 ostosturisteja ei en\u00e4\u00e4 ollut. Koronapandemia vei heist\u00e4 suurimman osan, ja it\u00e4rajan sulkeutuminen p\u00e4\u00e4tti ostosturismin t\u00e4ysin.<\/p>\n<p class=\"aw__sc-1qwuw0s-0 aw__sc-ngllmo-0 epAWpq fzYpjk yle__article__paragraph\">Imatralainen yritt\u00e4j\u00e4 <strong class=\"aw__sc-ngllmo-2 gdRrun yle__article__strong\">Tuomas Rautio<\/strong> n\u00e4ki kuitenkin Kuutostien varressa sijaitsevassa kauppakeskuksessa potentiaalia. H\u00e4n osti sen yhdess\u00e4 kiinteist\u00f6sijoittaja <strong class=\"aw__sc-ngllmo-2 gdRrun yle__article__strong\">Joel M\u00e4kel\u00e4n<\/strong> kanssa summalla, jonka he pit\u00e4v\u00e4t liikesalaisuutena.<\/p>\n<p class=\"aw__sc-1qwuw0s-0 aw__sc-ngllmo-0 epAWpq fzYpjk yle__article__paragraph\">Vaikka kauppakeskukseen saapuu hein\u00e4kuisena arkiaamup\u00e4iv\u00e4n\u00e4 ihmisi\u00e4 verkkaiseen tahtiin, Rautio on onnistunut tekem\u00e4\u00e4n kahdessa vuodessa pienen ihmeen.<\/p>\n<p><img decoding=\"async\" alt=\"Henkil\u00f6kuvassa Tuomas Rautio.\" src=\"https:\/\/www.europesays.com\/fi\/wp-content\/uploads\/2026\/07\/1783432250.jpeg\" loading=\"lazy\" class=\"aw__sc-dklauk-0 LPzKX\"\/><\/p>\n<p>Avaa kuvien katselu<\/p>\n<p>Mansikkapaikan yritt\u00e4j\u00e4 Tuomo Rautio kuuli, ett\u00e4 imatralaisnuorten mielest\u00e4 kaupungissa kuuluu olla kauppakeskus. H\u00e4n koki velvollisuudekseen uudistaa Mansikkapaikan. Kuva: Tiina Jutila \/ YleJos vuokralainen p\u00e4rj\u00e4\u00e4, Mansikkapaikka p\u00e4rj\u00e4\u00e4<\/p>\n<p class=\"aw__sc-1qwuw0s-0 aw__sc-ngllmo-0 epAWpq fzYpjk yle__article__paragraph\">Uudet omistajat ovat parin vuoden aikana tehneet kolmisenkymment\u00e4 uutta vuokrasopimusta.<\/p>\n<p class=\"aw__sc-1qwuw0s-0 aw__sc-ngllmo-0 epAWpq fzYpjk yle__article__paragraph\">Mansikkapaikassa palvelevat esimerkiksi kuntokeskus, hieroja, osteopatia- ja fysioterapiapalvelut, pubi, kirpputori, parturi-kampaamo sek\u00e4 autokoulu. Monet yrityksist\u00e4 ovat muuttaneet kauppakeskukseen muualta Imatralta.<\/p>\n<p class=\"aw__sc-1qwuw0s-0 aw__sc-ngllmo-0 epAWpq fzYpjk yle__article__paragraph\">Kauppakeskuksen liikevaihto on kaksinkertaistunut. Vuositasolla kuluja on onnistuttu karsimaan yli 100\u00a0000 euroa.<\/p>\n<p class=\"aw__sc-1qwuw0s-0 aw__sc-ngllmo-0 epAWpq fzYpjk yle__article__paragraph\">Yksi uusista yrityksist\u00e4 on kahvila Hugo &amp; Helmi. Leipomoalan yritt\u00e4j\u00e4 <strong class=\"aw__sc-ngllmo-2 gdRrun yle__article__strong\">Mikko Kentt\u00e4maa<\/strong> ty\u00f6llist\u00e4\u00e4 nuoria kahvilan lis\u00e4ksi my\u00f6s kev\u00e4\u00e4ll\u00e4 avatussa karkkikaupassa.<\/p>\n<p class=\"aw__sc-1qwuw0s-0 aw__sc-ngllmo-0 epAWpq fzYpjk yle__article__paragraph\">\u2013 Toivon, ett\u00e4 tulevaisuudessa asiakkaita riitt\u00e4\u00e4 Mansikkapaikan lis\u00e4ksi muillekin etel\u00e4karjalaisille yrityksille. Ett\u00e4 ostovoima riitt\u00e4isi, Kentt\u00e4maa sanoo.<\/p>\n<p class=\"aw__sc-1qwuw0s-0 aw__sc-ngllmo-0 epAWpq fzYpjk yle__article__paragraph\">Mansikkapaikan vilkastuminen on lis\u00e4nnyt my\u00f6s jo pari vuosikymment\u00e4 Mansikkapaikassa sijainneen huonekaluliike Kaluste Kaakon asiakasvirtaa. Moni asiakas tullut k\u00e4ym\u00e4\u00e4n ensimm\u00e4ist\u00e4 kertaa.<\/p>\n<p class=\"aw__sc-1qwuw0s-0 aw__sc-ngllmo-0 epAWpq fzYpjk yle__article__paragraph\">\u2013 Kes\u00e4aikaan meill\u00e4 k\u00e4y paljon my\u00f6s ulkopaikkakuntalaisia. T\u00e4m\u00e4 on lis\u00e4nnyt myynti\u00e4mme my\u00f6s muualle Suomeen, iloitsee yritt\u00e4j\u00e4 <strong class=\"aw__sc-ngllmo-2 gdRrun yle__article__strong\">Mika Makkonen<\/strong>.<\/p>\n<p><img decoding=\"async\" alt=\"Lasikattoisen ostoskeskuksen sis\u00e4\u00e4nk\u00e4ynti.\" src=\"https:\/\/www.europesays.com\/fi\/wp-content\/uploads\/2026\/07\/1783432274.jpeg\" class=\"aw__sc-dklauk-0 LPzKX\"\/><\/p>\n<p>Avaa kuvien katselu<\/p>\n<p><img decoding=\"async\" alt=\"Henkil\u00f6 istuu sohvalla.\" src=\"https:\/\/www.europesays.com\/fi\/wp-content\/uploads\/2026\/07\/1783432241.jpeg\" class=\"aw__sc-dklauk-0 LPzKX\"\/><\/p>\n<p>Avaa kuvien katselu<\/p>\n<p><img decoding=\"async\" alt=\"Ihmiset seisovat jonossa kahvilan sis\u00e4\u00e4nk\u00e4ynnin ulkopuolella.\" src=\"https:\/\/www.europesays.com\/fi\/wp-content\/uploads\/2026\/07\/1783432258.jpeg\" class=\"aw__sc-dklauk-0 LPzKX\"\/><\/p>\n<p>Avaa kuvien katselu<\/p>\n<p><img decoding=\"async\" alt=\"Kauppakeskuksen k\u00e4yt\u00e4v\u00e4, jossa liikkeit\u00e4 molemmin puolin.\" src=\"https:\/\/www.europesays.com\/fi\/wp-content\/uploads\/2026\/07\/1783432295.jpeg\" class=\"aw__sc-dklauk-0 LPzKX\"\/><\/p>\n<p>Avaa kuvien katselu<\/p>\n<p>N\u00e4in Rautio onnistui<\/p>\n<p class=\"aw__sc-1qwuw0s-0 aw__sc-ngllmo-0 epAWpq fzYpjk yle__article__paragraph\">Menestyksen tae on Raution mielest\u00e4 pieni organisaatio, joka tekee paljon itse.<\/p>\n<p class=\"aw__sc-1qwuw0s-0 aw__sc-ngllmo-0 epAWpq fzYpjk yle__article__paragraph\">Omistajat ovat esimerkiksi remontoineet tiloja yhdess\u00e4. He eiv\u00e4t ole nostaneet euroakaan palkkaa. Kulukuri on kova. Vuokralaisehdokkaiden kanssa keskustellaan siit\u00e4, mit\u00e4 kenenkin \u201dviivan alle\u201d on j\u00e4\u00e4t\u00e4v\u00e4, jotta kaikki p\u00e4rj\u00e4\u00e4v\u00e4t.<\/p>\n<p class=\"aw__sc-1qwuw0s-0 aw__sc-ngllmo-0 epAWpq fzYpjk yle__article__paragraph\">\u2013 T\u00e4llaisella reseptill\u00e4 on mahdollista vuokrata kannattavasti toimitiloja n\u00e4ill\u00e4 leveyspiireill\u00e4, Rautio kertoo.<\/p>\n<p class=\"aw__sc-1qwuw0s-0 aw__sc-ngllmo-0 epAWpq fzYpjk yle__article__paragraph\">Raution mukaan ven\u00e4l\u00e4isten l\u00e4hd\u00f6n j\u00e4lkeen iso osa yritt\u00e4jist\u00e4 Imatralla menetti ison osan liikevaihdostaan.<\/p>\n<p class=\"aw__sc-1qwuw0s-0 aw__sc-ngllmo-0 epAWpq fzYpjk yle__article__paragraph\">\u2013 Vaatii aika kovaa kulukuuria, jos meinaa sellaisesta tiputuksesta selvit\u00e4. Meid\u00e4n mottomme on, ett\u00e4 jos vuokralainen p\u00e4rj\u00e4\u00e4, niin Mansikkapaikka p\u00e4rj\u00e4\u00e4, Rautio sanoo.<\/p>\n<p><img decoding=\"async\" alt=\"Ihmiset seisovat jonossa kahvilan sis\u00e4\u00e4nk\u00e4ynnin ulkopuolella.\" src=\"https:\/\/www.europesays.com\/fi\/wp-content\/uploads\/2026\/07\/1783863260_775_1783432258.jpeg\" loading=\"lazy\" class=\"aw__sc-dklauk-0 LPzKX\"\/><\/p>\n<p>Avaa kuvien katselu<\/p>\n<p>Mansikkapaikasta halutaan tehd\u00e4 kaupunkilaisten kohtaamispaikka. Kuva: Tiina Jutila \/ YleOsa kaupunkilaisten arkea<\/p>\n<p class=\"aw__sc-1qwuw0s-0 aw__sc-ngllmo-0 epAWpq fzYpjk yle__article__paragraph\">Imatran kaupunki on tyytyv\u00e4inen. Imatran kehitysyhti\u00f6st\u00e4 kehutaan Mansikkapaikkaa hyv\u00e4n\u00e4 esimerkkin\u00e4 rohkeasta otteesta ja paikallisesta sitoutumisesta.<\/p>\n<p class=\"aw__sc-1qwuw0s-0 aw__sc-ngllmo-0 epAWpq fzYpjk yle__article__paragraph\">Toimitusjohtaja <strong class=\"aw__sc-ngllmo-2 gdRrun yle__article__strong\">Antti Oravuon<\/strong> mukaan Tuomas Rautio on markkinoinut tiloja huomattavasti entist\u00e4 aktiivisemmin.<\/p>\n<p class=\"aw__sc-1qwuw0s-0 aw__sc-ngllmo-0 epAWpq fzYpjk yle__article__paragraph\">\u2013 Kauppakeskusta on kehitetty yritysten, palvelujen ja kaupunkilaisten arjen kohtaamispaikkana, ei vain kiinteist\u00f6n\u00e4, Oravuo lis\u00e4\u00e4.<\/p>\n<p class=\"aw__sc-1qwuw0s-0 aw__sc-ngllmo-0 epAWpq fzYpjk yle__article__paragraph\">Imatra palkitsi Tuomas Raution viime vuonna <a class=\"aw__sc-ngllmo-1 bTDnwX yle__article__link\" href=\"https:\/\/www.imatra.fi\/myonteisen-imatra-kuvan-edistajan-palkinto-yrittaja-tuomas-rautiolle\" role=\"link\" rel=\"nofollow noopener\" target=\"_blank\">my\u00f6nteisen Imatra-kuvan edist\u00e4misest\u00e4<\/a>. Kaupungin mukaan Raution kaltaisia rohkeita ja r\u00e4v\u00e4k\u00f6it\u00e4 ihmisi\u00e4 tarvitaan.<\/p>\n<p class=\"aw__sc-1qwuw0s-0 aw__sc-ngllmo-0 epAWpq fzYpjk yle__article__paragraph\">H\u00e4n sanoo, ett\u00e4 el\u00e4m\u00e4ss\u00e4 pit\u00e4\u00e4 ottaa riskej\u00e4.<\/p>\n<p class=\"aw__sc-1qwuw0s-0 aw__sc-ngllmo-0 epAWpq fzYpjk yle__article__paragraph\">\u2013 Ei juo samppanjaa, jos ei ota riskej\u00e4, Rautio hymyilee.<\/p>\n<p><img decoding=\"async\" alt=\"Ulkokuva kauppakeskuksesta.\" src=\"https:\/\/www.europesays.com\/fi\/wp-content\/uploads\/2026\/07\/1783671071.jpeg\" loading=\"lazy\" class=\"aw__sc-dklauk-0 LPzKX\"\/><\/p>\n<p>Avaa kuvien katselu<\/p>\n<p>Kauppakeskus Mansikkapaikka oli aikoinaan Imatran suurin julkinen rakennus. Kuva: Tiina Jutila \/ YleT\u00e4llainen on Mansikkapaikka<\/p>\n<ul class=\"aw__sc-1yb43iq-0 gFXHv yle__article__list yle__article__list--ul\">\n<li class=\"aw__sc-1yb43iq-1 gVAzbt\">Vuonna 1990 avattu kauppakeskus Imatran Vuoksen varrella Mansikkalan kaupunginosassa.<\/li>\n<li class=\"aw__sc-1yb43iq-1 gVAzbt\">Rakennuksen suunnittelivat arkkitehdit K\u00e4py ja Simo Paavilainen. Suojeltu kaavalla vuonna 2015.<\/li>\n<li class=\"aw__sc-1yb43iq-1 gVAzbt\">Kooltaan 10 000 neli\u00f6metri\u00e4, josta vuokrattavia tiloja 8 500 neli\u00f6metri\u00e4.<\/li>\n<li class=\"aw__sc-1yb43iq-1 gVAzbt\">Alkoi k\u00e4rsi\u00e4 1990-luvun lamasta, muiden imatralaisten kauppojen luomasta kilpailusta sek\u00e4 verkkokaupan tulosta.<\/li>\n<li class=\"aw__sc-1yb43iq-1 gVAzbt\">Uudistetussa kauppakeskuksessa sijaitsee monenlaisia yrityksi\u00e4.<\/li>\n<\/ul>\n","protected":false},"excerpt":{"rendered":"Imatralla sijaitseva kauppakeskus Mansikkapaikka on kahdessa vuodessa saanut noin 30 uutta vuokralaista. Imatralainen yritt\u00e4j\u00e4 Tuomas Rautio kannustaa yritt\u00e4ji\u00e4&hellip;\n","protected":false},"author":2,"featured_media":299462,"comment_status":"","ping_status":"","sticky":false,"template":"","format":"standard","meta":{"footnotes":"","_share_on_mastodon":"0"},"categories":[76],"tags":[79,77,2786,1302,33,31,30,736,15949,5790,71,39270,6910,4013,32,78],"class_list":["post-299461","post","type-post","status-publish","format-standard","has-post-thumbnail","category-talous","tag-business","tag-economy","tag-elinkeinoelama","tag-etela-karjala","tag-fi","tag-finland","tag-finnish","tag-imatra","tag-kauppakeskukset","tag-kaupungit","tag-kotimaa","tag-mansikkala","tag-ostokset","tag-ostovoima","tag-suomi","tag-talous"],"share_on_mastodon":{"url":"https:\/\/pubeurope.com\/@fi\/116907270285746881","error":""},"_links":{"self":[{"href":"https:\/\/www.europesays.com\/fi\/wp-json\/wp\/v2\/posts\/299461","targetHints":{"allow":["GET"]}}],"collection":[{"href":"https:\/\/www.europesays.com\/fi\/wp-json\/wp\/v2\/posts"}],"about":[{"href":"https:\/\/www.europesays.com\/fi\/wp-json\/wp\/v2\/types\/post"}],"author":[{"embeddable":true,"href":"https:\/\/www.europesays.com\/fi\/wp-json\/wp\/v2\/users\/2"}],"replies":[{"embeddable":true,"href":"https:\/\/www.europesays.com\/fi\/wp-json\/wp\/v2\/comments?post=299461"}],"version-history":[{"count":0,"href":"https:\/\/www.europesays.com\/fi\/wp-json\/wp\/v2\/posts\/299461\/revisions"}],"wp:featuredmedia":[{"embeddable":true,"href":"https:\/\/www.europesays.com\/fi\/wp-json\/wp\/v2\/media\/299462"}],"wp:attachment":[{"href":"https:\/\/www.europesays.com\/fi\/wp-json\/wp\/v2\/media?parent=299461"}],"wp:term":[{"taxonomy":"category","embeddable":true,"href":"https:\/\/www.europesays.com\/fi\/wp-json\/wp\/v2\/categories?post=299461"},{"taxonomy":"post_tag","embeddable":true,"href":"https:\/\/www.europesays.com\/fi\/wp-json\/wp\/v2\/tags?post=299461"}],"curies":[{"name":"wp","href":"https:\/\/api.w.org\/{rel}","templated":true}]}}