{"id":299467,"date":"2026-07-12T13:37:09","date_gmt":"2026-07-12T13:37:09","guid":{"rendered":"https:\/\/www.europesays.com\/fi\/299467\/"},"modified":"2026-07-12T13:37:09","modified_gmt":"2026-07-12T13:37:09","slug":"kempele-sulki-kalliomontun-uimarannan-hyppytornin-toistaiseksi-taustalla-alle-15-vuotiaan-hukkuminen-pohjois-pohjanmaa","status":"publish","type":"post","link":"https:\/\/www.europesays.com\/fi\/299467\/","title":{"rendered":"Kempele sulki Kalliomontun uimarannan hyppytornin toistaiseksi \u2013 taustalla alle 15-vuotiaan hukkuminen | Pohjois-Pohjanmaa"},"content":{"rendered":"<p class=\"aw__sc-1qwuw0s-0 aw__sc-1vg2sqm-0 epAWpq ecELkD yle__article__paragraph\">Kempele p\u00e4\u00e4tti sunnuntaina sulkea Kalliomontun uimarannan hyppytornin toistaiseksi. Samalla paikalla hukkui aikuinen mies runsas vuosi sitten.<\/p>\n<p><img decoding=\"async\" alt=\"Uimahypputorni on teipattu keltaisella ja punaisella teipill\u00e4, portaissa on varoituslappu. Taustalla vett\u00e4 ja mets\u00e4\u00e4.\" src=\"https:\/\/www.europesays.com\/fi\/wp-content\/uploads\/2026\/07\/1783858574.jpeg\" class=\"aw__sc-dklauk-0 LPzKX\"\/><\/p>\n<p>Avaa kuvien katselu<\/p>\n<p>Kempeleen Kallliomontulle oli sunnuntaina tuotu kynttil\u00f6it\u00e4 ja kukkia lauantaina hukkuneen nuoren muistoksi. Paikalla oleva uimahyppytorni on suljettu ainakin toistaiseksi. Kuva: Kimmo Hiltula \/ Yle<\/p>\n<p class=\"aw__sc-1qwuw0s-0 aw__sc-ngllmo-0 epAWpq fzYpjk yle__article__paragraph\">Kempeleen kunnanjohtajan <strong class=\"aw__sc-ngllmo-2 gdRrun yle__article__strong\">Tuomas Lohen<\/strong> mukaan kunta pohtii hyppytornista luopumista kokonaan turvallisuuden vuoksi. Lohi vahvistaa p\u00e4\u00e4t\u00f6ksen tekstiviestill\u00e4 ja esitt\u00e4\u00e4 osanottonsa lapsen omaisille kunnan ja omasta puolestaan.<\/p>\n<p class=\"aw__sc-1qwuw0s-0 aw__sc-ngllmo-0 epAWpq fzYpjk yle__article__paragraph\">\u2013 Lapsen hukkuminen on j\u00e4rkytt\u00e4v\u00e4 tragedia perheelle ja omaisille. T\u00e4llainen tapaus koskettaa koko yhteis\u00f6\u00e4, Lohi viestitt\u00e4\u00e4.<\/p>\n<p class=\"aw__sc-1qwuw0s-0 aw__sc-ngllmo-0 epAWpq fzYpjk yle__article__paragraph\">Lohi sanoo, ett\u00e4 onnettomuuden vuoksi hyppytorni suljettiin heti. Lohi kertoo, ett\u00e4 kunta miettii p\u00e4\u00e4tt\u00e4jien kanssa luopumista hyppytornista kokonaan ja harkitsee muitakin tapoja parantaa alueen turvallisuutta.<\/p>\n<p class=\"aw__sc-1qwuw0s-0 aw__sc-ngllmo-0 epAWpq fzYpjk yle__article__paragraph\">Kalliomonttu on toinen Kempeleen virallisista uimarannoista. Kempele sijaitsee aivan Oulun kupeessa.<\/p>\n<p>Viime kes\u00e4n\u00e4 mies hukkui samassa paikassa<\/p>\n<p class=\"aw__sc-1qwuw0s-0 aw__sc-ngllmo-0 epAWpq fzYpjk yle__article__paragraph\">T\u00e4m\u00e4 ei ole ensimm\u00e4inen hukkumiskuolema Kalliomontun hyppytornilla. Viime vuoden kes\u00e4kuussa aikuinen mies hukkui hyp\u00e4tty\u00e4\u00e4n hyppytasolta veteen.<\/p>\n<p class=\"aw__sc-1qwuw0s-0 aw__sc-ngllmo-0 epAWpq fzYpjk yle__article__paragraph\">Lauantaina hieman kello 12 j\u00e4lkeen tapahtuneessa onnettomuudessa hukkui alle 15-vuotias lapsi. Poliisi tutkii tapausta kuolemansyyn selvitt\u00e4misen\u00e4.<\/p>\n<p class=\"aw__sc-1qwuw0s-0 aw__sc-ngllmo-0 epAWpq fzYpjk yle__article__paragraph\">Kunnanjohtaja Lohi sanoo, ett\u00e4 Ouluntullissa sijaitseva uimamonttu on eritt\u00e4in suosittu uimapaikka. Kunta huolehtii esimerkiksi opasteista ja pelastusrenkaista.<\/p>\n","protected":false},"excerpt":{"rendered":"Kempele p\u00e4\u00e4tti sunnuntaina sulkea Kalliomontun uimarannan hyppytornin toistaiseksi. Samalla paikalla hukkui aikuinen mies runsas vuosi sitten. Avaa kuvien&hellip;\n","protected":false},"author":2,"featured_media":299468,"comment_status":"","ping_status":"","sticky":false,"template":"","format":"standard","meta":{"footnotes":"","_share_on_mastodon":"0"},"categories":[5],"tags":[22,23,26,27,33,31,30,17,840,1354,71,24,25,28,29,15,837,18,21,728,32,19,20,546,32527,16],"class_list":["post-299467","post","type-post","status-publish","format-standard","has-post-thumbnail","category-otsikot","tag-breaking-news","tag-breakingnews","tag-featured-news","tag-featurednews","tag-fi","tag-finland","tag-finnish","tag-headlines","tag-hukkuminen","tag-kempele","tag-kotimaa","tag-latest-news","tag-latestnews","tag-main-news","tag-mainnews","tag-news","tag-onnettomuudet","tag-otsikot","tag-paauutiset","tag-pohjois-pohjanmaa","tag-suomi","tag-top-stories","tag-topstories","tag-turvallisuus","tag-uimarannat","tag-uutiset"],"share_on_mastodon":{"url":"https:\/\/pubeurope.com\/@fi\/116907281723552032","error":""},"_links":{"self":[{"href":"https:\/\/www.europesays.com\/fi\/wp-json\/wp\/v2\/posts\/299467","targetHints":{"allow":["GET"]}}],"collection":[{"href":"https:\/\/www.europesays.com\/fi\/wp-json\/wp\/v2\/posts"}],"about":[{"href":"https:\/\/www.europesays.com\/fi\/wp-json\/wp\/v2\/types\/post"}],"author":[{"embeddable":true,"href":"https:\/\/www.europesays.com\/fi\/wp-json\/wp\/v2\/users\/2"}],"replies":[{"embeddable":true,"href":"https:\/\/www.europesays.com\/fi\/wp-json\/wp\/v2\/comments?post=299467"}],"version-history":[{"count":0,"href":"https:\/\/www.europesays.com\/fi\/wp-json\/wp\/v2\/posts\/299467\/revisions"}],"wp:featuredmedia":[{"embeddable":true,"href":"https:\/\/www.europesays.com\/fi\/wp-json\/wp\/v2\/media\/299468"}],"wp:attachment":[{"href":"https:\/\/www.europesays.com\/fi\/wp-json\/wp\/v2\/media?parent=299467"}],"wp:term":[{"taxonomy":"category","embeddable":true,"href":"https:\/\/www.europesays.com\/fi\/wp-json\/wp\/v2\/categories?post=299467"},{"taxonomy":"post_tag","embeddable":true,"href":"https:\/\/www.europesays.com\/fi\/wp-json\/wp\/v2\/tags?post=299467"}],"curies":[{"name":"wp","href":"https:\/\/api.w.org\/{rel}","templated":true}]}}