{"id":299719,"date":"2026-07-12T21:55:10","date_gmt":"2026-07-12T21:55:10","guid":{"rendered":"https:\/\/www.europesays.com\/fi\/299719\/"},"modified":"2026-07-12T21:55:10","modified_gmt":"2026-07-12T21:55:10","slug":"mies-loytyi-hukkuneena-lahdesta-uutisia-lyhyesti","status":"publish","type":"post","link":"https:\/\/www.europesays.com\/fi\/299719\/","title":{"rendered":"Mies l\u00f6ytyi hukkuneena Lahdesta | Uutisia lyhyesti"},"content":{"rendered":"<p class=\"aw__sc-1qwuw0s-0 aw__sc-1vg2sqm-0 epAWpq ecELkD yle__article__paragraph\">50-luvulla syntynyt mies joutui veden varaan useita p\u00e4ivi\u00e4 sitten. Nyt h\u00e4net on l\u00f6ydetty.<\/p>\n<p>12.7. 21:12\u2022P\u00e4ivitetty 12.7. 21:14<\/p>\n<p class=\"aw__sc-1qwuw0s-0 aw__sc-ngllmo-0 epAWpq fzYpjk yle__article__paragraph\">Lahden Kymij\u00e4rveen aiemmin uimaan l\u00e4htenyt mies on l\u00f6ytynyt hukkuneena.<\/p>\n<p class=\"aw__sc-1qwuw0s-0 aw__sc-ngllmo-0 epAWpq fzYpjk yle__article__paragraph\">50-luvulla syntynyt mies joutui veden varaan keskiviikkona 8. hein\u00e4kuuta. H\u00e4nt\u00e4 etsittiin poliisin ja pelastuslaitoksen voimin.<\/p>\n<p class=\"aw__sc-1qwuw0s-0 aw__sc-ngllmo-0 epAWpq fzYpjk yle__article__paragraph\">Poliisi tutkii asiaa kuolemansyyn selvitt\u00e4misen\u00e4.<\/p>\n<p class=\"aw__sc-1qwuw0s-0 aw__sc-ngllmo-0 epAWpq fzYpjk yle__article__paragraph\">Asiasta tiedottaa <a class=\"aw__sc-ngllmo-1 bTDnwX yle__article__link\" href=\"https:\/\/poliisi.fi\/-\/lahden-karistossa-etsitty-mies-loytyi-hukkuneena\" role=\"link\" rel=\"nofollow noopener\" target=\"_blank\">poliisi<\/a>.<\/p>\n","protected":false},"excerpt":{"rendered":"50-luvulla syntynyt mies joutui veden varaan useita p\u00e4ivi\u00e4 sitten. Nyt h\u00e4net on l\u00f6ydetty. 12.7. 21:12\u2022P\u00e4ivitetty 12.7. 21:14 Lahden&hellip;\n","protected":false},"author":2,"featured_media":299720,"comment_status":"","ping_status":"","sticky":false,"template":"","format":"standard","meta":{"footnotes":"","_share_on_mastodon":"0"},"categories":[12],"tags":[22,23,26,27,33,31,30,17,840,71,1801,24,25,28,29,15,18,21,1268,32,19,20,4312,16],"class_list":["post-299719","post","type-post","status-publish","format-standard","has-post-thumbnail","category-suomi","tag-breaking-news","tag-breakingnews","tag-featured-news","tag-featurednews","tag-fi","tag-finland","tag-finnish","tag-headlines","tag-hukkuminen","tag-kotimaa","tag-lahti","tag-latest-news","tag-latestnews","tag-main-news","tag-mainnews","tag-news","tag-otsikot","tag-paauutiset","tag-paijat-hame","tag-suomi","tag-top-stories","tag-topstories","tag-uinti","tag-uutiset"],"share_on_mastodon":{"url":"https:\/\/pubeurope.com\/@fi\/116909239651495230","error":""},"_links":{"self":[{"href":"https:\/\/www.europesays.com\/fi\/wp-json\/wp\/v2\/posts\/299719","targetHints":{"allow":["GET"]}}],"collection":[{"href":"https:\/\/www.europesays.com\/fi\/wp-json\/wp\/v2\/posts"}],"about":[{"href":"https:\/\/www.europesays.com\/fi\/wp-json\/wp\/v2\/types\/post"}],"author":[{"embeddable":true,"href":"https:\/\/www.europesays.com\/fi\/wp-json\/wp\/v2\/users\/2"}],"replies":[{"embeddable":true,"href":"https:\/\/www.europesays.com\/fi\/wp-json\/wp\/v2\/comments?post=299719"}],"version-history":[{"count":0,"href":"https:\/\/www.europesays.com\/fi\/wp-json\/wp\/v2\/posts\/299719\/revisions"}],"wp:featuredmedia":[{"embeddable":true,"href":"https:\/\/www.europesays.com\/fi\/wp-json\/wp\/v2\/media\/299720"}],"wp:attachment":[{"href":"https:\/\/www.europesays.com\/fi\/wp-json\/wp\/v2\/media?parent=299719"}],"wp:term":[{"taxonomy":"category","embeddable":true,"href":"https:\/\/www.europesays.com\/fi\/wp-json\/wp\/v2\/categories?post=299719"},{"taxonomy":"post_tag","embeddable":true,"href":"https:\/\/www.europesays.com\/fi\/wp-json\/wp\/v2\/tags?post=299719"}],"curies":[{"name":"wp","href":"https:\/\/api.w.org\/{rel}","templated":true}]}}