{"id":299800,"date":"2026-07-13T00:51:14","date_gmt":"2026-07-13T00:51:14","guid":{"rendered":"https:\/\/www.europesays.com\/fi\/299800\/"},"modified":"2026-07-13T00:51:14","modified_gmt":"2026-07-13T00:51:14","slug":"oliver-lindell-ei-saanut-paikkaa-the-openiin-viikonloppu-skotlannissa-jai-piippuun-urheilua-lyhyesti","status":"publish","type":"post","link":"https:\/\/www.europesays.com\/fi\/299800\/","title":{"rendered":"Oliver Lindell ei saanut paikkaa The Openiin \u2013 viikonloppu Skotlannissa j\u00e4i piippuun | Urheilua lyhyesti"},"content":{"rendered":"<p class=\"aw__sc-1qwuw0s-0 aw__sc-1vg2sqm-0 epAWpq ecELkD yle__article__paragraph\">Lindell pelasi sunnuntaina Skotlannissa heikoimman kierroksensa 72 (+2).<\/p>\n<p><img decoding=\"async\" alt=\"Oliver Lindell Euroopan kiertueen kilpailussa M\u00fcnchenissa.\" src=\"https:\/\/www.europesays.com\/fi\/wp-content\/uploads\/2026\/07\/1783276921.jpeg\" class=\"aw__sc-dklauk-0 LPzKX\"\/><\/p>\n<p>Avaa kuvien katselu<\/p>\n<p>Oliver Lindell Euroopan kiertueen kilpailussa M\u00fcnchenissa. Kuva: Luke Walker \/ Getty Images<\/p>\n<p class=\"aw__sc-1qwuw0s-0 aw__sc-ngllmo-0 epAWpq fzYpjk yle__article__paragraph\"><strong class=\"aw__sc-ngllmo-2 gdRrun yle__article__strong\">Oliver Lindell<\/strong> l\u00f6i nelj\u00e4n kierroksen mittaan tuloksen nelj\u00e4 alle par, jolla h\u00e4n jakoi 36. sijaa.<\/p>\n<p class=\"aw__sc-1qwuw0s-0 aw__sc-ngllmo-0 epAWpq fzYpjk yle__article__paragraph\">Lindell pelasi sunnuntaina Skotlannissa heikoimman kierroksensa 72 (+2).<\/p>\n<p class=\"aw__sc-1qwuw0s-0 aw__sc-ngllmo-0 epAWpq fzYpjk yle__article__paragraph\">\u2013 Hyv\u00e4 alku, ja tarkkaa tekemist\u00e4 koko etuysi aina viimeisele griinille asti, johon syntyi kolme puttia. Kympill\u00e4 l\u00e4hti avaus hihaan eik\u00e4 hein\u00e4st\u00e4 ly\u00f6ty l\u00e4hestyminen pompannut mihink\u00e4\u00e4n, ja j\u00e4i lyhyeksi, Lindell kertasi tiedotteessa.<\/p>\n<p class=\"aw__sc-1qwuw0s-0 aw__sc-ngllmo-0 epAWpq fzYpjk yle__article__paragraph\">Suomalainen joutui golfaamaan kilpailun l\u00e4pi kuumetaudin kourissa, joka kuitenkin helpotti jo sunnuntaina. Edess\u00e4 on pidempi kilpailutauko, kun paikkaa ei auennut The Openiin. Paikka olisi tullut ylt\u00e4m\u00e4ll\u00e4 niiden kolmen parhaan joukkoon, joilla ei viel\u00e4 paikkaa sinne ole.<\/p>\n<p class=\"aw__sc-1qwuw0s-0 aw__sc-ngllmo-0 epAWpq fzYpjk yle__article__paragraph\">\u2013 T\u00e4n\u00e4\u00e4n oli paikoittain tiukkoja lippuja, joihin oli vaikea ly\u00f6d\u00e4 l\u00e4helle. Suuri ongelma oli kuitenkin se, ett\u00e4 puttasin koko viikon huonosti. Todella v\u00e4synyt viikonloppu oli, lomat tuleva kyll\u00e4 nyt tarpeeseen. Jatketaan hommia sitten Tanskassa ensi kuussa, Lindell sanoi.<\/p>\n<p class=\"aw__sc-1qwuw0s-0 aw__sc-ngllmo-0 epAWpq fzYpjk yle__article__paragraph\">Skotlannin kilpailu on PGA-kiertueen ja Euroopan-kiertueen yhteiskilpailu, jossa jaetaan viimeiset paikat arvoturnaus The Openiin.<\/p>\n<p class=\"aw__sc-1qwuw0s-0 aw__sc-ngllmo-0 epAWpq fzYpjk yle__article__paragraph\"><strong class=\"aw__sc-ngllmo-2 gdRrun yle__article__strong\">Sami V\u00e4lim\u00e4ki<\/strong> on mukana The Openissa.<\/p>\n","protected":false},"excerpt":{"rendered":"Lindell pelasi sunnuntaina Skotlannissa heikoimman kierroksensa 72 (+2). Avaa kuvien katselu Oliver Lindell Euroopan kiertueen kilpailussa M\u00fcnchenissa. Kuva:&hellip;\n","protected":false},"author":2,"featured_media":299801,"comment_status":"","ping_status":"","sticky":false,"template":"","format":"standard","meta":{"footnotes":"","_share_on_mastodon":"0"},"categories":[158],"tags":[33,31,30,3978,3949,159,32,160],"class_list":["post-299800","post","type-post","status-publish","format-standard","has-post-thumbnail","category-urheilu","tag-fi","tag-finland","tag-finnish","tag-golf","tag-oliver-lindell","tag-sports","tag-suomi","tag-urheilu"],"share_on_mastodon":{"url":"https:\/\/pubeurope.com\/@fi\/116909931983012484","error":""},"_links":{"self":[{"href":"https:\/\/www.europesays.com\/fi\/wp-json\/wp\/v2\/posts\/299800","targetHints":{"allow":["GET"]}}],"collection":[{"href":"https:\/\/www.europesays.com\/fi\/wp-json\/wp\/v2\/posts"}],"about":[{"href":"https:\/\/www.europesays.com\/fi\/wp-json\/wp\/v2\/types\/post"}],"author":[{"embeddable":true,"href":"https:\/\/www.europesays.com\/fi\/wp-json\/wp\/v2\/users\/2"}],"replies":[{"embeddable":true,"href":"https:\/\/www.europesays.com\/fi\/wp-json\/wp\/v2\/comments?post=299800"}],"version-history":[{"count":0,"href":"https:\/\/www.europesays.com\/fi\/wp-json\/wp\/v2\/posts\/299800\/revisions"}],"wp:featuredmedia":[{"embeddable":true,"href":"https:\/\/www.europesays.com\/fi\/wp-json\/wp\/v2\/media\/299801"}],"wp:attachment":[{"href":"https:\/\/www.europesays.com\/fi\/wp-json\/wp\/v2\/media?parent=299800"}],"wp:term":[{"taxonomy":"category","embeddable":true,"href":"https:\/\/www.europesays.com\/fi\/wp-json\/wp\/v2\/categories?post=299800"},{"taxonomy":"post_tag","embeddable":true,"href":"https:\/\/www.europesays.com\/fi\/wp-json\/wp\/v2\/tags?post=299800"}],"curies":[{"name":"wp","href":"https:\/\/api.w.org\/{rel}","templated":true}]}}