{"id":299841,"date":"2026-07-13T02:14:23","date_gmt":"2026-07-13T02:14:23","guid":{"rendered":"https:\/\/www.europesays.com\/fi\/299841\/"},"modified":"2026-07-13T02:14:23","modified_gmt":"2026-07-13T02:14:23","slug":"aleksis-salusjarven-kolumni-jos-kapinointi-piilotetaan-lapset-pohtivat-rikollisuutta-ihannoivaa-rappia-yksin-kolumnit","status":"publish","type":"post","link":"https:\/\/www.europesays.com\/fi\/299841\/","title":{"rendered":"Aleksis Salusj\u00e4rven kolumni: Jos kapinointi piilotetaan, lapset pohtivat rikollisuutta ihannoivaa r\u00e4ppi\u00e4 yksin | Kolumnit"},"content":{"rendered":"<p class=\"aw__sc-1qwuw0s-0 aw__sc-1vg2sqm-0 epAWpq ecELkD yle__article__paragraph\">Kirjallisuus on liima, joka pit\u00e4\u00e4 yhteiskuntaa kasassa. Kun se menett\u00e4\u00e4 tehonsa, seuraa vallankumous, Salusj\u00e4rvi kirjoittaa.<\/p>\n<p><img decoding=\"async\" alt=\"Aleksis Salusj\u00e4rvi, Helsinki, 9.10.2018\" src=\"https:\/\/www.europesays.com\/fi\/wp-content\/uploads\/2026\/07\/1643808064.jpeg\" class=\"aw__sc-dklauk-0 LPzKX\"\/><\/p>\n<p>Avaa kuvien katselu<\/p>\n<p class=\"aw__sc-1qwuw0s-0 aw__sc-ngllmo-0 epAWpq fzYpjk yle__article__paragraph\"><strong class=\"aw__sc-ngllmo-2 gdRrun yle__article__strong\">Vierailin Ruotsissa G\u00e4vless\u00e4<\/strong> v\u00e4h\u00e4n sen j\u00e4lkeen, kun<a class=\"aw__sc-ngllmo-1 bTDnwX yle__article__link\" href=\"https:\/\/www.is.fi\/ulkomaat\/art-2000011541721.html\" role=\"link\" rel=\"nofollow noopener\" target=\"_blank\"> yl\u00e4asteik\u00e4inen poika<\/a> oli ampunut kaupungin keskustassa kuutta ihmist\u00e4. Jengirikollisten v\u00e4lienselvittelyn tekij\u00e4ksi oli v\u00e4rv\u00e4tty alle rikosvastuuik\u00e4inen lapsi. Lain mukaan h\u00e4nt\u00e4 ei voida rangaista teosta.<\/p>\n<p class=\"aw__sc-1qwuw0s-0 aw__sc-ngllmo-0 epAWpq fzYpjk yle__article__paragraph\">Ruotsin jengirikollisuudessa on yleist\u00e4 usuttaa lapset tekem\u00e4\u00e4n riskialtteimmat r\u00f6t\u00f6kset. Suomessakin t\u00e4llaisesta on jo <a class=\"aw__sc-ngllmo-1 bTDnwX yle__article__link\" href=\"https:\/\/www.is.fi\/kotimaa\/art-2000011763974.html\" role=\"link\" rel=\"nofollow noopener\" target=\"_blank\">viitteit\u00e4<\/a>.<\/p>\n<p class=\"aw__sc-1qwuw0s-0 aw__sc-ngllmo-0 epAWpq fzYpjk yle__article__paragraph\">G\u00e4vle on kodikas ja leppoisa pikkukaupunki Tukholmasta pohjoiseen. Koulutin kaupungin opettajia ja kirjastoty\u00f6ntekij\u00f6it\u00e4 lukutaitoty\u00f6ss\u00e4, jota t\u00e4\u00e4ll\u00e4 Suomessa teen. Opettajilla oli rankkoja kertomuksia oireilevista nuorista. Kun juttelin opetuksesta, k\u00e4vi ilmi, ett\u00e4 kukaan opettajista ei k\u00e4yt\u00e4 r\u00e4ppi\u00e4 tekstitaitojen opettamiseen.<\/p>\n<p class=\"aw__sc-1qwuw0s-0 aw__sc-ngllmo-0 epAWpq fzYpjk yle__article__paragraph\"><strong class=\"aw__sc-ngllmo-2 gdRrun yle__article__strong\">Syy on se, ett\u00e4 r\u00e4ppiartistien<\/strong>, kuten <a class=\"aw__sc-ngllmo-1 bTDnwX yle__article__link\" href=\"https:\/\/fi.wikipedia.org\/wiki\/Yasin_(rap-artisti)\" role=\"link\" rel=\"nofollow noopener\" target=\"_blank\"><strong class=\"aw__sc-ngllmo-2 gdRrun yle__article__strong\">Yasinin<\/strong><\/a>, tekstit ovat yhteiskuntavastaisia ja rikollisuutta ihannoivia. Nuoret tietenkin tuntevat riimit silti ulkoa ja imev\u00e4t niist\u00e4 sanastoa peilaamaan el\u00e4m\u00e4\u00e4ns\u00e4. R\u00e4ppi toimii heille kirjallisen kulttuurin ulkopuolisena ilmi\u00f6n\u00e4, varjokirjallisuutena, johon kirjastoissa ja kouluissa ei t\u00f6rm\u00e4\u00e4.<\/p>\n<p class=\"aw__sc-1qwuw0s-0 aw__sc-ngllmo-0 epAWpq fzYpjk yle__article__paragraph\">Kutsun t\u00e4llaisia tekstej\u00e4 kirjallisuuden ulkopuoliseksi kirjallisuudeksi. Toimiva kirjallinen kulttuuri nielee itseens\u00e4 kaiken tekstiaineiston ja antaa sille yhteiskunnallisen merkityksen.<\/p>\n<blockquote class=\"aw__sc-8ixnw9-0 BdJOj\">\n<p class=\"aw__sc-1qwuw0s-0 aw__sc-8ixnw9-1 epAWpq giPAyn\">Seurauksena l\u00e4hi\u00f6iden kolmasluokkalaiset tekev\u00e4t k\u00e4sity\u00f6tunnilla liimapuusta Glockeja.<\/p>\n<\/blockquote>\n<p class=\"aw__sc-1qwuw0s-0 aw__sc-ngllmo-0 epAWpq fzYpjk yle__article__paragraph\"><strong class=\"aw__sc-ngllmo-2 gdRrun yle__article__strong\">Varjokirjallisuuden ongelma on<\/strong> se, ett\u00e4 ilman julkista vastaanottoa ei k\u00e4yd\u00e4 keskustelua siit\u00e4, mit\u00e4 se tarkalleen ottaen pit\u00e4\u00e4 sis\u00e4ll\u00e4\u00e4n. Lapset pohtivat n\u00e4it\u00e4 juttuja itsekseen. Sen seurauksena l\u00e4hi\u00f6iden kolmasluokkalaiset tekev\u00e4t k\u00e4sity\u00f6tunnilla liimapuusta Glockeja, joilla he opettelevat ammuskelua.<\/p>\n<p class=\"aw__sc-1qwuw0s-0 aw__sc-ngllmo-0 epAWpq fzYpjk yle__article__paragraph\">G\u00e4vlen esimerkki paljastaa, miten lohduttomiin tilanteisiin jotkut heist\u00e4 p\u00e4\u00e4tyv\u00e4t. Jengiel\u00e4m\u00e4n keskell\u00e4 Yasin pilkkaa lyriikoissaan kansankotia. Se n\u00e4ytt\u00e4\u00e4 h\u00e4nelle ylh\u00e4\u00e4lt\u00e4 alas kaadetulta teeskentelylt\u00e4 ja tapakulttuurilta, josta ei h\u00e4nen kuppiinsa ole tullut pisaraakaan. H\u00e4nen johtop\u00e4\u00e4t\u00f6ksens\u00e4 on, ett\u00e4 kovassa maailmassa p\u00e4rj\u00e4\u00e4 kovuudella ja ett\u00e4 v\u00e4\u00e4ryys kannattaa maksaa pahuudella.<\/p>\n<p class=\"aw__sc-1qwuw0s-0 aw__sc-ngllmo-0 epAWpq fzYpjk yle__article__paragraph\"><strong class=\"aw__sc-ngllmo-2 gdRrun yle__article__strong\">Yhteiskuntatieteiss\u00e4 on yleinen havainto<\/strong>, ett\u00e4 vallankumous syntyy, kun instituutiot eiv\u00e4t en\u00e4\u00e4 kykene vastaamaan niille asetettuihin haasteisiin. Kirjallisuudessa t\u00e4llainen vallankumouksen siemen n\u00e4ytt\u00e4ytyy juuri jengir\u00e4pin muodossa. Kun sivistyst\u00e4 yll\u00e4pit\u00e4v\u00e4t instituutiot, kuten koulut ja kirjastot, eiv\u00e4t noteeraa edes suosituimpia artisteja, moni nuori ajattelee kirjallisuuden olevan normatiivista.<\/p>\n<blockquote class=\"aw__sc-8ixnw9-0 BdJOj\">\n<p class=\"aw__sc-1qwuw0s-0 aw__sc-8ixnw9-1 epAWpq giPAyn\">Vallankumous syntyy, kun instituutiot eiv\u00e4t en\u00e4\u00e4 kykene vastaamaan niille asetettuihin haasteisiin.<\/p>\n<\/blockquote>\n<p class=\"aw__sc-1qwuw0s-0 aw__sc-ngllmo-0 epAWpq fzYpjk yle__article__paragraph\">T\u00e4ss\u00e4 tapahtuu helposti kaksinkertainen vahinko: Ensinn\u00e4kin koulussa alisuoriutuva nuori saattaa olla r\u00e4pin ansiosta tekstitaidoiltaan lahjakas, mik\u00e4 ei yleens\u00e4 tule ilmi muussa opetuksessa. Toiseksi kukaan ei haasta h\u00e4nt\u00e4 t\u00e4m\u00e4n tekstimaailman sis\u00e4ll\u00f6ist\u00e4. Se on kuin katsoisi joka p\u00e4iv\u00e4 sotaelokuvia miettim\u00e4tt\u00e4 niiden suhdetta militarismiin.<\/p>\n<p class=\"aw__sc-1qwuw0s-0 aw__sc-ngllmo-0 epAWpq fzYpjk yle__article__paragraph\"><strong class=\"aw__sc-ngllmo-2 gdRrun yle__article__strong\">Suomenkielisess\u00e4 r\u00e4ppimaailmassa<\/strong> elet\u00e4\u00e4n kiintoisia aikoja juuri t\u00e4ss\u00e4 suhteessa. Yhteiskuntavastaista r\u00e4ppi\u00e4 on meill\u00e4 melko v\u00e4h\u00e4n, ja nuoret osaavat olla my\u00f6s kriittisi\u00e4 sit\u00e4 kohtaan. Silti Suomessakin on <a class=\"aw__sc-ngllmo-1 bTDnwX yle__article__link\" href=\"https:\/\/www.hs.fi\/kuukausiliite\/art-2000009274303.html\" role=\"link\" rel=\"nofollow noopener\" target=\"_blank\">artisteja<\/a>, joille rikollisuus ei ole vierasta. Heid\u00e4n tekstins\u00e4 eiv\u00e4t saa juurikaan julkista vastaanottoa. Siksi meill\u00e4kin on n\u00e4k\u00f6piiriss\u00e4 tilanne, ett\u00e4 syntyy varjokirjallisuus, jota nuoret opiskelevat yksin.<\/p>\n<p class=\"aw__sc-1qwuw0s-0 aw__sc-ngllmo-0 epAWpq fzYpjk yle__article__paragraph\"><strong class=\"aw__sc-ngllmo-2 gdRrun yle__article__strong\">Per\u00e4st\u00e4p\u00e4in koloja on vaikea tilkit\u00e4<\/strong>, sill\u00e4 artisteista kasvaa nopeasti martyrologia, joka ilment\u00e4\u00e4 rikollisuutta alakulttuurina ja luokkataisteluna. Juuri n\u00e4in n\u00e4ytt\u00e4\u00e4 Ruotsissa k\u00e4yneen. Nuorisojengit toimivat ik\u00e4\u00e4n kuin omana yhteiskuntaluokkana sille v\u00e4hemmist\u00f6lle, joka katsoo maailmaa ulkopuolisen silmin.<\/p>\n<p class=\"aw__sc-1qwuw0s-0 aw__sc-ngllmo-0 epAWpq fzYpjk yle__article__paragraph\">Mit\u00e4 isommaksi kirjallisuuden ulkopuolinen kirjallisuus kasvaa, sit\u00e4 merkitt\u00e4v\u00e4mmin se muovaa kaikkea kulttuuria ymp\u00e4rill\u00e4\u00e4n. Hyv\u00e4\u00e4n yleissivistykseen kuuluu r\u00e4ppilyriikan tuntemus, ilman sit\u00e4 voi olla vaikeaa n\u00e4hd\u00e4 maailmaa el\u00e4m\u00e4ss\u00e4 eksyneen nuoren silmin.<\/p>\n<p class=\"aw__sc-1qwuw0s-0 aw__sc-ngllmo-0 epAWpq fzYpjk yle__article__paragraph\">Aleksis Salusj\u00e4rvi<\/p>\n<p class=\"aw__sc-1qwuw0s-0 aw__sc-ngllmo-0 epAWpq fzYpjk yle__article__paragraph\">Kirjoittaja on helsinkil\u00e4inen kirjallisuuden ammattilainen ja kouluttaja, joka opettaa lukutaitoa eloonj\u00e4\u00e4mistaitona hankaluuksiin ajautuneille nuorille.<\/p>\n","protected":false},"excerpt":{"rendered":"Kirjallisuus on liima, joka pit\u00e4\u00e4 yhteiskuntaa kasassa. Kun se menett\u00e4\u00e4 tehonsa, seuraa vallankumous, Salusj\u00e4rvi kirjoittaa. Avaa kuvien katselu&hellip;\n","protected":false},"author":2,"featured_media":299842,"comment_status":"","ping_status":"","sticky":false,"template":"","format":"standard","meta":{"footnotes":"","_share_on_mastodon":"0"},"categories":[14],"tags":[39295,22,23,26,27,33,31,30,17,13993,379,778,4066,100,24,25,28,29,15,814,39296,7389,18,21,813,110,32,19,20,56,16,40,59,60,61],"class_list":["post-299841","post","type-post","status-publish","format-standard","has-post-thumbnail","category-ulkomaat","tag-aleksis-salusjarvi","tag-breaking-news","tag-breakingnews","tag-featured-news","tag-featurednews","tag-fi","tag-finland","tag-finnish","tag-headlines","tag-jengit","tag-kirjallisuus","tag-kolumnit","tag-kolumnit-yle-radio-1","tag-lapset-ja-nuoret","tag-latest-news","tag-latestnews","tag-main-news","tag-mainnews","tag-news","tag-nuoret","tag-nuorisokulttuuri","tag-nuoruus","tag-otsikot","tag-paauutiset","tag-rikollisuus","tag-ruotsi","tag-suomi","tag-top-stories","tag-topstories","tag-ulkomaat","tag-uutiset","tag-vakivalta","tag-world","tag-world-news","tag-worldnews"],"share_on_mastodon":{"url":"","error":"Validation failed: Text character limit of 500 exceeded"},"_links":{"self":[{"href":"https:\/\/www.europesays.com\/fi\/wp-json\/wp\/v2\/posts\/299841","targetHints":{"allow":["GET"]}}],"collection":[{"href":"https:\/\/www.europesays.com\/fi\/wp-json\/wp\/v2\/posts"}],"about":[{"href":"https:\/\/www.europesays.com\/fi\/wp-json\/wp\/v2\/types\/post"}],"author":[{"embeddable":true,"href":"https:\/\/www.europesays.com\/fi\/wp-json\/wp\/v2\/users\/2"}],"replies":[{"embeddable":true,"href":"https:\/\/www.europesays.com\/fi\/wp-json\/wp\/v2\/comments?post=299841"}],"version-history":[{"count":0,"href":"https:\/\/www.europesays.com\/fi\/wp-json\/wp\/v2\/posts\/299841\/revisions"}],"wp:featuredmedia":[{"embeddable":true,"href":"https:\/\/www.europesays.com\/fi\/wp-json\/wp\/v2\/media\/299842"}],"wp:attachment":[{"href":"https:\/\/www.europesays.com\/fi\/wp-json\/wp\/v2\/media?parent=299841"}],"wp:term":[{"taxonomy":"category","embeddable":true,"href":"https:\/\/www.europesays.com\/fi\/wp-json\/wp\/v2\/categories?post=299841"},{"taxonomy":"post_tag","embeddable":true,"href":"https:\/\/www.europesays.com\/fi\/wp-json\/wp\/v2\/tags?post=299841"}],"curies":[{"name":"wp","href":"https:\/\/api.w.org\/{rel}","templated":true}]}}